{"id":49347,"date":"2014-07-28T09:52:56","date_gmt":"2014-07-28T13:52:56","guid":{"rendered":"http:\/\/www.eltrabajo.cl\/portal\/?p=49347"},"modified":"2014-07-28T09:52:56","modified_gmt":"2014-07-28T13:52:56","slug":"con-estocada-al-pecho-rata-messi-asesina-a-conocido-rugbista","status":"publish","type":"post","link":"https:\/\/eltrabajo.cl\/portal\/con-estocada-al-pecho-rata-messi-asesina-a-conocido-rugbista\/","title":{"rendered":"Con estocada al pecho \u2018Rata Messi\u2019 asesina a conocido rugbista"},"content":{"rendered":"<figure id=\"attachment_49348\" aria-describedby=\"caption-attachment-49348\" style=\"width: 317px\" class=\"wp-caption alignleft\"><a href=\"https:\/\/i0.wp.com\/www.eltrabajo.cl\/portal\/wp-content\/uploads\/2014\/07\/Danilo11.jpg\"><img data-recalc-dims=\"1\" loading=\"lazy\" decoding=\"async\" class=\" wp-image-49348 \" alt=\"NOS DEJ\u00d3.- Danilo Olivares Zamora, de 36 a\u00f1os, fue asesinado luego de sostener una confusa ri\u00f1a en la v\u00eda p\u00fablica de Llay Llay. \" src=\"https:\/\/i0.wp.com\/www.eltrabajo.cl\/portal\/wp-content\/uploads\/2014\/07\/Danilo11.jpg?resize=317%2C356\" width=\"317\" height=\"356\" srcset=\"https:\/\/i0.wp.com\/eltrabajo.cl\/portal\/wp-content\/uploads\/2014\/07\/Danilo11.jpg?w=529&amp;ssl=1 529w, https:\/\/i0.wp.com\/eltrabajo.cl\/portal\/wp-content\/uploads\/2014\/07\/Danilo11.jpg?resize=133%2C150&amp;ssl=1 133w, https:\/\/i0.wp.com\/eltrabajo.cl\/portal\/wp-content\/uploads\/2014\/07\/Danilo11.jpg?resize=267%2C300&amp;ssl=1 267w, https:\/\/i0.wp.com\/eltrabajo.cl\/portal\/wp-content\/uploads\/2014\/07\/Danilo11.jpg?resize=400%2C449&amp;ssl=1 400w\" sizes=\"auto, (max-width: 317px) 100vw, 317px\" \/><\/a><figcaption id=\"caption-attachment-49348\" class=\"wp-caption-text\">NOS DEJ\u00d3.- Danilo Olivares Zamora, de 36 a\u00f1os, fue asesinado luego de sostener una confusa ri\u00f1a en la v\u00eda p\u00fablica de Llay Llay.<\/figcaption><\/figure>\n<p>En la intersecci\u00f3n de Avenida Balmaceda con Ignacio Carrera Pinto, en la comuna de Llay Llay, a eso de las 05:00 horas del pasado s\u00e1bado, falleci\u00f3 Danilo Olivares Zamora, de 36 a\u00f1os de edad, a consecuencia de una certera estocada a la altura del coraz\u00f3n, propinada por Camilo Mart\u00ednez Fern\u00e1ndez tras sostener una aparente ri\u00f1a en la comuna de Llay Llay.<\/p>\n<p><strong>\u00a0LOS HECHOS<\/strong><\/p>\n<p>Seg\u00fan los hechos dados a conocer en la Audiencia de Formalizaci\u00f3n, la v\u00edctima Danilo Olivares se encontraba en dicha intersecci\u00f3n, en un paradero, a la espera de un taxi para dirigirse hasta su domicilio junto a un amigo, luego de haber estado en un local bebiendo alcohol cerca de las 04:30 horas.<\/p>\n<p>En esos momentos fueron abordados por el ahora imputado Mart\u00ednez Fern\u00e1ndez, quien transitaba por ese lugar junto a un amigo, quienes previamente estuvieron bebiendo vino a un costado de la ex-estaci\u00f3n de trenes.<\/p>\n<p><strong>CORRE LA SANGRE<\/strong><\/p>\n<p>Tras un intercambio de palabras entre estas cuatro personas, se habr\u00eda originado un altercado que deriv\u00f3 en una ri\u00f1a de pies y pu\u00f1os. Los testimonios apuntan a que Mart\u00ednez sac\u00f3 entre sus vestimentas una cuchilla tipo mariposa, misma que clav\u00f3 sobre el t\u00f3rax con un movimiento hacia arriba hacia el cuerpo de Olivares, quien se desplom\u00f3 sobre el suelo perdiendo la vida a los pocos minutos.<\/p>\n<p>En tanto, el amigo de la v\u00edctima sufri\u00f3 algunos cortes en su cara a causa que su contrincante us\u00f3 latas cortadas de cervezas, quedando adem\u00e1s inconsciente por unos minutos luego de recibir violentos golpes de pu\u00f1o sobre su cabeza. Al recobrar la conciencia observ\u00f3 a su amigo Danilo tendido en el piso y agonizando, con una herida en el pecho cubierto de sangre, por lo que requiri\u00f3 a un transe\u00fante que llamara a la ambulancia y Carabineros.<\/p>\n<p>Cabe mencionar que durante el enfrentamiento intervino un transe\u00fante, que de acuerdo a su declaraci\u00f3n trat\u00f3 de controlar los enfrentamientos, transform\u00e1ndose en un testigo clave para la investigaci\u00f3n del caso, sindicando como autor del crimen a Camilo Mart\u00ednez Fern\u00e1ndez, m\u00e1s conocido como \u2018El Rata Messi\u2019, quien escapaba hacia su domicilio.<\/p>\n<p>En tanto, personal de Carabineros logr\u00f3 capturar al imputado minutos m\u00e1s tarde, observando las manchas de sangre que manten\u00eda en sus vestimentas y en sus manos. El arma homicida fue hallada en el patio de una vivienda a 500 metros del lugar de los hechos, la que est\u00e1 siendo periciada por la Polic\u00eda para recoger muestras de ADN.<\/p>\n<p><strong>\u00a0CONFES\u00d3 CRIMEN<\/strong><\/p>\n<p>Mart\u00ednez al ser consultado por la Polic\u00eda de Investigaciones, asegur\u00f3 conocer a la v\u00edctima solamente de vista, porque trabajaron juntos en una obra, descartando rencillas anteriores y que la ri\u00f1a se produjo en el momento producto del consumo de alcohol, agregando que us\u00f3 su cuchillo para defenderse de los golpes ocasionados.<\/p>\n<p>Los informes preliminares al cuerpo de Olivares indican que presenta una herida punzo-cortante de 2 cent\u00edmetros de largo, heridas de defensa en sus manos y erosiones en distintas partes de su cuerpo, producto de los golpes al caer al suelo.<\/p>\n<p>Al conocerse su deceso en la comuna de Llay Llay, las primeras condolencias las expresaron sus familiares y amigos en el perfil de Facebook de Danilo, \u2018El Huaso\u2019, como cari\u00f1osamente lo llamaban, destac\u00e1ndolo como un gran compa\u00f1ero y ex-alumno del Colegio Pumanque de San Felipe, padre de una peque\u00f1a ni\u00f1a, reconociendo su importante desempe\u00f1o deportivo en el Club de Rugby Traikanes, donde demostr\u00f3 su pasi\u00f3n por este deporte como tambi\u00e9n en sus labores en Tienda Sodimac.<\/p>\n<p><strong>DOLOR EN LAS\u00a0REDES SOCIALES<\/strong><\/p>\n<p>\u00abAmigo, eres como un hermano para m\u00ed, una gran persona, siempre preocupado de tu familia, de tu madre, tantas aventuras, secretos de amigos que te llevas al cielo, s\u00f3lo te pido y s\u00e9 que lo har\u00e1s, que ilumines a tu peque\u00f1a, a tu mujer, te quiero mi hermano, no me despedir\u00e9 de ti, porque siempre estaremos juntos\u00bb, escribi\u00f3 en Facebook, uno de los mejores amigos de Danilo, quien hoy llora su triste partida.<\/p>\n<p><strong>FUE FORMALIZADO<\/strong><\/p>\n<p>En horas de la ma\u00f1ana de ayer domingo, Camilo Mart\u00ednez Fern\u00e1ndez, quien posee antecedentes policiales por Desacato, Amenazas y Lesiones graves, fue formalizado por el delito de Homicidio Simple por el Fiscal Osvaldo Basso, quien requiri\u00f3 ante la Jueza Roc\u00edo Oscariz Collarte la cautelar de Prisi\u00f3n Preventiva, por representar un peligro para la sociedad y un peligro de fuga ante una eventual condena privativa de libertad, la cual fue acogida por el tribunal.<\/p>\n<p>\u00abSe expusieron los antecedentes recopilados por la Brigada de Homicidios de la Polic\u00eda de Investigaciones y el Ministerio P\u00fablico. A la luz de los contundentes antecedentes solicit\u00e9 la medida cautelar de Prisi\u00f3n Preventiva decretada por el tribunal por el plazo de 90 d\u00edas. Las penas del Homicidio Simple parten de cinco a\u00f1os y un d\u00eda a 15 a\u00f1os de presidio\u00bb, precis\u00f3 el Fiscal Basso.<\/p>\n<p>Danilo Olivares Zamora ser\u00e1 despedido al mediod\u00eda de hoy lunes en el Cementerio Parque El Almendral de La Troya en San Felipe, donde descansar\u00e1 en paz.<\/p>\n<p>Pablo Salinas Sald\u00edas<\/p>\n<div class=\"tiled-gallery type-rectangular tiled-gallery-unresized\" data-original-width=\"640\" data-carousel-extra='null' itemscope itemtype=\"http:\/\/schema.org\/ImageGallery\" > <div class=\"gallery-row\" style=\"width: 640px; height: 529px;\" data-original-width=\"640\" data-original-height=\"529\" > <div class=\"gallery-group images-3\" style=\"width: 240px; height: 529px;\" data-original-width=\"240\" data-original-height=\"529\" > <div class=\"tiled-gallery-item tiled-gallery-item-small\" itemprop=\"associatedMedia\" itemscope itemtype=\"http:\/\/schema.org\/ImageObject\"> <a href=\"https:\/\/eltrabajo.cl\/portal\/con-estocada-al-pecho-rata-messi-asesina-a-conocido-rugbista\/asesino1\/\" border=\"0\" itemprop=\"url\"> <meta itemprop=\"width\" content=\"236\"> <meta itemprop=\"height\" content=\"173\"> <img decoding=\"async\" class=\"\" data-attachment-id=\"49349\" data-orig-file=\"https:\/\/eltrabajo.cl\/portal\/wp-content\/uploads\/2014\/07\/Asesino1.jpg\" data-orig-size=\"529,388\" data-comments-opened=\"1\" data-image-meta=\"{&quot;aperture&quot;:&quot;0&quot;,&quot;credit&quot;:&quot;&quot;,&quot;camera&quot;:&quot;&quot;,&quot;caption&quot;:&quot;&quot;,&quot;created_timestamp&quot;:&quot;0&quot;,&quot;copyright&quot;:&quot;&quot;,&quot;focal_length&quot;:&quot;0&quot;,&quot;iso&quot;:&quot;0&quot;,&quot;shutter_speed&quot;:&quot;0&quot;,&quot;title&quot;:&quot;&quot;}\" data-image-title=\"Asesino1\" data-image-description=\"&lt;p&gt;\u2018RATAMESI\u2019 CAPTURADO.- Camilo Mart\u00ednez Fern\u00e1ndez apodado \u2018El Ratamesi\u2019, confes\u00f3 su crimen ante la Polic\u00eda, por lo cual fue dejado en Prisi\u00f3n Preventiva por un plazo de 90 d\u00edas mientras la Fiscal\u00eda investiga el Homicidio Simple.&lt;\/p&gt; \" data-medium-file=\"https:\/\/i0.wp.com\/eltrabajo.cl\/portal\/wp-content\/uploads\/2014\/07\/Asesino1.jpg?fit=300%2C220&#038;ssl=1\" data-large-file=\"https:\/\/i0.wp.com\/eltrabajo.cl\/portal\/wp-content\/uploads\/2014\/07\/Asesino1.jpg?fit=529%2C388&#038;ssl=1\" src=\"https:\/\/i0.wp.com\/eltrabajo.cl\/portal\/wp-content\/uploads\/2014\/07\/Asesino1.jpg?w=236&#038;h=173&#038;ssl=1\" srcset=\"https:\/\/i0.wp.com\/eltrabajo.cl\/portal\/wp-content\/uploads\/2014\/07\/Asesino1.jpg?w=529&amp;ssl=1 529w, https:\/\/i0.wp.com\/eltrabajo.cl\/portal\/wp-content\/uploads\/2014\/07\/Asesino1.jpg?resize=200%2C146&amp;ssl=1 200w, https:\/\/i0.wp.com\/eltrabajo.cl\/portal\/wp-content\/uploads\/2014\/07\/Asesino1.jpg?resize=300%2C220&amp;ssl=1 300w, https:\/\/i0.wp.com\/eltrabajo.cl\/portal\/wp-content\/uploads\/2014\/07\/Asesino1.jpg?resize=150%2C110&amp;ssl=1 150w, https:\/\/i0.wp.com\/eltrabajo.cl\/portal\/wp-content\/uploads\/2014\/07\/Asesino1.jpg?resize=400%2C293&amp;ssl=1 400w\" width=\"236\" height=\"173\" loading=\"lazy\" data-original-width=\"236\" data-original-height=\"173\" itemprop=\"http:\/\/schema.org\/image\" title=\"Asesino1\" alt=\"\u2018RATAMESI\u2019 CAPTURADO.- Camilo Mart\u00ednez Fern\u00e1ndez apodado \u2018El Ratamesi\u2019, confes\u00f3 su crimen ante la Polic\u00eda, por lo cual fue dejado en Prisi\u00f3n Preventiva por un plazo de 90 d\u00edas mientras la Fiscal\u00eda investiga el Homicidio Simple.\" style=\"width: 236px; height: 173px;\" \/> <\/a> <div class=\"tiled-gallery-caption\" itemprop=\"caption description\"> \u2018RATAMESI\u2019 CAPTURADO.- Camilo Mart\u00ednez Fern\u00e1ndez apodado \u2018El Ratamesi\u2019, confes\u00f3 su crimen ante la Polic\u00eda, por lo cual fue dejado en Prisi\u00f3n Preventiva por un plazo de 90 d\u00edas mientras la Fiscal\u00eda investiga el Homicidio Simple. <\/div> <\/div> <div class=\"tiled-gallery-item tiled-gallery-item-small\" itemprop=\"associatedMedia\" itemscope itemtype=\"http:\/\/schema.org\/ImageObject\"> <a href=\"https:\/\/eltrabajo.cl\/portal\/con-estocada-al-pecho-rata-messi-asesina-a-conocido-rugbista\/cuerpo1-4\/\" border=\"0\" itemprop=\"url\"> <meta itemprop=\"width\" content=\"236\"> <meta itemprop=\"height\" content=\"172\"> <img decoding=\"async\" class=\"\" data-attachment-id=\"49350\" data-orig-file=\"https:\/\/eltrabajo.cl\/portal\/wp-content\/uploads\/2014\/07\/Cuerpo1.jpg\" data-orig-size=\"529,388\" data-comments-opened=\"1\" data-image-meta=\"{&quot;aperture&quot;:&quot;0&quot;,&quot;credit&quot;:&quot;&quot;,&quot;camera&quot;:&quot;&quot;,&quot;caption&quot;:&quot;&quot;,&quot;created_timestamp&quot;:&quot;0&quot;,&quot;copyright&quot;:&quot;&quot;,&quot;focal_length&quot;:&quot;0&quot;,&quot;iso&quot;:&quot;0&quot;,&quot;shutter_speed&quot;:&quot;0&quot;,&quot;title&quot;:&quot;&quot;}\" data-image-title=\"Cuerpo1\" data-image-description=\"&lt;p&gt;SIN VIDA.- El cuerpo sin vida qued\u00f3 tendido en el paradero, un sangriento cap\u00edtulo que tiene desolados a cientos de personas en el Valle de Aconcagua.&lt;\/p&gt; \" data-medium-file=\"https:\/\/i0.wp.com\/eltrabajo.cl\/portal\/wp-content\/uploads\/2014\/07\/Cuerpo1.jpg?fit=300%2C220&#038;ssl=1\" data-large-file=\"https:\/\/i0.wp.com\/eltrabajo.cl\/portal\/wp-content\/uploads\/2014\/07\/Cuerpo1.jpg?fit=529%2C388&#038;ssl=1\" src=\"https:\/\/i0.wp.com\/eltrabajo.cl\/portal\/wp-content\/uploads\/2014\/07\/Cuerpo1.jpg?w=236&#038;h=172&#038;ssl=1\" srcset=\"https:\/\/i0.wp.com\/eltrabajo.cl\/portal\/wp-content\/uploads\/2014\/07\/Cuerpo1.jpg?w=529&amp;ssl=1 529w, https:\/\/i0.wp.com\/eltrabajo.cl\/portal\/wp-content\/uploads\/2014\/07\/Cuerpo1.jpg?resize=200%2C146&amp;ssl=1 200w, https:\/\/i0.wp.com\/eltrabajo.cl\/portal\/wp-content\/uploads\/2014\/07\/Cuerpo1.jpg?resize=300%2C220&amp;ssl=1 300w, https:\/\/i0.wp.com\/eltrabajo.cl\/portal\/wp-content\/uploads\/2014\/07\/Cuerpo1.jpg?resize=150%2C110&amp;ssl=1 150w, https:\/\/i0.wp.com\/eltrabajo.cl\/portal\/wp-content\/uploads\/2014\/07\/Cuerpo1.jpg?resize=400%2C293&amp;ssl=1 400w\" width=\"236\" height=\"172\" loading=\"lazy\" data-original-width=\"236\" data-original-height=\"172\" itemprop=\"http:\/\/schema.org\/image\" title=\"Cuerpo1\" alt=\"SIN VIDA.- El cuerpo sin vida qued\u00f3 tendido en el paradero, un sangriento cap\u00edtulo que tiene desolados a cientos de personas en el Valle de Aconcagua.\" style=\"width: 236px; height: 172px;\" \/> <\/a> <div class=\"tiled-gallery-caption\" itemprop=\"caption description\"> SIN VIDA.- El cuerpo sin vida qued\u00f3 tendido en el paradero, un sangriento cap\u00edtulo que tiene desolados a cientos de personas en el Valle de Aconcagua. <\/div> <\/div> <div class=\"tiled-gallery-item tiled-gallery-item-small\" itemprop=\"associatedMedia\" itemscope itemtype=\"http:\/\/schema.org\/ImageObject\"> <a href=\"https:\/\/eltrabajo.cl\/portal\/con-estocada-al-pecho-rata-messi-asesina-a-conocido-rugbista\/apasionadodanilo\/\" border=\"0\" itemprop=\"url\"> <meta itemprop=\"width\" content=\"236\"> <meta itemprop=\"height\" content=\"172\"> <img decoding=\"async\" class=\"\" data-attachment-id=\"49351\" data-orig-file=\"https:\/\/eltrabajo.cl\/portal\/wp-content\/uploads\/2014\/07\/ApasionadoDanilo.jpg\" data-orig-size=\"529,386\" data-comments-opened=\"1\" data-image-meta=\"{&quot;aperture&quot;:&quot;0&quot;,&quot;credit&quot;:&quot;&quot;,&quot;camera&quot;:&quot;&quot;,&quot;caption&quot;:&quot;&quot;,&quot;created_timestamp&quot;:&quot;0&quot;,&quot;copyright&quot;:&quot;&quot;,&quot;focal_length&quot;:&quot;0&quot;,&quot;iso&quot;:&quot;0&quot;,&quot;shutter_speed&quot;:&quot;0&quot;,&quot;title&quot;:&quot;&quot;}\" data-image-title=\"ApasionadoDanilo\" data-image-description=\"&lt;p&gt;DEPORTISTA APASIONADO.- Danilo era un apasionado rugbista como lo muestra esta gr\u00e1fica, un deportista, amigo de todos y quien ahora no est\u00e1 en este mundo.&lt;\/p&gt; \" data-medium-file=\"https:\/\/i0.wp.com\/eltrabajo.cl\/portal\/wp-content\/uploads\/2014\/07\/ApasionadoDanilo.jpg?fit=300%2C218&#038;ssl=1\" data-large-file=\"https:\/\/i0.wp.com\/eltrabajo.cl\/portal\/wp-content\/uploads\/2014\/07\/ApasionadoDanilo.jpg?fit=529%2C386&#038;ssl=1\" src=\"https:\/\/i0.wp.com\/eltrabajo.cl\/portal\/wp-content\/uploads\/2014\/07\/ApasionadoDanilo.jpg?w=236&#038;h=172&#038;ssl=1\" srcset=\"https:\/\/i0.wp.com\/eltrabajo.cl\/portal\/wp-content\/uploads\/2014\/07\/ApasionadoDanilo.jpg?w=529&amp;ssl=1 529w, https:\/\/i0.wp.com\/eltrabajo.cl\/portal\/wp-content\/uploads\/2014\/07\/ApasionadoDanilo.jpg?resize=200%2C145&amp;ssl=1 200w, https:\/\/i0.wp.com\/eltrabajo.cl\/portal\/wp-content\/uploads\/2014\/07\/ApasionadoDanilo.jpg?resize=300%2C218&amp;ssl=1 300w, https:\/\/i0.wp.com\/eltrabajo.cl\/portal\/wp-content\/uploads\/2014\/07\/ApasionadoDanilo.jpg?resize=150%2C109&amp;ssl=1 150w, https:\/\/i0.wp.com\/eltrabajo.cl\/portal\/wp-content\/uploads\/2014\/07\/ApasionadoDanilo.jpg?resize=400%2C291&amp;ssl=1 400w\" width=\"236\" height=\"172\" loading=\"lazy\" data-original-width=\"236\" data-original-height=\"172\" itemprop=\"http:\/\/schema.org\/image\" title=\"ApasionadoDanilo\" alt=\"DEPORTISTA APASIONADO.- Danilo era un apasionado rugbista como lo muestra esta gr\u00e1fica, un deportista, amigo de todos y quien ahora no est\u00e1 en este mundo.\" style=\"width: 236px; height: 172px;\" \/> <\/a> <div class=\"tiled-gallery-caption\" itemprop=\"caption description\"> DEPORTISTA APASIONADO.- Danilo era un apasionado rugbista como lo muestra esta gr\u00e1fica, un deportista, amigo de todos y quien ahora no est\u00e1 en este mundo. <\/div> <\/div> <\/div> <!-- close group --> <div class=\"gallery-group images-1\" style=\"width: 400px; height: 529px;\" data-original-width=\"400\" data-original-height=\"529\" > <div class=\"tiled-gallery-item tiled-gallery-item-large\" itemprop=\"associatedMedia\" itemscope itemtype=\"http:\/\/schema.org\/ImageObject\"> <a href=\"https:\/\/eltrabajo.cl\/portal\/con-estocada-al-pecho-rata-messi-asesina-a-conocido-rugbista\/fiscal-basso-7\/\" border=\"0\" itemprop=\"url\"> <meta itemprop=\"width\" content=\"396\"> <meta itemprop=\"height\" content=\"525\"> <img decoding=\"async\" class=\"\" data-attachment-id=\"49352\" data-orig-file=\"https:\/\/eltrabajo.cl\/portal\/wp-content\/uploads\/2014\/07\/Fiscal-Basso1.jpg\" data-orig-size=\"529,701\" data-comments-opened=\"1\" data-image-meta=\"{&quot;aperture&quot;:&quot;2.4&quot;,&quot;credit&quot;:&quot;&quot;,&quot;camera&quot;:&quot;iPhone 5&quot;,&quot;caption&quot;:&quot;&quot;,&quot;created_timestamp&quot;:&quot;1406463650&quot;,&quot;copyright&quot;:&quot;&quot;,&quot;focal_length&quot;:&quot;4.12&quot;,&quot;iso&quot;:&quot;50&quot;,&quot;shutter_speed&quot;:&quot;0.0014388489208633&quot;,&quot;title&quot;:&quot;&quot;}\" data-image-title=\"Fiscal Basso\" data-image-description=\"&lt;p&gt;El Fiscal Osvaldo Basso formaliz\u00f3 al imputado por Homicidio Simple.&lt;\/p&gt; \" data-medium-file=\"https:\/\/i0.wp.com\/eltrabajo.cl\/portal\/wp-content\/uploads\/2014\/07\/Fiscal-Basso1.jpg?fit=226%2C300&#038;ssl=1\" data-large-file=\"https:\/\/i0.wp.com\/eltrabajo.cl\/portal\/wp-content\/uploads\/2014\/07\/Fiscal-Basso1.jpg?fit=529%2C701&#038;ssl=1\" src=\"https:\/\/i0.wp.com\/eltrabajo.cl\/portal\/wp-content\/uploads\/2014\/07\/Fiscal-Basso1.jpg?w=396&#038;h=525&#038;ssl=1\" srcset=\"https:\/\/i0.wp.com\/eltrabajo.cl\/portal\/wp-content\/uploads\/2014\/07\/Fiscal-Basso1.jpg?w=529&amp;ssl=1 529w, https:\/\/i0.wp.com\/eltrabajo.cl\/portal\/wp-content\/uploads\/2014\/07\/Fiscal-Basso1.jpg?resize=113%2C150&amp;ssl=1 113w, https:\/\/i0.wp.com\/eltrabajo.cl\/portal\/wp-content\/uploads\/2014\/07\/Fiscal-Basso1.jpg?resize=226%2C300&amp;ssl=1 226w, https:\/\/i0.wp.com\/eltrabajo.cl\/portal\/wp-content\/uploads\/2014\/07\/Fiscal-Basso1.jpg?resize=400%2C530&amp;ssl=1 400w\" width=\"396\" height=\"525\" loading=\"lazy\" data-original-width=\"396\" data-original-height=\"525\" itemprop=\"http:\/\/schema.org\/image\" title=\"Fiscal Basso\" alt=\"El Fiscal Osvaldo Basso formaliz\u00f3 al imputado por Homicidio Simple.\" style=\"width: 396px; height: 525px;\" \/> <\/a> <div class=\"tiled-gallery-caption\" itemprop=\"caption description\"> El Fiscal Osvaldo Basso formaliz\u00f3 al imputado por Homicidio Simple. <\/div> <\/div> <\/div> <!-- close group --> <\/div> <!-- close row --> <\/div>\n","protected":false},"excerpt":{"rendered":"<p>En la intersecci\u00f3n de Avenida Balmaceda con Ignacio Carrera Pinto, en la comuna de Llay Llay, a eso de las 05:00 horas del pasado s\u00e1bado, falleci\u00f3 Danilo Olivares Zamora, de 36 a\u00f1os&#8230;<\/p>\n","protected":false},"author":482,"featured_media":49348,"comment_status":"open","ping_status":"closed","sticky":false,"template":"","format":"standard","meta":{"advanced_seo_description":"","jetpack_seo_html_title":"","jetpack_seo_noindex":false,"_jetpack_memberships_contains_paid_content":false,"footnotes":""},"categories":[21],"tags":[],"class_list":["post-49347","post","type-post","status-publish","format-standard","has-post-thumbnail","hentry","category-policial"],"jetpack_featured_media_url":"https:\/\/i0.wp.com\/eltrabajo.cl\/portal\/wp-content\/uploads\/2014\/07\/Danilo11.jpg?fit=529%2C594&ssl=1","jetpack_sharing_enabled":true,"jetpack_likes_enabled":true,"jetpack-related-posts":[],"_links":{"self":[{"href":"https:\/\/eltrabajo.cl\/portal\/wp-json\/wp\/v2\/posts\/49347","targetHints":{"allow":["GET"]}}],"collection":[{"href":"https:\/\/eltrabajo.cl\/portal\/wp-json\/wp\/v2\/posts"}],"about":[{"href":"https:\/\/eltrabajo.cl\/portal\/wp-json\/wp\/v2\/types\/post"}],"author":[{"embeddable":true,"href":"https:\/\/eltrabajo.cl\/portal\/wp-json\/wp\/v2\/users\/482"}],"replies":[{"embeddable":true,"href":"https:\/\/eltrabajo.cl\/portal\/wp-json\/wp\/v2\/comments?post=49347"}],"version-history":[{"count":0,"href":"https:\/\/eltrabajo.cl\/portal\/wp-json\/wp\/v2\/posts\/49347\/revisions"}],"wp:featuredmedia":[{"embeddable":true,"href":"https:\/\/eltrabajo.cl\/portal\/wp-json\/wp\/v2\/media\/49348"}],"wp:attachment":[{"href":"https:\/\/eltrabajo.cl\/portal\/wp-json\/wp\/v2\/media?parent=49347"}],"wp:term":[{"taxonomy":"category","embeddable":true,"href":"https:\/\/eltrabajo.cl\/portal\/wp-json\/wp\/v2\/categories?post=49347"},{"taxonomy":"post_tag","embeddable":true,"href":"https:\/\/eltrabajo.cl\/portal\/wp-json\/wp\/v2\/tags?post=49347"}],"curies":[{"name":"wp","href":"https:\/\/api.w.org\/{rel}","templated":true}]}}