{"id":4935,"date":"2011-10-19T08:51:05","date_gmt":"2011-10-19T12:51:05","guid":{"rendered":"http:\/\/www.eltrabajo.cl\/portal\/?p=4935"},"modified":"2011-10-19T08:51:05","modified_gmt":"2011-10-19T12:51:05","slug":"union-san-felipe-tendra-el-sabado-una-prueba-de-fuego-en-el-norte-chico","status":"publish","type":"post","link":"https:\/\/eltrabajo.cl\/portal\/union-san-felipe-tendra-el-sabado-una-prueba-de-fuego-en-el-norte-chico\/","title":{"rendered":"Uni\u00f3n San Felipe tendr\u00e1 el s\u00e1bado una prueba de fuego en el norte chico"},"content":{"rendered":"<figure id=\"attachment_4936\" aria-describedby=\"caption-attachment-4936\" style=\"width: 600px\" class=\"wp-caption alignnone\"><a href=\"http:\/\/www.eltrabajo.cl\/portal\/archives\/4935\/omar-merlo\" rel=\"attachment wp-att-4936\"><img data-recalc-dims=\"1\" loading=\"lazy\" decoding=\"async\" class=\"size-full wp-image-4936\" title=\"omar merlo\" src=\"https:\/\/i0.wp.com\/www.eltrabajo.cl\/portal\/wp-content\/uploads\/2011\/10\/omar-merlo.jpg?resize=600%2C405\" alt=\"\" width=\"600\" height=\"405\" srcset=\"https:\/\/i0.wp.com\/eltrabajo.cl\/portal\/wp-content\/uploads\/2011\/10\/omar-merlo.jpg?w=600&amp;ssl=1 600w, https:\/\/i0.wp.com\/eltrabajo.cl\/portal\/wp-content\/uploads\/2011\/10\/omar-merlo.jpg?resize=200%2C135&amp;ssl=1 200w, https:\/\/i0.wp.com\/eltrabajo.cl\/portal\/wp-content\/uploads\/2011\/10\/omar-merlo.jpg?resize=300%2C202&amp;ssl=1 300w, https:\/\/i0.wp.com\/eltrabajo.cl\/portal\/wp-content\/uploads\/2011\/10\/omar-merlo.jpg?resize=150%2C101&amp;ssl=1 150w, https:\/\/i0.wp.com\/eltrabajo.cl\/portal\/wp-content\/uploads\/2011\/10\/omar-merlo.jpg?resize=400%2C270&amp;ssl=1 400w\" sizes=\"auto, (max-width: 600px) 100vw, 600px\" \/><\/a><figcaption id=\"caption-attachment-4936\" class=\"wp-caption-text\">El defensor trasandino Omar Merlo, ha sido uno de los valores rescatables en el p\u00e9simo segundo semestre de Uni\u00f3n San Felipe.<\/figcaption><\/figure>\n<p>A estas alturas del a\u00f1o y por la delicada situaci\u00f3n que atraviesa en la tabla general, para Uni\u00f3n San Felipe todos los partidos que le restan ser\u00e1n de seis puntos, esto porque la escuadra albirroja hace ya bastante rato que est\u00e1 caminando por la cornisa y en cualquier instante puede caer en la zona de promoci\u00f3n.<\/p>\n<p>En la decimotercera jornada del torneo de Clausura, el Un\u00ed Un\u00ed deber\u00e1 viajar hasta la capital de la Cuarta Regi\u00f3n para enfrentar a Deportes La Serena, conjunto que con Miguel Ponce en la banca ha tenido un repunte simplemente notable, m\u00e1s a\u00fan si se considera que como locales vienen mostrando un nivel alto que les ha permitido imponerse a sus rivales con comodidad en el estadio La Portada.<\/p>\n<p>El partido est\u00e1 programado para el s\u00e1bado a las seis de la tarde y no ser\u00e1 televisado. Dentro de la fecha el partido entre la Universidad de Concepci\u00f3n y Wanderers, tambi\u00e9n acaparar\u00e1 miradas por estos dos equipos, al igual que los aconcag\u00fcinos tambi\u00e9n est\u00e1n en la lucha por librarse de las garras del \u201cFantasma de la B\u201d.<\/p>\n<p>La fecha ser\u00e1 abierta el viernes a las 20:00 horas, con el duelo que sostendr\u00e1n en el Bicentenario de La Florida, Audax Italiano y Deportes Iquique, y ser\u00e1 clausurada con el enfrentamiento entre el vapuleado y herido Colo Colo, que intentar\u00e1 levantarse a costa de Santiago Morning. Este partido se jugar\u00e1 el domingo a las 18:30 horas en el Monumental.<\/p>\n<p><strong>La Fecha:<\/strong><\/p>\n<p><strong>Viernes 21 de octubre:<\/strong><\/p>\n<p>Audax Italiano \u2013 Iquique, 20: 00 horas, Estadio Bicentenario.<\/p>\n<p><strong>S\u00e1bado 22 de octubre:<\/strong><\/p>\n<p>Uni\u00f3n La Calera \u2013 O\u00b4Higgins, 16:00 horas, Estadio Nicol\u00e1s Chahu\u00e1n.<\/p>\n<p>Universidad de Concepci\u00f3n \u2013 Santiago Wanderers, 18 horas, Estadio Municipal de Concepci\u00f3n.<\/p>\n<p>La Serena \u2013 Uni\u00f3n San Felipe, 18:00 horas, Estadio La Portada.<\/p>\n<p>Palestino \u2013 Universidad de Chile, 18:15 horas, Estadio Nacional.<\/p>\n<p>Uni\u00f3n Espa\u00f1ola \u2013 \u00d1ublense, 20:30 horas, Estadio Santa Laura.<\/p>\n<p><strong>Domingo 23 de octubre<\/strong><\/p>\n<p>Cobresal \u2013 Universidad Cat\u00f3lica, 16:00 horas, Estadio El Cobre.<\/p>\n<p>Cobreloa \u2013 Huachipato, 16:00 horas, Estadio Municipal de Calama.<\/p>\n<p>Colo Colo \u2013 Santiago Morning, 18:30 horas, Estadio Monumental.<\/p>\n","protected":false},"excerpt":{"rendered":"<p>A estas alturas del a\u00f1o y por la delicada situaci\u00f3n que atraviesa en la tabla general, para Uni\u00f3n San Felipe todos los partidos que le restan ser\u00e1n de seis puntos, esto porque&#8230;<\/p>\n","protected":false},"author":482,"featured_media":4936,"comment_status":"open","ping_status":"open","sticky":false,"template":"","format":"standard","meta":{"advanced_seo_description":"","jetpack_seo_html_title":"","jetpack_seo_noindex":false,"_jetpack_memberships_contains_paid_content":false,"footnotes":""},"categories":[19],"tags":[],"class_list":["post-4935","post","type-post","status-publish","format-standard","has-post-thumbnail","hentry","category-deportes"],"jetpack_featured_media_url":"https:\/\/i0.wp.com\/eltrabajo.cl\/portal\/wp-content\/uploads\/2011\/10\/omar-merlo.jpg?fit=600%2C405&ssl=1","jetpack_sharing_enabled":true,"jetpack_likes_enabled":true,"jetpack-related-posts":[],"_links":{"self":[{"href":"https:\/\/eltrabajo.cl\/portal\/wp-json\/wp\/v2\/posts\/4935","targetHints":{"allow":["GET"]}}],"collection":[{"href":"https:\/\/eltrabajo.cl\/portal\/wp-json\/wp\/v2\/posts"}],"about":[{"href":"https:\/\/eltrabajo.cl\/portal\/wp-json\/wp\/v2\/types\/post"}],"author":[{"embeddable":true,"href":"https:\/\/eltrabajo.cl\/portal\/wp-json\/wp\/v2\/users\/482"}],"replies":[{"embeddable":true,"href":"https:\/\/eltrabajo.cl\/portal\/wp-json\/wp\/v2\/comments?post=4935"}],"version-history":[{"count":0,"href":"https:\/\/eltrabajo.cl\/portal\/wp-json\/wp\/v2\/posts\/4935\/revisions"}],"wp:featuredmedia":[{"embeddable":true,"href":"https:\/\/eltrabajo.cl\/portal\/wp-json\/wp\/v2\/media\/4936"}],"wp:attachment":[{"href":"https:\/\/eltrabajo.cl\/portal\/wp-json\/wp\/v2\/media?parent=4935"}],"wp:term":[{"taxonomy":"category","embeddable":true,"href":"https:\/\/eltrabajo.cl\/portal\/wp-json\/wp\/v2\/categories?post=4935"},{"taxonomy":"post_tag","embeddable":true,"href":"https:\/\/eltrabajo.cl\/portal\/wp-json\/wp\/v2\/tags?post=4935"}],"curies":[{"name":"wp","href":"https:\/\/api.w.org\/{rel}","templated":true}]}}