{"id":49359,"date":"2014-07-29T10:38:09","date_gmt":"2014-07-29T14:38:09","guid":{"rendered":"http:\/\/www.eltrabajo.cl\/portal\/?p=49359"},"modified":"2014-07-29T10:38:09","modified_gmt":"2014-07-29T14:38:09","slug":"cesfam-realiza-exitosa-campana-adultos-mayores-con-mas-salud","status":"publish","type":"post","link":"https:\/\/eltrabajo.cl\/portal\/cesfam-realiza-exitosa-campana-adultos-mayores-con-mas-salud\/","title":{"rendered":"Cesfam realiza exitosa Campa\u00f1a adultos mayores con m\u00e1s salud"},"content":{"rendered":"<figure id=\"attachment_49360\" aria-describedby=\"caption-attachment-49360\" style=\"width: 529px\" class=\"wp-caption alignnone\"><a href=\"https:\/\/i0.wp.com\/www.eltrabajo.cl\/portal\/wp-content\/uploads\/2014\/07\/Baile1.jpg\"><img data-recalc-dims=\"1\" loading=\"lazy\" decoding=\"async\" class=\"size-full wp-image-49360\" alt=\"ALEGRE JORNADA.- Enmarcado en las l\u00edneas de acci\u00f3n de promoci\u00f3n y participaci\u00f3n social en salud, el Cesfam Valle de Los Libertadores de Putaendo se encuentra realizando la campa\u00f1a de invierno denominada Adultos mayores con m\u00e1s salud.\" src=\"https:\/\/i0.wp.com\/www.eltrabajo.cl\/portal\/wp-content\/uploads\/2014\/07\/Baile1.jpg?resize=529%2C337\" width=\"529\" height=\"337\" srcset=\"https:\/\/i0.wp.com\/eltrabajo.cl\/portal\/wp-content\/uploads\/2014\/07\/Baile1.jpg?w=529&amp;ssl=1 529w, https:\/\/i0.wp.com\/eltrabajo.cl\/portal\/wp-content\/uploads\/2014\/07\/Baile1.jpg?resize=200%2C127&amp;ssl=1 200w, https:\/\/i0.wp.com\/eltrabajo.cl\/portal\/wp-content\/uploads\/2014\/07\/Baile1.jpg?resize=300%2C191&amp;ssl=1 300w, https:\/\/i0.wp.com\/eltrabajo.cl\/portal\/wp-content\/uploads\/2014\/07\/Baile1.jpg?resize=150%2C95&amp;ssl=1 150w, https:\/\/i0.wp.com\/eltrabajo.cl\/portal\/wp-content\/uploads\/2014\/07\/Baile1.jpg?resize=400%2C254&amp;ssl=1 400w\" sizes=\"auto, (max-width: 529px) 100vw, 529px\" \/><\/a><figcaption id=\"caption-attachment-49360\" class=\"wp-caption-text\">ALEGRE JORNADA.- Enmarcado en las l\u00edneas de acci\u00f3n de promoci\u00f3n y participaci\u00f3n social en salud, el Cesfam Valle de Los Libertadores de Putaendo se encuentra realizando la campa\u00f1a de invierno denominada Adultos mayores con m\u00e1s salud.<\/figcaption><\/figure>\n<p><strong>PUTAENDO.<\/strong>&#8211; Enmarcado en las l\u00edneas de acci\u00f3n de promoci\u00f3n y participaci\u00f3n social en salud, el Cesfam Valle de Los Libertadores de Putaendo se encuentra realizando la campa\u00f1a de invierno denominada Adultos mayores con m\u00e1s salud. Un trabajo colaborativo con la corporaci\u00f3n cultural de esta comuna, donde se realizan una serie de talleres y din\u00e1micas para estimular la memoria.<\/p>\n<figure id=\"attachment_49361\" aria-describedby=\"caption-attachment-49361\" style=\"width: 370px\" class=\"wp-caption alignright\"><a href=\"https:\/\/i0.wp.com\/www.eltrabajo.cl\/portal\/wp-content\/uploads\/2014\/07\/Abuelos13.jpg\"><img data-recalc-dims=\"1\" loading=\"lazy\" decoding=\"async\" class=\" wp-image-49361 \" alt=\"BUENA MEMORIA.- Un trabajo colaborativo con la corporaci\u00f3n cultural de esta comuna, donde se realizan una serie de talleres y din\u00e1micas para estimular la memoria.\" src=\"https:\/\/i0.wp.com\/www.eltrabajo.cl\/portal\/wp-content\/uploads\/2014\/07\/Abuelos13.jpg?resize=370%2C222\" width=\"370\" height=\"222\" srcset=\"https:\/\/i0.wp.com\/eltrabajo.cl\/portal\/wp-content\/uploads\/2014\/07\/Abuelos13.jpg?w=529&amp;ssl=1 529w, https:\/\/i0.wp.com\/eltrabajo.cl\/portal\/wp-content\/uploads\/2014\/07\/Abuelos13.jpg?resize=200%2C119&amp;ssl=1 200w, https:\/\/i0.wp.com\/eltrabajo.cl\/portal\/wp-content\/uploads\/2014\/07\/Abuelos13.jpg?resize=300%2C179&amp;ssl=1 300w, https:\/\/i0.wp.com\/eltrabajo.cl\/portal\/wp-content\/uploads\/2014\/07\/Abuelos13.jpg?resize=150%2C89&amp;ssl=1 150w, https:\/\/i0.wp.com\/eltrabajo.cl\/portal\/wp-content\/uploads\/2014\/07\/Abuelos13.jpg?resize=400%2C239&amp;ssl=1 400w\" sizes=\"auto, (max-width: 370px) 100vw, 370px\" \/><\/a><figcaption id=\"caption-attachment-49361\" class=\"wp-caption-text\">BUENA MEMORIA.- Un trabajo colaborativo con la corporaci\u00f3n cultural de esta comuna, donde se realizan una serie de talleres y din\u00e1micas para estimular la memoria.<\/figcaption><\/figure>\n<p>Por su parte la monitora a cargo esta actividad, Dania \u00c1lvarez, cont\u00f3 que esta campa\u00f1a contempla un trabajo colaborativo con la corporaci\u00f3n cultural, donde se efect\u00faan talleres de actividad f\u00edsica, din\u00e1micas de animaci\u00f3n, estimulaci\u00f3n de la memoria, visitas a adultos mayores enfermos y un entretenido taller de tango, que los participantes disfrutan mucho, expres\u00f3 la monitora.<\/p>\n<p>Dicha campa\u00f1a de salud que culminar\u00e1 con una interesante conferencia de un destacado artista pl\u00e1stico chileno, se lleva a cabo con la activa participaci\u00f3n del grupo de autoayuda del Cesfam, Vida Renovada. \u201cCabe destacar que tambi\u00e9n se han incorporado otros adultos mayores que no forman parte de la Uni\u00f3n Comunal, pero, desde el punto de vista de su salud integral, se hace sumamente necesario realizar este tipo v\u00ednculos sociales\u201d, explic\u00f3 \u00c1lvarez.<\/p>\n<p>&nbsp;<\/p>\n","protected":false},"excerpt":{"rendered":"<p>PUTAENDO.&#8211; Enmarcado en las l\u00edneas de acci\u00f3n de promoci\u00f3n y participaci\u00f3n social en salud, el Cesfam Valle de Los Libertadores de Putaendo se encuentra realizando la campa\u00f1a de invierno denominada Adultos mayores&#8230;<\/p>\n","protected":false},"author":482,"featured_media":49360,"comment_status":"open","ping_status":"closed","sticky":false,"template":"","format":"standard","meta":{"advanced_seo_description":"","jetpack_seo_html_title":"","jetpack_seo_noindex":false,"_jetpack_memberships_contains_paid_content":false,"footnotes":""},"categories":[15],"tags":[],"class_list":["post-49359","post","type-post","status-publish","format-standard","has-post-thumbnail","hentry","category-comunidad"],"jetpack_featured_media_url":"https:\/\/i0.wp.com\/eltrabajo.cl\/portal\/wp-content\/uploads\/2014\/07\/Baile1.jpg?fit=529%2C337&ssl=1","jetpack_sharing_enabled":true,"jetpack_likes_enabled":true,"jetpack-related-posts":[],"_links":{"self":[{"href":"https:\/\/eltrabajo.cl\/portal\/wp-json\/wp\/v2\/posts\/49359","targetHints":{"allow":["GET"]}}],"collection":[{"href":"https:\/\/eltrabajo.cl\/portal\/wp-json\/wp\/v2\/posts"}],"about":[{"href":"https:\/\/eltrabajo.cl\/portal\/wp-json\/wp\/v2\/types\/post"}],"author":[{"embeddable":true,"href":"https:\/\/eltrabajo.cl\/portal\/wp-json\/wp\/v2\/users\/482"}],"replies":[{"embeddable":true,"href":"https:\/\/eltrabajo.cl\/portal\/wp-json\/wp\/v2\/comments?post=49359"}],"version-history":[{"count":0,"href":"https:\/\/eltrabajo.cl\/portal\/wp-json\/wp\/v2\/posts\/49359\/revisions"}],"wp:featuredmedia":[{"embeddable":true,"href":"https:\/\/eltrabajo.cl\/portal\/wp-json\/wp\/v2\/media\/49360"}],"wp:attachment":[{"href":"https:\/\/eltrabajo.cl\/portal\/wp-json\/wp\/v2\/media?parent=49359"}],"wp:term":[{"taxonomy":"category","embeddable":true,"href":"https:\/\/eltrabajo.cl\/portal\/wp-json\/wp\/v2\/categories?post=49359"},{"taxonomy":"post_tag","embeddable":true,"href":"https:\/\/eltrabajo.cl\/portal\/wp-json\/wp\/v2\/tags?post=49359"}],"curies":[{"name":"wp","href":"https:\/\/api.w.org\/{rel}","templated":true}]}}