{"id":49378,"date":"2014-07-29T10:51:43","date_gmt":"2014-07-29T14:51:43","guid":{"rendered":"http:\/\/www.eltrabajo.cl\/portal\/?p=49378"},"modified":"2014-07-29T10:51:43","modified_gmt":"2014-07-29T14:51:43","slug":"patricia-herrera-ferrer-madre-del-bombero-fallecido-quiero-que-el-nombre-de-mi-hijo-sea-limpiado","status":"publish","type":"post","link":"https:\/\/eltrabajo.cl\/portal\/patricia-herrera-ferrer-madre-del-bombero-fallecido-quiero-que-el-nombre-de-mi-hijo-sea-limpiado\/","title":{"rendered":"Patricia Herrera Ferrer, madre del bombero fallecido: \u00abQuiero que el nombre de mi hijo sea limpiado\u00bb"},"content":{"rendered":"<figure id=\"attachment_49379\" aria-describedby=\"caption-attachment-49379\" style=\"width: 370px\" class=\"wp-caption alignleft\"><a href=\"https:\/\/i0.wp.com\/www.eltrabajo.cl\/portal\/wp-content\/uploads\/2014\/07\/PadreAmoroso.jpg\"><img data-recalc-dims=\"1\" loading=\"lazy\" decoding=\"async\" class=\" wp-image-49379 \" alt=\"PAP\u00c1 REGAL\u00d3N.- Jonathan y su peque\u00f1a hija Race, compartiendo del cari\u00f1o mutuo.\" src=\"https:\/\/i0.wp.com\/www.eltrabajo.cl\/portal\/wp-content\/uploads\/2014\/07\/PadreAmoroso.jpg?resize=370%2C362\" width=\"370\" height=\"362\" srcset=\"https:\/\/i0.wp.com\/eltrabajo.cl\/portal\/wp-content\/uploads\/2014\/07\/PadreAmoroso.jpg?w=529&amp;ssl=1 529w, https:\/\/i0.wp.com\/eltrabajo.cl\/portal\/wp-content\/uploads\/2014\/07\/PadreAmoroso.jpg?resize=153%2C150&amp;ssl=1 153w, https:\/\/i0.wp.com\/eltrabajo.cl\/portal\/wp-content\/uploads\/2014\/07\/PadreAmoroso.jpg?resize=300%2C293&amp;ssl=1 300w, https:\/\/i0.wp.com\/eltrabajo.cl\/portal\/wp-content\/uploads\/2014\/07\/PadreAmoroso.jpg?resize=150%2C146&amp;ssl=1 150w, https:\/\/i0.wp.com\/eltrabajo.cl\/portal\/wp-content\/uploads\/2014\/07\/PadreAmoroso.jpg?resize=400%2C390&amp;ssl=1 400w\" sizes=\"auto, (max-width: 370px) 100vw, 370px\" \/><\/a><figcaption id=\"caption-attachment-49379\" class=\"wp-caption-text\">PAP\u00c1 REGAL\u00d3N.- Jonathan y su peque\u00f1a hija Race, compartiendo del cari\u00f1o mutuo.<\/figcaption><\/figure>\n<p>A s\u00f3lo unas semanas de haber fallecido el voluntario de Bomberos, Jonathan Alejandro S\u00e1nchez Herrera, a ra\u00edz de un cuadro depresivo generado por el estr\u00e9s que le caus\u00f3 una denuncia en el lugar donde laboraba en Los Andes, y tambi\u00e9n como producto de que su nombre se viera expuesto en redes sociales por sus superiores, al punto de ser desvinculado de Bomberos, la ma\u00f1ana de ayer lunes visit\u00f3 nuestra Sala de Redacci\u00f3n la madre de Jonathan, Patricia Herrera Ferrer.<\/p>\n<p>La angustiada mujer asegur\u00f3 a Diario El Trabajo que ella lo que busca es \u2018limpiar\u2019 el nombre de su hijo, pues a su parecer, su nombre fue ensuciado p\u00fablicamente y desea exigir disculpas a quien ella considera casi el responsable. Nuestro medio habl\u00f3 sobre el tema y a continuaci\u00f3n compartimos la entrevista.<\/p>\n<p><strong>\u00abEXIJO DISCULPAS\u00bb<\/strong><\/p>\n<p><strong>&#8211; \u00bfQu\u00e9 clase de hijo era Jonathan?<\/strong><\/p>\n<p>&#8211; \u00abMi hijo Jonathan era una muy buena persona, trabajador y tambi\u00e9n responsable con sus cinco hijas. \u00c9l siempre se preocup\u00f3 de sus alumnos como profesor de Enlaces en el colegio\u00bb.<\/p>\n<p><strong>&#8211; \u00bfSu hijo amaba mucho lo que hac\u00eda?<\/strong><\/p>\n<p>&#8211; \u00abEl Cuerpo de Bomberos era para Jonathan su segunda casa, los bomberos eran para \u00e9l su familia, \u00e9l estaba de los primeros en las emergencias que atend\u00eda, arriesgaba su vida para ser un buen bombero\u00bb.<\/p>\n<p><strong>&#8211; \u00bfLas ni\u00f1as est\u00e1n muy afectadas por la muerte de su pap\u00e1?<\/strong><\/p>\n<p>&#8211; \u00abSus hijas est\u00e1n con psic\u00f3logo, aunque son muy peque\u00f1as, ellas sienten su ausencia, preguntan mucho por \u00e9l y les hace mucha falta\u00bb.<\/p>\n<p><strong>&#8211; \u00bfQu\u00e9 desea comunicar usted en nuestro medio?<\/strong><\/p>\n<p>&#8211; \u00abVine a Diario El Trabajo para limpiar el nombre de mi hijo Jonathan, pues se han dicho muchas cosas negativas de \u00e9l, principalmente saliendo de boca del Superintendente de Bomberos, Don Julio Hardoy, ya que \u00e9l hizo una publicaci\u00f3n en Internet, en donde \u00e9l (Julio) desvincula a mi hijo de Bomberos, acus\u00e1ndolo falsamente de dos robos, sin al menos hacer una investigaci\u00f3n\u00bb.<\/p>\n<p><strong>&#8211; \u00bfDe qu\u00e9 acusaron a su hijo?<\/strong><\/p>\n<p>&#8211; \u00abDon Julio acusa a mi hijo por un problema que tuvo Jonathan en el Colegio Valle Andino de Los Andes donde trabajaba, acus\u00e1ndolo del robo de un celular (\u2026) mi hijo no ten\u00eda necesidad alguna de robar nada, pues \u00e9l con su propio salario compraba sus cosas (\u2026) Mi hijo nunca fue un delincuente, por lo que le pido que as\u00ed como tuvo las agallas para acusar a mi hijo, se disculpe conmigo como madre y con toda la familia, pero que lo haga p\u00fablicamente, a m\u00ed no me sirven disculpas privadas, pues cuando \u00e9l public\u00f3 lo que public\u00f3, lo hizo p\u00fablicamente\u00bb.<\/p>\n<p><strong>&#8211; \u00bfPero usted ya busc\u00f3 dialogar con este se\u00f1or para evitar tener que dar esta dura entrevista?<\/strong><\/p>\n<p>&#8211; \u00abYo he intentado contactar al se\u00f1or Hardoy que me atienda, pero no contesta, como madre de Jonathan yo le exijo unas disculpas p\u00fablicas, porque \u00e9l no es qui\u00e9n para ensuciar el nombre de mi hijo, creo que mi hijo fue tratado injustamente por este se\u00f1or\u00bb.<\/p>\n<p>Luego de su muerte, Jonathan Alejandro S\u00e1nchez Herrera fue sepultado con los honores correspondientes por parte de Bomberos de San Felipe, a\u00fan as\u00ed, su madre asegura no estar satisfecha por los hechos tal como sucedieron.<\/p>\n<p>Roberto Gonz\u00e1lez Short<\/p>\n<p>rgonzalez@eltrabajo.cl<\/p>\n<div class=\"tiled-gallery type-rectangular tiled-gallery-unresized\" data-original-width=\"640\" data-carousel-extra='null' itemscope itemtype=\"http:\/\/schema.org\/ImageGallery\" > <div class=\"gallery-row\" style=\"width: 640px; height: 362px;\" data-original-width=\"640\" data-original-height=\"362\" > <div class=\"gallery-group images-1\" style=\"width: 256px; height: 362px;\" data-original-width=\"256\" data-original-height=\"362\" > <div class=\"tiled-gallery-item tiled-gallery-item-large\" itemprop=\"associatedMedia\" itemscope itemtype=\"http:\/\/schema.org\/ImageObject\"> <a href=\"https:\/\/eltrabajo.cl\/portal\/patricia-herrera-ferrer-madre-del-bombero-fallecido-quiero-que-el-nombre-de-mi-hijo-sea-limpiado\/bombero1\/\" border=\"0\" itemprop=\"url\"> <meta itemprop=\"width\" content=\"252\"> <meta itemprop=\"height\" content=\"358\"> <img decoding=\"async\" class=\"\" data-attachment-id=\"49380\" data-orig-file=\"https:\/\/eltrabajo.cl\/portal\/wp-content\/uploads\/2014\/07\/Bombero1.jpg\" data-orig-size=\"529,752\" data-comments-opened=\"1\" data-image-meta=\"{&quot;aperture&quot;:&quot;0&quot;,&quot;credit&quot;:&quot;&quot;,&quot;camera&quot;:&quot;&quot;,&quot;caption&quot;:&quot;&quot;,&quot;created_timestamp&quot;:&quot;0&quot;,&quot;copyright&quot;:&quot;&quot;,&quot;focal_length&quot;:&quot;0&quot;,&quot;iso&quot;:&quot;0&quot;,&quot;shutter_speed&quot;:&quot;0&quot;,&quot;title&quot;:&quot;&quot;}\" data-image-title=\"Bombero1\" data-image-description=\"&lt;p&gt;P\u00c9RDIDA IRREPARABLE.- Luego de su muerte, Jonathan Alejandro S\u00e1nchez Herrera fue sepultado con los honores correspondientes por parte de Bomberos de San Felipe.&lt;\/p&gt; \" data-medium-file=\"https:\/\/i0.wp.com\/eltrabajo.cl\/portal\/wp-content\/uploads\/2014\/07\/Bombero1.jpg?fit=211%2C300&#038;ssl=1\" data-large-file=\"https:\/\/i0.wp.com\/eltrabajo.cl\/portal\/wp-content\/uploads\/2014\/07\/Bombero1.jpg?fit=529%2C752&#038;ssl=1\" src=\"https:\/\/i0.wp.com\/eltrabajo.cl\/portal\/wp-content\/uploads\/2014\/07\/Bombero1.jpg?w=252&#038;h=358&#038;ssl=1\" srcset=\"https:\/\/i0.wp.com\/eltrabajo.cl\/portal\/wp-content\/uploads\/2014\/07\/Bombero1.jpg?w=529&amp;ssl=1 529w, https:\/\/i0.wp.com\/eltrabajo.cl\/portal\/wp-content\/uploads\/2014\/07\/Bombero1.jpg?resize=105%2C150&amp;ssl=1 105w, https:\/\/i0.wp.com\/eltrabajo.cl\/portal\/wp-content\/uploads\/2014\/07\/Bombero1.jpg?resize=211%2C300&amp;ssl=1 211w, https:\/\/i0.wp.com\/eltrabajo.cl\/portal\/wp-content\/uploads\/2014\/07\/Bombero1.jpg?resize=400%2C568&amp;ssl=1 400w\" width=\"252\" height=\"358\" loading=\"lazy\" data-original-width=\"252\" data-original-height=\"358\" itemprop=\"http:\/\/schema.org\/image\" title=\"Bombero1\" alt=\"P\u00c9RDIDA IRREPARABLE.- Luego de su muerte, Jonathan Alejandro S\u00e1nchez Herrera fue sepultado con los honores correspondientes por parte de Bomberos de San Felipe.\" style=\"width: 252px; height: 358px;\" \/> <\/a> <div class=\"tiled-gallery-caption\" itemprop=\"caption description\"> P\u00c9RDIDA IRREPARABLE.- Luego de su muerte, Jonathan Alejandro S\u00e1nchez Herrera fue sepultado con los honores correspondientes por parte de Bomberos de San Felipe. <\/div> <\/div> <\/div> <!-- close group --> <div class=\"gallery-group images-1\" style=\"width: 384px; height: 362px;\" data-original-width=\"384\" data-original-height=\"362\" > <div class=\"tiled-gallery-item tiled-gallery-item-large\" itemprop=\"associatedMedia\" itemscope itemtype=\"http:\/\/schema.org\/ImageObject\"> <a href=\"https:\/\/eltrabajo.cl\/portal\/patricia-herrera-ferrer-madre-del-bombero-fallecido-quiero-que-el-nombre-de-mi-hijo-sea-limpiado\/patricia-herrera-ferrer\/\" border=\"0\" itemprop=\"url\"> <meta itemprop=\"width\" content=\"380\"> <meta itemprop=\"height\" content=\"358\"> <img decoding=\"async\" class=\"\" data-attachment-id=\"49381\" data-orig-file=\"https:\/\/eltrabajo.cl\/portal\/wp-content\/uploads\/2014\/07\/Patricia-Herrera-Ferrer.jpg\" data-orig-size=\"529,498\" data-comments-opened=\"1\" data-image-meta=\"{&quot;aperture&quot;:&quot;5.6&quot;,&quot;credit&quot;:&quot;&quot;,&quot;camera&quot;:&quot;Canon EOS REBEL T1i&quot;,&quot;caption&quot;:&quot;&quot;,&quot;created_timestamp&quot;:&quot;1406552995&quot;,&quot;copyright&quot;:&quot;&quot;,&quot;focal_length&quot;:&quot;18&quot;,&quot;iso&quot;:&quot;400&quot;,&quot;shutter_speed&quot;:&quot;0.01&quot;,&quot;title&quot;:&quot;&quot;}\" data-image-title=\"Patricia Herrera Ferrer\" data-image-description=\"&lt;p&gt;Madre de Jonathan, Patricia Herrera Ferrer.&lt;\/p&gt; \" data-medium-file=\"https:\/\/i0.wp.com\/eltrabajo.cl\/portal\/wp-content\/uploads\/2014\/07\/Patricia-Herrera-Ferrer.jpg?fit=300%2C282&#038;ssl=1\" data-large-file=\"https:\/\/i0.wp.com\/eltrabajo.cl\/portal\/wp-content\/uploads\/2014\/07\/Patricia-Herrera-Ferrer.jpg?fit=529%2C498&#038;ssl=1\" src=\"https:\/\/i0.wp.com\/eltrabajo.cl\/portal\/wp-content\/uploads\/2014\/07\/Patricia-Herrera-Ferrer.jpg?w=380&#038;h=358&#038;ssl=1\" srcset=\"https:\/\/i0.wp.com\/eltrabajo.cl\/portal\/wp-content\/uploads\/2014\/07\/Patricia-Herrera-Ferrer.jpg?w=529&amp;ssl=1 529w, https:\/\/i0.wp.com\/eltrabajo.cl\/portal\/wp-content\/uploads\/2014\/07\/Patricia-Herrera-Ferrer.jpg?resize=159%2C150&amp;ssl=1 159w, https:\/\/i0.wp.com\/eltrabajo.cl\/portal\/wp-content\/uploads\/2014\/07\/Patricia-Herrera-Ferrer.jpg?resize=300%2C282&amp;ssl=1 300w, https:\/\/i0.wp.com\/eltrabajo.cl\/portal\/wp-content\/uploads\/2014\/07\/Patricia-Herrera-Ferrer.jpg?resize=150%2C141&amp;ssl=1 150w, https:\/\/i0.wp.com\/eltrabajo.cl\/portal\/wp-content\/uploads\/2014\/07\/Patricia-Herrera-Ferrer.jpg?resize=400%2C376&amp;ssl=1 400w\" width=\"380\" height=\"358\" loading=\"lazy\" data-original-width=\"380\" data-original-height=\"358\" itemprop=\"http:\/\/schema.org\/image\" title=\"Patricia Herrera Ferrer\" alt=\"Madre de Jonathan, Patricia Herrera Ferrer.\" style=\"width: 380px; height: 358px;\" \/> <\/a> <div class=\"tiled-gallery-caption\" itemprop=\"caption description\"> Madre de Jonathan, Patricia Herrera Ferrer. <\/div> <\/div> <\/div> <!-- close group --> <\/div> <!-- close row --> <\/div>\n<p>&nbsp;<\/p>\n","protected":false},"excerpt":{"rendered":"<p>A s\u00f3lo unas semanas de haber fallecido el voluntario de Bomberos, Jonathan Alejandro S\u00e1nchez Herrera, a ra\u00edz de un cuadro depresivo generado por el estr\u00e9s que le caus\u00f3 una denuncia en el&#8230;<\/p>\n","protected":false},"author":482,"featured_media":49379,"comment_status":"open","ping_status":"closed","sticky":false,"template":"","format":"standard","meta":{"advanced_seo_description":"","jetpack_seo_html_title":"","jetpack_seo_noindex":false,"_jetpack_memberships_contains_paid_content":false,"footnotes":""},"categories":[15],"tags":[],"class_list":["post-49378","post","type-post","status-publish","format-standard","has-post-thumbnail","hentry","category-comunidad"],"jetpack_featured_media_url":"https:\/\/i0.wp.com\/eltrabajo.cl\/portal\/wp-content\/uploads\/2014\/07\/PadreAmoroso.jpg?fit=529%2C517&ssl=1","jetpack_sharing_enabled":true,"jetpack_likes_enabled":true,"jetpack-related-posts":[],"_links":{"self":[{"href":"https:\/\/eltrabajo.cl\/portal\/wp-json\/wp\/v2\/posts\/49378","targetHints":{"allow":["GET"]}}],"collection":[{"href":"https:\/\/eltrabajo.cl\/portal\/wp-json\/wp\/v2\/posts"}],"about":[{"href":"https:\/\/eltrabajo.cl\/portal\/wp-json\/wp\/v2\/types\/post"}],"author":[{"embeddable":true,"href":"https:\/\/eltrabajo.cl\/portal\/wp-json\/wp\/v2\/users\/482"}],"replies":[{"embeddable":true,"href":"https:\/\/eltrabajo.cl\/portal\/wp-json\/wp\/v2\/comments?post=49378"}],"version-history":[{"count":0,"href":"https:\/\/eltrabajo.cl\/portal\/wp-json\/wp\/v2\/posts\/49378\/revisions"}],"wp:featuredmedia":[{"embeddable":true,"href":"https:\/\/eltrabajo.cl\/portal\/wp-json\/wp\/v2\/media\/49379"}],"wp:attachment":[{"href":"https:\/\/eltrabajo.cl\/portal\/wp-json\/wp\/v2\/media?parent=49378"}],"wp:term":[{"taxonomy":"category","embeddable":true,"href":"https:\/\/eltrabajo.cl\/portal\/wp-json\/wp\/v2\/categories?post=49378"},{"taxonomy":"post_tag","embeddable":true,"href":"https:\/\/eltrabajo.cl\/portal\/wp-json\/wp\/v2\/tags?post=49378"}],"curies":[{"name":"wp","href":"https:\/\/api.w.org\/{rel}","templated":true}]}}