{"id":49384,"date":"2014-07-29T10:55:32","date_gmt":"2014-07-29T14:55:32","guid":{"rendered":"http:\/\/www.eltrabajo.cl\/portal\/?p=49384"},"modified":"2014-07-29T10:55:32","modified_gmt":"2014-07-29T14:55:32","slug":"claudia-gallardo-asegura-que-solamente-se-defendieron-mi-papa-y-mi-hermano-no-son-asesinos-actuaron-en-legitima-defensa","status":"publish","type":"post","link":"https:\/\/eltrabajo.cl\/portal\/claudia-gallardo-asegura-que-solamente-se-defendieron-mi-papa-y-mi-hermano-no-son-asesinos-actuaron-en-legitima-defensa\/","title":{"rendered":"Claudia Gallardo asegura que solamente se defendieron: \u00abMi pap\u00e1 y mi hermano no son asesinos, actuaron en leg\u00edtima defensa\u00bb"},"content":{"rendered":"<figure id=\"attachment_49385\" aria-describedby=\"caption-attachment-49385\" style=\"width: 529px\" class=\"wp-caption alignnone\"><a href=\"https:\/\/i0.wp.com\/www.eltrabajo.cl\/portal\/wp-content\/uploads\/2014\/07\/Familiares1.jpg\"><img data-recalc-dims=\"1\" loading=\"lazy\" decoding=\"async\" class=\"size-full wp-image-49385\" alt=\"FAMILIARES ANGUSTIADOS.- Varios familiares de los imputados visitaron  Diario El Trabajo para solicitar aclarar los hechos que hoy tienen tras las rejas a Manuel Gallardo P\u00e1ez y Manuel Gallardo Araya.\" src=\"https:\/\/i0.wp.com\/www.eltrabajo.cl\/portal\/wp-content\/uploads\/2014\/07\/Familiares1.jpg?resize=529%2C358\" width=\"529\" height=\"358\" srcset=\"https:\/\/i0.wp.com\/eltrabajo.cl\/portal\/wp-content\/uploads\/2014\/07\/Familiares1.jpg?w=529&amp;ssl=1 529w, https:\/\/i0.wp.com\/eltrabajo.cl\/portal\/wp-content\/uploads\/2014\/07\/Familiares1.jpg?resize=200%2C135&amp;ssl=1 200w, https:\/\/i0.wp.com\/eltrabajo.cl\/portal\/wp-content\/uploads\/2014\/07\/Familiares1.jpg?resize=300%2C203&amp;ssl=1 300w, https:\/\/i0.wp.com\/eltrabajo.cl\/portal\/wp-content\/uploads\/2014\/07\/Familiares1.jpg?resize=150%2C101&amp;ssl=1 150w, https:\/\/i0.wp.com\/eltrabajo.cl\/portal\/wp-content\/uploads\/2014\/07\/Familiares1.jpg?resize=400%2C270&amp;ssl=1 400w\" sizes=\"auto, (max-width: 529px) 100vw, 529px\" \/><\/a><figcaption id=\"caption-attachment-49385\" class=\"wp-caption-text\">FAMILIARES ANGUSTIADOS.- Varios familiares de los imputados visitaron Diario El Trabajo para solicitar aclarar los hechos que hoy tienen tras las rejas a Manuel Gallardo P\u00e1ez y Manuel Gallardo Araya.<\/figcaption><\/figure>\n<ul>\n<li><strong>Mientras Manuel Gallardo P\u00e1ez y Manuel Gallardo Araya siguen detenidos como imputados por la muerte de Manuel Basso Fuenzalida, misma ocurrida en enero de este a\u00f1o, la familia de los imputados hoy habla en Exclusiva con Diario El Trabajo para referirse a los hechos ocurridos aquella noche en Villa Departamental.<\/strong><\/li>\n<\/ul>\n<p>Luego que el 26 de enero de 2014 se registrara la muerte de Manuel Basso Fuenzalida en Villa Departamental, deceso reportado a causa de una ri\u00f1a entre vecinos de ese sector y que a causa de la misma \u00e9l llev\u00f3 la peor parte, la tarde de este lunes visitaron las oficinas de Diario El Trabajo algunos familiares de los imputados por esta muerte, a fin de explicar en nuestro medio su versi\u00f3n de los hechos.<\/p>\n<p>Seg\u00fan lo expresado por Claudia Gallardo P\u00e1ez, hermana e hija de los imputados Manuel Gallardo P\u00e1ez y Manuel Gallardo Araya, los hechos no son como algunos medios han publicado, esto en el sentido de apuntar hacia los imputados como \u2018Asesinos\u2019, siendo que ambos ostentan el status de Inocencia y siendo tambi\u00e9n, seg\u00fan sus palabras, que las cosas esa noche ocurrieron de otra manera a la hasta hoy conocida.<\/p>\n<p><strong>\u00abFUE LEG\u00cdTIMA\u00a0DEFENSA\u2026\u00bb<\/strong><\/p>\n<p><strong>&#8211; \u00bfQu\u00e9 desea usted compartir a nuestros lectores?<\/strong><\/p>\n<p>&#8211; \u00abAqu\u00ed lo que hay que tomar en cuenta es el hecho que apunta a que el ahora fallecido no era una \u2018blanca paloma\u2019 como los medios lo han dibujado, es comprensible que cuando alguien muere se piense as\u00ed, esta tragedia tambi\u00e9n nos ha dolido a todos, pues nosotros estamos sufriendo las consecuencias. El fallecido, Manuel Basso, \u00e9l ten\u00eda antecedentes por Porte de arma y por Amenazas de muerte a una mujer\u00bb.<\/p>\n<p><strong>&#8211; \u00bfQu\u00e9 gener\u00f3 esta tragedia?<\/strong><\/p>\n<p>&#8211; \u00abEl problema se gener\u00f3 por la incapacidad de Basso para decir bien las cosas. Reclam\u00f3 porque mi perro Onix estaba cerca de los suyos, el m\u00edo era un cachorrito; \u00e9l golpea a mi perro, yo lo golpeo a \u00e9l, por lo que me fui del lugar. Minutos despu\u00e9s fue que ocurri\u00f3 el enfrentamiento fatal, cuando mi pap\u00e1 y mi hermano fueron a reclamar, fue ah\u00ed cuando Basso sali\u00f3 portando un pu\u00f1al\u00bb.<\/p>\n<p><strong>&#8211; Pero al fin de cuentas, su pap\u00e1 es imputado por esta muerte.<\/strong><\/p>\n<p>&#8211; \u00abMi pap\u00e1 no es un asesino, mi hermano tampoco, si bien es cierto hubo una ri\u00f1a entre las partes, s\u00e9 que aunque Manuel Basso sali\u00f3 muerto, esto fue circunstancial. Basso quer\u00eda matar a mi pap\u00e1\u00bb.<\/p>\n<p><strong>&#8211; \u00bfC\u00f3mo ocurrieron las cosas entonces?<\/strong><\/p>\n<p>&#8211; \u00abCuando Manuel Basso estaba apu\u00f1alando a mi pap\u00e1 y ya estaba por cortarle el cuello, el cuchillo se le quiebra a Basso y se suelta de las manos. Ambos, pap\u00e1 y Basso, se lanzan al piso por el arma, de ah\u00ed el muchacho sale herido (\u2026) si fuera que pap\u00e1 lo hiri\u00f3, de lo cual no estoy segura, pero si as\u00ed fuera, lo que yo entiendo con claridad es que habr\u00eda sido en leg\u00edtima defensa de su vida, pues de lo contrario quien estar\u00eda muerto ser\u00eda mi pap\u00e1\u00bb.<\/p>\n<p><strong>&#8211; \u00bfQu\u00e9 puede validar una leg\u00edtima defensa en este caso?<\/strong><\/p>\n<p>&#8211; \u00abMuestra de que esto fue circunstancial, est\u00e1 el hecho que demuestra que pap\u00e1 termin\u00f3 con dos pu\u00f1aladas en el abdomen, herida una oreja y otros golpes, mientras que Basso lastimosamente s\u00f3lo recibi\u00f3 una estocada, si la cuchilla no se rompe, Basso le habr\u00eda cortado el cuello a mi pap\u00e1\u00bb.<\/p>\n<p><strong>&#8211; \u00bfPor qu\u00e9 decide hablar hasta ahora?<\/strong><\/p>\n<p>&#8211; \u00abLamento lo que le pas\u00f3 a Basso, le pido a la familia de \u00e9l, que acepten la verdad, aunque no les guste, as\u00ed ocurrieron las cosas y no como ellos aseguran en los medios. Hoy decid\u00ed hablar porque ya no tengo m\u00e1s miedo a las amenazas que me est\u00e1n haciendo para que guarde silencio\u00bb.<\/p>\n<p>Roberto Gonz\u00e1lez Short<\/p>\n<p>rgonzalez@eltrabajo.cl<\/p>\n<div class=\"tiled-gallery type-rectangular tiled-gallery-unresized\" data-original-width=\"640\" data-carousel-extra='null' itemscope itemtype=\"http:\/\/schema.org\/ImageGallery\" > <div class=\"gallery-row\" style=\"width: 640px; height: 341px;\" data-original-width=\"640\" data-original-height=\"341\" > <div class=\"gallery-group images-1\" style=\"width: 362px; height: 341px;\" data-original-width=\"362\" data-original-height=\"341\" > <div class=\"tiled-gallery-item tiled-gallery-item-large\" itemprop=\"associatedMedia\" itemscope itemtype=\"http:\/\/schema.org\/ImageObject\"> <a href=\"https:\/\/eltrabajo.cl\/portal\/patricia-herrera-ferrer-madre-del-bombero-fallecido-quiero-que-el-nombre-de-mi-hijo-sea-limpiado\/patricia-herrera-ferrer\/\" border=\"0\" itemprop=\"url\"> <meta itemprop=\"width\" content=\"358\"> <meta itemprop=\"height\" content=\"337\"> <img decoding=\"async\" class=\"\" data-attachment-id=\"49381\" data-orig-file=\"https:\/\/eltrabajo.cl\/portal\/wp-content\/uploads\/2014\/07\/Patricia-Herrera-Ferrer.jpg\" data-orig-size=\"529,498\" data-comments-opened=\"1\" data-image-meta=\"{&quot;aperture&quot;:&quot;5.6&quot;,&quot;credit&quot;:&quot;&quot;,&quot;camera&quot;:&quot;Canon EOS REBEL T1i&quot;,&quot;caption&quot;:&quot;&quot;,&quot;created_timestamp&quot;:&quot;1406552995&quot;,&quot;copyright&quot;:&quot;&quot;,&quot;focal_length&quot;:&quot;18&quot;,&quot;iso&quot;:&quot;400&quot;,&quot;shutter_speed&quot;:&quot;0.01&quot;,&quot;title&quot;:&quot;&quot;}\" data-image-title=\"Patricia Herrera Ferrer\" data-image-description=\"&lt;p&gt;Madre de Jonathan, Patricia Herrera Ferrer.&lt;\/p&gt; \" data-medium-file=\"https:\/\/i0.wp.com\/eltrabajo.cl\/portal\/wp-content\/uploads\/2014\/07\/Patricia-Herrera-Ferrer.jpg?fit=300%2C282&#038;ssl=1\" data-large-file=\"https:\/\/i0.wp.com\/eltrabajo.cl\/portal\/wp-content\/uploads\/2014\/07\/Patricia-Herrera-Ferrer.jpg?fit=529%2C498&#038;ssl=1\" src=\"https:\/\/i0.wp.com\/eltrabajo.cl\/portal\/wp-content\/uploads\/2014\/07\/Patricia-Herrera-Ferrer.jpg?w=358&#038;h=337&#038;ssl=1\" srcset=\"https:\/\/i0.wp.com\/eltrabajo.cl\/portal\/wp-content\/uploads\/2014\/07\/Patricia-Herrera-Ferrer.jpg?w=529&amp;ssl=1 529w, https:\/\/i0.wp.com\/eltrabajo.cl\/portal\/wp-content\/uploads\/2014\/07\/Patricia-Herrera-Ferrer.jpg?resize=159%2C150&amp;ssl=1 159w, https:\/\/i0.wp.com\/eltrabajo.cl\/portal\/wp-content\/uploads\/2014\/07\/Patricia-Herrera-Ferrer.jpg?resize=300%2C282&amp;ssl=1 300w, https:\/\/i0.wp.com\/eltrabajo.cl\/portal\/wp-content\/uploads\/2014\/07\/Patricia-Herrera-Ferrer.jpg?resize=150%2C141&amp;ssl=1 150w, https:\/\/i0.wp.com\/eltrabajo.cl\/portal\/wp-content\/uploads\/2014\/07\/Patricia-Herrera-Ferrer.jpg?resize=400%2C376&amp;ssl=1 400w\" width=\"358\" height=\"337\" loading=\"lazy\" data-original-width=\"358\" data-original-height=\"337\" itemprop=\"http:\/\/schema.org\/image\" title=\"Patricia Herrera Ferrer\" alt=\"Madre de Jonathan, Patricia Herrera Ferrer.\" style=\"width: 358px; height: 337px;\" \/> <\/a> <div class=\"tiled-gallery-caption\" itemprop=\"caption description\"> Madre de Jonathan, Patricia Herrera Ferrer. <\/div> <\/div> <\/div> <!-- close group --> <div class=\"gallery-group images-1\" style=\"width: 278px; height: 341px;\" data-original-width=\"278\" data-original-height=\"341\" > <div class=\"tiled-gallery-item tiled-gallery-item-large\" itemprop=\"associatedMedia\" itemscope itemtype=\"http:\/\/schema.org\/ImageObject\"> <a href=\"https:\/\/eltrabajo.cl\/portal\/claudia-gallardo-asegura-que-solamente-se-defendieron-mi-papa-y-mi-hermano-no-son-asesinos-actuaron-en-legitima-defensa\/onix1\/\" border=\"0\" itemprop=\"url\"> <meta itemprop=\"width\" content=\"274\"> <meta itemprop=\"height\" content=\"337\"> <img decoding=\"async\" class=\"\" data-attachment-id=\"49386\" data-orig-file=\"https:\/\/eltrabajo.cl\/portal\/wp-content\/uploads\/2014\/07\/Onix1.jpg\" data-orig-size=\"529,649\" data-comments-opened=\"1\" data-image-meta=\"{&quot;aperture&quot;:&quot;0&quot;,&quot;credit&quot;:&quot;&quot;,&quot;camera&quot;:&quot;&quot;,&quot;caption&quot;:&quot;&quot;,&quot;created_timestamp&quot;:&quot;0&quot;,&quot;copyright&quot;:&quot;&quot;,&quot;focal_length&quot;:&quot;0&quot;,&quot;iso&quot;:&quot;0&quot;,&quot;shutter_speed&quot;:&quot;0&quot;,&quot;title&quot;:&quot;&quot;}\" data-image-title=\"Onix1\" data-image-description=\"&lt;p&gt;CACHORRITO DE LA DISCORDIA.- Este es Onix (definitivamente no es Pitbull), cachorrito por el cual se habr\u00eda originado la disputa entre los vecinos implicados.&lt;\/p&gt; \" data-medium-file=\"https:\/\/i0.wp.com\/eltrabajo.cl\/portal\/wp-content\/uploads\/2014\/07\/Onix1.jpg?fit=244%2C300&#038;ssl=1\" data-large-file=\"https:\/\/i0.wp.com\/eltrabajo.cl\/portal\/wp-content\/uploads\/2014\/07\/Onix1.jpg?fit=529%2C649&#038;ssl=1\" src=\"https:\/\/i0.wp.com\/eltrabajo.cl\/portal\/wp-content\/uploads\/2014\/07\/Onix1.jpg?w=274&#038;h=337&#038;ssl=1\" srcset=\"https:\/\/i0.wp.com\/eltrabajo.cl\/portal\/wp-content\/uploads\/2014\/07\/Onix1.jpg?w=529&amp;ssl=1 529w, https:\/\/i0.wp.com\/eltrabajo.cl\/portal\/wp-content\/uploads\/2014\/07\/Onix1.jpg?resize=122%2C150&amp;ssl=1 122w, https:\/\/i0.wp.com\/eltrabajo.cl\/portal\/wp-content\/uploads\/2014\/07\/Onix1.jpg?resize=244%2C300&amp;ssl=1 244w, https:\/\/i0.wp.com\/eltrabajo.cl\/portal\/wp-content\/uploads\/2014\/07\/Onix1.jpg?resize=400%2C490&amp;ssl=1 400w\" width=\"274\" height=\"337\" loading=\"lazy\" data-original-width=\"274\" data-original-height=\"337\" itemprop=\"http:\/\/schema.org\/image\" title=\"Onix1\" alt=\"CACHORRITO DE LA DISCORDIA.- Este es Onix (definitivamente no es Pitbull), cachorrito por el cual se habr\u00eda originado la disputa entre los vecinos implicados.\" style=\"width: 274px; height: 337px;\" \/> <\/a> <div class=\"tiled-gallery-caption\" itemprop=\"caption description\"> CACHORRITO DE LA DISCORDIA.- Este es Onix (definitivamente no es Pitbull), cachorrito por el cual se habr\u00eda originado la disputa entre los vecinos implicados. <\/div> <\/div> <\/div> <!-- close group --> <\/div> <!-- close row --> <\/div>\n","protected":false},"excerpt":{"rendered":"<p>Mientras Manuel Gallardo P\u00e1ez y Manuel Gallardo Araya siguen detenidos como imputados por la muerte de Manuel Basso Fuenzalida, misma ocurrida en enero de este a\u00f1o, la familia de los imputados hoy&#8230;<\/p>\n","protected":false},"author":482,"featured_media":49385,"comment_status":"open","ping_status":"closed","sticky":false,"template":"","format":"standard","meta":{"advanced_seo_description":"","jetpack_seo_html_title":"","jetpack_seo_noindex":false,"_jetpack_memberships_contains_paid_content":false,"footnotes":""},"categories":[15],"tags":[],"class_list":["post-49384","post","type-post","status-publish","format-standard","has-post-thumbnail","hentry","category-comunidad"],"jetpack_featured_media_url":"https:\/\/i0.wp.com\/eltrabajo.cl\/portal\/wp-content\/uploads\/2014\/07\/Familiares1.jpg?fit=529%2C358&ssl=1","jetpack_sharing_enabled":true,"jetpack_likes_enabled":true,"jetpack-related-posts":[],"_links":{"self":[{"href":"https:\/\/eltrabajo.cl\/portal\/wp-json\/wp\/v2\/posts\/49384","targetHints":{"allow":["GET"]}}],"collection":[{"href":"https:\/\/eltrabajo.cl\/portal\/wp-json\/wp\/v2\/posts"}],"about":[{"href":"https:\/\/eltrabajo.cl\/portal\/wp-json\/wp\/v2\/types\/post"}],"author":[{"embeddable":true,"href":"https:\/\/eltrabajo.cl\/portal\/wp-json\/wp\/v2\/users\/482"}],"replies":[{"embeddable":true,"href":"https:\/\/eltrabajo.cl\/portal\/wp-json\/wp\/v2\/comments?post=49384"}],"version-history":[{"count":0,"href":"https:\/\/eltrabajo.cl\/portal\/wp-json\/wp\/v2\/posts\/49384\/revisions"}],"wp:featuredmedia":[{"embeddable":true,"href":"https:\/\/eltrabajo.cl\/portal\/wp-json\/wp\/v2\/media\/49385"}],"wp:attachment":[{"href":"https:\/\/eltrabajo.cl\/portal\/wp-json\/wp\/v2\/media?parent=49384"}],"wp:term":[{"taxonomy":"category","embeddable":true,"href":"https:\/\/eltrabajo.cl\/portal\/wp-json\/wp\/v2\/categories?post=49384"},{"taxonomy":"post_tag","embeddable":true,"href":"https:\/\/eltrabajo.cl\/portal\/wp-json\/wp\/v2\/tags?post=49384"}],"curies":[{"name":"wp","href":"https:\/\/api.w.org\/{rel}","templated":true}]}}