{"id":49389,"date":"2014-07-29T10:57:52","date_gmt":"2014-07-29T14:57:52","guid":{"rendered":"http:\/\/www.eltrabajo.cl\/portal\/?p=49389"},"modified":"2014-07-29T10:57:52","modified_gmt":"2014-07-29T14:57:52","slug":"mas-de-2-millones-en-dinero-y-especies-se-llevan-delincuentes-de-zapateria","status":"publish","type":"post","link":"https:\/\/eltrabajo.cl\/portal\/mas-de-2-millones-en-dinero-y-especies-se-llevan-delincuentes-de-zapateria\/","title":{"rendered":"M\u00e1s de $2 millones en dinero y especies se llevan delincuentes de zapater\u00eda"},"content":{"rendered":"<figure id=\"attachment_49390\" aria-describedby=\"caption-attachment-49390\" style=\"width: 528px\" class=\"wp-caption alignnone\"><a href=\"https:\/\/i0.wp.com\/www.eltrabajo.cl\/portal\/wp-content\/uploads\/2014\/07\/calpro4.jpg\"><img data-recalc-dims=\"1\" loading=\"lazy\" decoding=\"async\" class=\"size-full wp-image-49390\" alt=\"De acuerdo al catastro inicial hecho por los due\u00f1os de la zapater\u00eda, los maleantes se llevaron alrededor de 2 millones de pesos en calzado y 150 mil pesos en dinero en efectivo.\" src=\"https:\/\/i0.wp.com\/www.eltrabajo.cl\/portal\/wp-content\/uploads\/2014\/07\/calpro4.jpg?resize=528%2C436\" width=\"528\" height=\"436\" srcset=\"https:\/\/i0.wp.com\/eltrabajo.cl\/portal\/wp-content\/uploads\/2014\/07\/calpro4.jpg?w=528&amp;ssl=1 528w, https:\/\/i0.wp.com\/eltrabajo.cl\/portal\/wp-content\/uploads\/2014\/07\/calpro4.jpg?resize=181%2C150&amp;ssl=1 181w, https:\/\/i0.wp.com\/eltrabajo.cl\/portal\/wp-content\/uploads\/2014\/07\/calpro4.jpg?resize=300%2C247&amp;ssl=1 300w, https:\/\/i0.wp.com\/eltrabajo.cl\/portal\/wp-content\/uploads\/2014\/07\/calpro4.jpg?resize=150%2C123&amp;ssl=1 150w, https:\/\/i0.wp.com\/eltrabajo.cl\/portal\/wp-content\/uploads\/2014\/07\/calpro4.jpg?resize=400%2C330&amp;ssl=1 400w\" sizes=\"auto, (max-width: 528px) 100vw, 528px\" \/><\/a><figcaption id=\"caption-attachment-49390\" class=\"wp-caption-text\">De acuerdo al catastro inicial hecho por los due\u00f1os de la zapater\u00eda, los maleantes se llevaron alrededor de 2 millones de pesos en calzado y 150 mil pesos en dinero en efectivo.<\/figcaption><\/figure>\n<ul>\n<li><strong>Antisociales escalaron la pared del frontis apoy\u00e1ndose en los largueros del toldo de un local contiguo para acceder al techo.<\/strong><\/li>\n<\/ul>\n<p><strong>LOS ANDES.<\/strong>&#8211; M\u00e1s de dos millones de pesos en especies y dinero en efectivo se llevaron delincuentes que durante la madrugada del domingo ingresaron a robar a la zapater\u00eda \u2018Calpro\u2019, ubicada en calle Maip\u00fa N\u00b0 136.<\/p>\n<figure id=\"attachment_49391\" aria-describedby=\"caption-attachment-49391\" style=\"width: 370px\" class=\"wp-caption alignright\"><a href=\"https:\/\/i0.wp.com\/www.eltrabajo.cl\/portal\/wp-content\/uploads\/2014\/07\/calpro2.jpg\"><img data-recalc-dims=\"1\" loading=\"lazy\" decoding=\"async\" class=\" wp-image-49391 \" alt=\"Los delincuentes accedieron al techo escalando el muro principal, para lo cual se apoyaron a los largueros del toldo de un local contiguo.\" src=\"https:\/\/i0.wp.com\/www.eltrabajo.cl\/portal\/wp-content\/uploads\/2014\/07\/calpro2.jpg?resize=370%2C234\" width=\"370\" height=\"234\" srcset=\"https:\/\/i0.wp.com\/eltrabajo.cl\/portal\/wp-content\/uploads\/2014\/07\/calpro2.jpg?w=528&amp;ssl=1 528w, https:\/\/i0.wp.com\/eltrabajo.cl\/portal\/wp-content\/uploads\/2014\/07\/calpro2.jpg?resize=200%2C126&amp;ssl=1 200w, https:\/\/i0.wp.com\/eltrabajo.cl\/portal\/wp-content\/uploads\/2014\/07\/calpro2.jpg?resize=300%2C190&amp;ssl=1 300w, https:\/\/i0.wp.com\/eltrabajo.cl\/portal\/wp-content\/uploads\/2014\/07\/calpro2.jpg?resize=150%2C95&amp;ssl=1 150w, https:\/\/i0.wp.com\/eltrabajo.cl\/portal\/wp-content\/uploads\/2014\/07\/calpro2.jpg?resize=400%2C253&amp;ssl=1 400w\" sizes=\"auto, (max-width: 370px) 100vw, 370px\" \/><\/a><figcaption id=\"caption-attachment-49391\" class=\"wp-caption-text\">Los delincuentes accedieron al techo escalando el muro principal, para lo cual se apoyaron a los largueros del toldo de un local contiguo.<\/figcaption><\/figure>\n<p>Los delincuentes accedieron al techo escalando el muro principal, para lo cual se apoyaron a los largueros del toldo de un local contiguo.<\/p>\n<p>Posteriormente bajaron hacia un patio posterior del inmueble y forzaron una puerta, accediendo primero a la bodega y una sala de ventas.<\/p>\n<p>Incluso se dieron ma\u00f1a para romper una tabiquer\u00eda y abrir un forado hacia un local contiguo donde funciona la boutique \u2018Spigas\u2019.<\/p>\n<p>De acuerdo al catastro inicial hecho por los due\u00f1os de la zapater\u00eda, los maleantes se llevaron alrededor de 2 millones de pesos en calzado y 150 mil pesos en dinero en efectivo.<\/p>\n<p>El robo qued\u00f3 al descubierto la ma\u00f1ana del domingo cuando sus due\u00f1os acudieron a revisar unas cuentas, encontr\u00e1ndose con el interior en completo desorden.<\/p>\n<p>En primera instancia acudi\u00f3 personal de Carabineros del cuadrante 1, pero por instrucciones del fiscal de turno se hizo presente la Brigada de Robos de la PDI.<\/p>\n<p>En el lugar se llevaron adelante pericias destinadas a obtener huellas que permitan la identificaci\u00f3n de los antisociales.<\/p>\n<p>&nbsp;<\/p>\n","protected":false},"excerpt":{"rendered":"<p>Antisociales escalaron la pared del frontis apoy\u00e1ndose en los largueros del toldo de un local contiguo para acceder al techo. LOS ANDES.&#8211; M\u00e1s de dos millones de pesos en especies y dinero&#8230;<\/p>\n","protected":false},"author":482,"featured_media":49390,"comment_status":"open","ping_status":"closed","sticky":false,"template":"","format":"standard","meta":{"advanced_seo_description":"","jetpack_seo_html_title":"","jetpack_seo_noindex":false,"_jetpack_memberships_contains_paid_content":false,"footnotes":""},"categories":[21],"tags":[],"class_list":["post-49389","post","type-post","status-publish","format-standard","has-post-thumbnail","hentry","category-policial"],"jetpack_featured_media_url":"https:\/\/i0.wp.com\/eltrabajo.cl\/portal\/wp-content\/uploads\/2014\/07\/calpro4.jpg?fit=528%2C436&ssl=1","jetpack_sharing_enabled":true,"jetpack_likes_enabled":true,"jetpack-related-posts":[],"_links":{"self":[{"href":"https:\/\/eltrabajo.cl\/portal\/wp-json\/wp\/v2\/posts\/49389","targetHints":{"allow":["GET"]}}],"collection":[{"href":"https:\/\/eltrabajo.cl\/portal\/wp-json\/wp\/v2\/posts"}],"about":[{"href":"https:\/\/eltrabajo.cl\/portal\/wp-json\/wp\/v2\/types\/post"}],"author":[{"embeddable":true,"href":"https:\/\/eltrabajo.cl\/portal\/wp-json\/wp\/v2\/users\/482"}],"replies":[{"embeddable":true,"href":"https:\/\/eltrabajo.cl\/portal\/wp-json\/wp\/v2\/comments?post=49389"}],"version-history":[{"count":0,"href":"https:\/\/eltrabajo.cl\/portal\/wp-json\/wp\/v2\/posts\/49389\/revisions"}],"wp:featuredmedia":[{"embeddable":true,"href":"https:\/\/eltrabajo.cl\/portal\/wp-json\/wp\/v2\/media\/49390"}],"wp:attachment":[{"href":"https:\/\/eltrabajo.cl\/portal\/wp-json\/wp\/v2\/media?parent=49389"}],"wp:term":[{"taxonomy":"category","embeddable":true,"href":"https:\/\/eltrabajo.cl\/portal\/wp-json\/wp\/v2\/categories?post=49389"},{"taxonomy":"post_tag","embeddable":true,"href":"https:\/\/eltrabajo.cl\/portal\/wp-json\/wp\/v2\/tags?post=49389"}],"curies":[{"name":"wp","href":"https:\/\/api.w.org\/{rel}","templated":true}]}}