{"id":4939,"date":"2011-10-19T08:53:13","date_gmt":"2011-10-19T12:53:13","guid":{"rendered":"http:\/\/www.eltrabajo.cl\/portal\/?p=4939"},"modified":"2011-10-21T16:20:10","modified_gmt":"2011-10-21T20:20:10","slug":"jardin-infantil-piedrecitas-de-granallas-se-adhiere-a-21-anos-de-integra","status":"publish","type":"post","link":"https:\/\/eltrabajo.cl\/portal\/jardin-infantil-piedrecitas-de-granallas-se-adhiere-a-21-anos-de-integra\/","title":{"rendered":"Jard\u00edn Infantil Piedrecitas de Granallas se adhiere a 21 a\u00f1os de Integra"},"content":{"rendered":"<figure id=\"attachment_4940\" aria-describedby=\"caption-attachment-4940\" style=\"width: 600px\" class=\"wp-caption alignnone\"><a href=\"http:\/\/www.eltrabajo.cl\/portal\/archives\/4939\/aniversario-jardin-infantil-10\" rel=\"attachment wp-att-4940\"><img data-recalc-dims=\"1\" loading=\"lazy\" decoding=\"async\" class=\"size-full wp-image-4940 \" title=\"aniversario jardin infantil (10)\" src=\"https:\/\/i0.wp.com\/www.eltrabajo.cl\/portal\/wp-content\/uploads\/2011\/10\/aniversario-jardin-infantil-10.jpg?resize=600%2C450\" alt=\"Las t\u00edas del Jard\u00edn Infantil Piedrecitas de Granallas junto a los peque\u00f1os a su cuidado.\" width=\"600\" height=\"450\" srcset=\"https:\/\/i0.wp.com\/eltrabajo.cl\/portal\/wp-content\/uploads\/2011\/10\/aniversario-jardin-infantil-10.jpg?w=600&amp;ssl=1 600w, https:\/\/i0.wp.com\/eltrabajo.cl\/portal\/wp-content\/uploads\/2011\/10\/aniversario-jardin-infantil-10.jpg?resize=200%2C150&amp;ssl=1 200w, https:\/\/i0.wp.com\/eltrabajo.cl\/portal\/wp-content\/uploads\/2011\/10\/aniversario-jardin-infantil-10.jpg?resize=300%2C225&amp;ssl=1 300w, https:\/\/i0.wp.com\/eltrabajo.cl\/portal\/wp-content\/uploads\/2011\/10\/aniversario-jardin-infantil-10.jpg?resize=150%2C112&amp;ssl=1 150w, https:\/\/i0.wp.com\/eltrabajo.cl\/portal\/wp-content\/uploads\/2011\/10\/aniversario-jardin-infantil-10.jpg?resize=400%2C300&amp;ssl=1 400w\" sizes=\"auto, (max-width: 600px) 100vw, 600px\" \/><\/a><figcaption id=\"caption-attachment-4940\" class=\"wp-caption-text\">Las t\u00edas del Jard\u00edn Infantil Piedrecitas de Granallas junto a los peque\u00f1os a su cuidado.<\/figcaption><\/figure>\n<p><strong>PUTAENDO.-<\/strong> El Jard\u00edn Infantil Piedrecitas de Granallas se encuentra celebrando durante esta semana el aniversario 21 de la Fundaci\u00f3n Integra con distintas y llamativas actividades.<\/p>\n<p>Este jard\u00edn pertenece a la Fundaci\u00f3n Integra, est\u00e1 ubicado en el sector de Granallas y consta de una matr\u00edcula de m\u00e1s de veinte menores de entre 2 y 5 a\u00f1os de edad, los que a diario reciben todas las atenciones que las profesionales entregan, destacando que este jard\u00edn dispone de transporte propio para trasladar a los peque\u00f1os desde distintos puntos de la comuna hasta el sector de Granallas, sobresaliendo su sistema de alimentaci\u00f3n saludable, cuyo prop\u00f3sito es justamente promover la alimentaci\u00f3n sana en los ni\u00f1os y sus familias, para ayudar a disminuir los \u00edndices de obesidad y sobrepeso pre-escolar, ello a trav\u00e9s de proyectos que son originados y ejecutados por el jard\u00edn.<\/p>\n<p>El Jard\u00edn Infantil Piedrecitas de Granallas tambi\u00e9n cuenta con un jard\u00edn digital donde se instalan computadores en las salas de los peque\u00f1os que tienen entre 2 y 4 a\u00f1os, quienes guiados por la educadora dedican algunas horas de la semana a su exploraci\u00f3n.<\/p>\n<p>Durante el a\u00f1o 2010 se efectu\u00f3 una considerable mejora en la infraestructura de este jard\u00edn, que fue en directo beneficio de los ni\u00f1os y ni\u00f1as, donde se realiz\u00f3 una modernizaci\u00f3n y mejoramiento importante de los distintos espacios que permite generar un ambiente mucho m\u00e1s apropiado y favorable a los procesos de aprendizaje.<\/p>\n<p>La ma\u00f1ana de este lunes los m\u00e1s peque\u00f1itos, acompa\u00f1ados de sus t\u00edas y algunos apoderados, se tomaron la plaza de la comuna para pintar algunos hermosos dibujos en las baldosas del paseo p\u00fablico, con algunos peque\u00f1itos disfrazados, dando inicio de esta forma a la semana aniversario de Fundaci\u00f3n Integra, que contempla un sinn\u00famero de otras actividades que nuestro medio difundir\u00e1 en su momento.<\/p>\n<p><strong>Patricio Gallardo M.<\/strong><\/p>\n","protected":false},"excerpt":{"rendered":"<p>PUTAENDO.- El Jard\u00edn Infantil Piedrecitas de Granallas se encuentra celebrando durante esta semana el aniversario 21 de la Fundaci\u00f3n Integra con distintas y llamativas actividades. Este jard\u00edn pertenece a la Fundaci\u00f3n Integra,&#8230;<\/p>\n","protected":false},"author":482,"featured_media":4940,"comment_status":"open","ping_status":"open","sticky":false,"template":"","format":"standard","meta":{"advanced_seo_description":"","jetpack_seo_html_title":"","jetpack_seo_noindex":false,"_jetpack_memberships_contains_paid_content":false,"footnotes":""},"categories":[15],"tags":[],"class_list":["post-4939","post","type-post","status-publish","format-standard","has-post-thumbnail","hentry","category-comunidad"],"jetpack_featured_media_url":"https:\/\/i0.wp.com\/eltrabajo.cl\/portal\/wp-content\/uploads\/2011\/10\/aniversario-jardin-infantil-10.jpg?fit=600%2C450&ssl=1","jetpack_sharing_enabled":true,"jetpack_likes_enabled":true,"jetpack-related-posts":[],"_links":{"self":[{"href":"https:\/\/eltrabajo.cl\/portal\/wp-json\/wp\/v2\/posts\/4939","targetHints":{"allow":["GET"]}}],"collection":[{"href":"https:\/\/eltrabajo.cl\/portal\/wp-json\/wp\/v2\/posts"}],"about":[{"href":"https:\/\/eltrabajo.cl\/portal\/wp-json\/wp\/v2\/types\/post"}],"author":[{"embeddable":true,"href":"https:\/\/eltrabajo.cl\/portal\/wp-json\/wp\/v2\/users\/482"}],"replies":[{"embeddable":true,"href":"https:\/\/eltrabajo.cl\/portal\/wp-json\/wp\/v2\/comments?post=4939"}],"version-history":[{"count":0,"href":"https:\/\/eltrabajo.cl\/portal\/wp-json\/wp\/v2\/posts\/4939\/revisions"}],"wp:featuredmedia":[{"embeddable":true,"href":"https:\/\/eltrabajo.cl\/portal\/wp-json\/wp\/v2\/media\/4940"}],"wp:attachment":[{"href":"https:\/\/eltrabajo.cl\/portal\/wp-json\/wp\/v2\/media?parent=4939"}],"wp:term":[{"taxonomy":"category","embeddable":true,"href":"https:\/\/eltrabajo.cl\/portal\/wp-json\/wp\/v2\/categories?post=4939"},{"taxonomy":"post_tag","embeddable":true,"href":"https:\/\/eltrabajo.cl\/portal\/wp-json\/wp\/v2\/tags?post=4939"}],"curies":[{"name":"wp","href":"https:\/\/api.w.org\/{rel}","templated":true}]}}