{"id":49395,"date":"2014-07-29T11:00:19","date_gmt":"2014-07-29T15:00:19","guid":{"rendered":"http:\/\/www.eltrabajo.cl\/portal\/?p=49395"},"modified":"2014-07-29T11:00:19","modified_gmt":"2014-07-29T15:00:19","slug":"nueva-broma-con-aviso-de-bomba-afecto-ahora-al-comercial-de-los-andes","status":"publish","type":"post","link":"https:\/\/eltrabajo.cl\/portal\/nueva-broma-con-aviso-de-bomba-afecto-ahora-al-comercial-de-los-andes\/","title":{"rendered":"Nueva broma con aviso de bomba afect\u00f3 ahora al Comercial de Los Andes"},"content":{"rendered":"<figure id=\"attachment_49396\" aria-describedby=\"caption-attachment-49396\" style=\"width: 528px\" class=\"wp-caption alignnone\"><a href=\"https:\/\/i0.wp.com\/www.eltrabajo.cl\/portal\/wp-content\/uploads\/2014\/07\/aviso-bomba1.jpg\"><img data-recalc-dims=\"1\" loading=\"lazy\" decoding=\"async\" class=\"size-full wp-image-49396\" alt=\"Carabineros revis\u00f3 todo el establecimiento ante un llamado telef\u00f3nico que alert\u00f3 de una mochila sospechosa.\" src=\"https:\/\/i0.wp.com\/www.eltrabajo.cl\/portal\/wp-content\/uploads\/2014\/07\/aviso-bomba1.jpg?resize=528%2C401\" width=\"528\" height=\"401\" srcset=\"https:\/\/i0.wp.com\/eltrabajo.cl\/portal\/wp-content\/uploads\/2014\/07\/aviso-bomba1.jpg?w=528&amp;ssl=1 528w, https:\/\/i0.wp.com\/eltrabajo.cl\/portal\/wp-content\/uploads\/2014\/07\/aviso-bomba1.jpg?resize=197%2C150&amp;ssl=1 197w, https:\/\/i0.wp.com\/eltrabajo.cl\/portal\/wp-content\/uploads\/2014\/07\/aviso-bomba1.jpg?resize=300%2C227&amp;ssl=1 300w, https:\/\/i0.wp.com\/eltrabajo.cl\/portal\/wp-content\/uploads\/2014\/07\/aviso-bomba1.jpg?resize=150%2C113&amp;ssl=1 150w, https:\/\/i0.wp.com\/eltrabajo.cl\/portal\/wp-content\/uploads\/2014\/07\/aviso-bomba1.jpg?resize=400%2C303&amp;ssl=1 400w\" sizes=\"auto, (max-width: 528px) 100vw, 528px\" \/><\/a><figcaption id=\"caption-attachment-49396\" class=\"wp-caption-text\">Carabineros revis\u00f3 todo el establecimiento ante un llamado telef\u00f3nico que alert\u00f3 de una mochila sospechosa.<\/figcaption><\/figure>\n<p><strong>LOS ANDES.-<\/strong> Una \u2018pitanza telef\u00f3nica\u2019 result\u00f3 ser el falso aviso de bomba que la ma\u00f1ana de este lunes moviliz\u00f3 a Carabineros en el Liceo Comercial de Los Andes, situaci\u00f3n similar a la ocurrida la semana pasada en un liceo de San Felipe.<\/p>\n<figure id=\"attachment_49397\" aria-describedby=\"caption-attachment-49397\" style=\"width: 370px\" class=\"wp-caption alignright\"><a href=\"https:\/\/i0.wp.com\/www.eltrabajo.cl\/portal\/wp-content\/uploads\/2014\/07\/aviso-bomba.jpg\"><img data-recalc-dims=\"1\" loading=\"lazy\" decoding=\"async\" class=\" wp-image-49397 \" alt=\"Personal de Carabineros concurri\u00f3 al Liceo y revis\u00f3 por completo el establecimiento.\" src=\"https:\/\/i0.wp.com\/www.eltrabajo.cl\/portal\/wp-content\/uploads\/2014\/07\/aviso-bomba.jpg?resize=370%2C281\" width=\"370\" height=\"281\" srcset=\"https:\/\/i0.wp.com\/eltrabajo.cl\/portal\/wp-content\/uploads\/2014\/07\/aviso-bomba.jpg?w=528&amp;ssl=1 528w, https:\/\/i0.wp.com\/eltrabajo.cl\/portal\/wp-content\/uploads\/2014\/07\/aviso-bomba.jpg?resize=197%2C150&amp;ssl=1 197w, https:\/\/i0.wp.com\/eltrabajo.cl\/portal\/wp-content\/uploads\/2014\/07\/aviso-bomba.jpg?resize=300%2C227&amp;ssl=1 300w, https:\/\/i0.wp.com\/eltrabajo.cl\/portal\/wp-content\/uploads\/2014\/07\/aviso-bomba.jpg?resize=150%2C113&amp;ssl=1 150w, https:\/\/i0.wp.com\/eltrabajo.cl\/portal\/wp-content\/uploads\/2014\/07\/aviso-bomba.jpg?resize=400%2C303&amp;ssl=1 400w\" sizes=\"auto, (max-width: 370px) 100vw, 370px\" \/><\/a><figcaption id=\"caption-attachment-49397\" class=\"wp-caption-text\">Personal de Carabineros concurri\u00f3 al Liceo y revis\u00f3 por completo el establecimiento.<\/figcaption><\/figure>\n<p>El Comisario de Carabineros de Los Andes, Mayor Edgardo Egli, se\u00f1al\u00f3 que recibieron un llamado avisando que al interior del establecimiento hab\u00eda una mochila sospechosa.<\/p>\n<p>Precis\u00f3 que de inmediato personal de servicio en la poblaci\u00f3n concurri\u00f3 al Liceo y verific\u00f3 los niveles de riesgo, tras lo cual se revis\u00f3 por completo el establecimiento, no hallando la mentada mochila.<\/p>\n<p>\u201cDescartamos por completo una bomba, por lo que el liceo sigui\u00f3 con sus actividades normales, ya que nuestros protocolos de seguridad nos permitieron ir descartando esa situaci\u00f3n\u201d, afirm\u00f3 el oficial.<\/p>\n<p>Agreg\u00f3 que se encuentran verificando el n\u00famero telef\u00f3nico desde donde se gener\u00f3 el llamado a fin de colocar los antecedentes en manos del Ministerio P\u00fablico.<\/p>\n<p>El Comisario junto con llamar a la tranquilidad a los vecinos respecto a estos eventos, pidi\u00f3 terminar con estos llamados falsos que los obligan a distraer recursos t\u00e9cnicos y humanos que est\u00e1n destinados a la prevenci\u00f3n de los delitos.<\/p>\n<p>\u201cNo obstante, Carabineros siempre tiene activados los procesos de contingencia a fin de poder enfrentar estas situaciones que nosotros llevamos a cabo r\u00e1pidamente para ir descartando estos eventos y que siga todo en su normalidad\u201d, detall\u00f3.<\/p>\n<p>El Comisario descart\u00f3 que este llamado haya tenido alguna relaci\u00f3n con el ocurrido el s\u00e1bado en la industria Cormec\u00e1nica, \u201cya que en ese caso manejamos la teor\u00eda de un ex trabajador que pudo tener conflicto con la empresa\u201d.<\/p>\n<p>&nbsp;<\/p>\n","protected":false},"excerpt":{"rendered":"<p>LOS ANDES.- Una \u2018pitanza telef\u00f3nica\u2019 result\u00f3 ser el falso aviso de bomba que la ma\u00f1ana de este lunes moviliz\u00f3 a Carabineros en el Liceo Comercial de Los Andes, situaci\u00f3n similar a la&#8230;<\/p>\n","protected":false},"author":482,"featured_media":49396,"comment_status":"open","ping_status":"closed","sticky":false,"template":"","format":"standard","meta":{"advanced_seo_description":"","jetpack_seo_html_title":"","jetpack_seo_noindex":false,"_jetpack_memberships_contains_paid_content":false,"footnotes":""},"categories":[21],"tags":[],"class_list":["post-49395","post","type-post","status-publish","format-standard","has-post-thumbnail","hentry","category-policial"],"jetpack_featured_media_url":"https:\/\/i0.wp.com\/eltrabajo.cl\/portal\/wp-content\/uploads\/2014\/07\/aviso-bomba1.jpg?fit=528%2C401&ssl=1","jetpack_sharing_enabled":true,"jetpack_likes_enabled":true,"jetpack-related-posts":[],"_links":{"self":[{"href":"https:\/\/eltrabajo.cl\/portal\/wp-json\/wp\/v2\/posts\/49395","targetHints":{"allow":["GET"]}}],"collection":[{"href":"https:\/\/eltrabajo.cl\/portal\/wp-json\/wp\/v2\/posts"}],"about":[{"href":"https:\/\/eltrabajo.cl\/portal\/wp-json\/wp\/v2\/types\/post"}],"author":[{"embeddable":true,"href":"https:\/\/eltrabajo.cl\/portal\/wp-json\/wp\/v2\/users\/482"}],"replies":[{"embeddable":true,"href":"https:\/\/eltrabajo.cl\/portal\/wp-json\/wp\/v2\/comments?post=49395"}],"version-history":[{"count":0,"href":"https:\/\/eltrabajo.cl\/portal\/wp-json\/wp\/v2\/posts\/49395\/revisions"}],"wp:featuredmedia":[{"embeddable":true,"href":"https:\/\/eltrabajo.cl\/portal\/wp-json\/wp\/v2\/media\/49396"}],"wp:attachment":[{"href":"https:\/\/eltrabajo.cl\/portal\/wp-json\/wp\/v2\/media?parent=49395"}],"wp:term":[{"taxonomy":"category","embeddable":true,"href":"https:\/\/eltrabajo.cl\/portal\/wp-json\/wp\/v2\/categories?post=49395"},{"taxonomy":"post_tag","embeddable":true,"href":"https:\/\/eltrabajo.cl\/portal\/wp-json\/wp\/v2\/tags?post=49395"}],"curies":[{"name":"wp","href":"https:\/\/api.w.org\/{rel}","templated":true}]}}