{"id":49400,"date":"2014-07-29T11:16:18","date_gmt":"2014-07-29T15:16:18","guid":{"rendered":"http:\/\/www.eltrabajo.cl\/portal\/?p=49400"},"modified":"2014-07-29T11:20:25","modified_gmt":"2014-07-29T15:20:25","slug":"lo-pillan-con-nina-de-solo-trece-anos-armado-y-con-pasta-base-en-camioneta","status":"publish","type":"post","link":"https:\/\/eltrabajo.cl\/portal\/lo-pillan-con-nina-de-solo-trece-anos-armado-y-con-pasta-base-en-camioneta\/","title":{"rendered":"Lo pillan con ni\u00f1a de solo trece a\u00f1os, armado y con pasta base en camioneta"},"content":{"rendered":"<p><a href=\"https:\/\/i0.wp.com\/www.eltrabajo.cl\/portal\/wp-content\/uploads\/2014\/07\/Guaton-Franklin.jpg\"><img data-recalc-dims=\"1\" loading=\"lazy\" decoding=\"async\" class=\"size-full wp-image-49401\" alt=\"El imputado fue detenido y formalizado quedando bajo la cautelar de Prisi\u00f3n Preventiva por un plazo de 90 fijados para la investigaci\u00f3n de los delitos.\" src=\"https:\/\/i0.wp.com\/www.eltrabajo.cl\/portal\/wp-content\/uploads\/2014\/07\/Guaton-Franklin.jpg?resize=528%2C400\" width=\"528\" height=\"400\" srcset=\"https:\/\/i0.wp.com\/eltrabajo.cl\/portal\/wp-content\/uploads\/2014\/07\/Guaton-Franklin.jpg?w=528&amp;ssl=1 528w, https:\/\/i0.wp.com\/eltrabajo.cl\/portal\/wp-content\/uploads\/2014\/07\/Guaton-Franklin.jpg?resize=198%2C150&amp;ssl=1 198w, https:\/\/i0.wp.com\/eltrabajo.cl\/portal\/wp-content\/uploads\/2014\/07\/Guaton-Franklin.jpg?resize=300%2C227&amp;ssl=1 300w, https:\/\/i0.wp.com\/eltrabajo.cl\/portal\/wp-content\/uploads\/2014\/07\/Guaton-Franklin.jpg?resize=150%2C113&amp;ssl=1 150w, https:\/\/i0.wp.com\/eltrabajo.cl\/portal\/wp-content\/uploads\/2014\/07\/Guaton-Franklin.jpg?resize=400%2C303&amp;ssl=1 400w\" sizes=\"auto, (max-width: 528px) 100vw, 528px\" \/><\/a><\/p>\n<dl class=\"wp-caption alignnone\" id=\"attachment_49401\" style=\"width: 538px;\">\n<dd class=\"wp-caption-dd\">El imputado fue detenido y formalizado quedando bajo la cautelar de Prisi\u00f3n Preventiva por un plazo de 90 fijados para la investigaci\u00f3n de los delitos.<\/dd>\n<\/dl>\n<p>Por un plazo de 90 d\u00edas fij\u00f3 el tribunal la cautelar de Prisi\u00f3n Preventiva a un sujeto de 20 a\u00f1os, quien previo fue detenido por Carabineros luego de fiscalizar la camioneta que se desplazaba con las luces apagadas, portando en su interior una escopeta recortada y 19 papelillos de pasta base de coca\u00edna.El procedimiento se produjo alrededor de las 03:30 horas del domingo en la intersecci\u00f3n de calles Santiago Bueras y La Concepci\u00f3n de Villa 250 A\u00f1os de San Felipe, cuando el imputado identificado como F.E.R.G. conduc\u00eda la camioneta Nissan de color gris oscuro acompa\u00f1ado de una menor de trece a\u00f1os.<\/p>\n<p>Carabineros se percat\u00f3 que al interior del m\u00f3vil manten\u00eda oculta una escopeta recortada calibre 12 con un cartucho, dispuesta a ser percutida, adem\u00e1s de dos bolsas contenedoras de m\u00e1s de cinco gramos de una sustancia que arroj\u00f3 coloraci\u00f3n positiva de pasta base de coca\u00edna, por el cual fue detenido.<\/p>\n<p>En tanto, Carabineros inform\u00f3 que el arma de fuego manten\u00eda una orden de encargo por Robo, por un ciudadano de la comuna de Talagante. Mientras que la camioneta fue retirada de circulaci\u00f3n dado que no manten\u00eda documentaci\u00f3n, siendo derivada a los aparcaderos del municipio.<\/p>\n<p>Asimismo la menor de edad fue entregada a su madre, quedando citada al Juzgado de Familia por Vulneraci\u00f3n de derechos. El Fiscal Osvaldo Basso formaliz\u00f3 al imputado por tres delitos: Porte ilegal de arma de fuego, Receptaci\u00f3n y Micro-tr\u00e1fico, requiriendo la cautelar de Prisi\u00f3n Preventiva, por representar un peligro para la sociedad por un plazo de 90 d\u00edas fijados para la investigaci\u00f3n.<\/p>\n<p>\u201cEstos hechos nos motivaron para pedir al tribunal tras su formalizaci\u00f3n por Receptaci\u00f3n, Tenencia ilegal de arma de fuego y Microtr\u00e1fico, la Prisi\u00f3n Preventiva, lo que definitiva el tribunal despu\u00e9s de conocer los antecedentes decidi\u00f3 otorgarla, puesto que adem\u00e1s de los delitos que fueron formalizados el imputado manten\u00eda tres procesos vigentes por los delitos de Micro-tr\u00e1fico, Robo con violencia e Intimidaci\u00f3n y por Robo en lugar no habitado\u201d, se\u00f1al\u00f3 el Fiscal Basso.<\/p>\n<p>Agreg\u00f3 que el acusado manten\u00eda una medida cautelar vigente de Arresto domiciliario nocturno, la cual estaba quebrantando toda vez que fue detenido en horas de la madrugada. El persecutor explic\u00f3 que las penas de Porte de armas de fuego podr\u00edan llegar a los diez a\u00f1os, la Receptaci\u00f3n y el Micro-tr\u00e1fico una condena que podr\u00edan llegar hasta los cinco a\u00f1os de c\u00e1rcel tras la realizaci\u00f3n de un juicio oral.<\/p>\n<p>Pablo Salinas Sald\u00edas<\/p>\n","protected":false},"excerpt":{"rendered":"<p>El imputado fue detenido y formalizado quedando bajo la cautelar de Prisi\u00f3n Preventiva por un plazo de 90 fijados para la investigaci\u00f3n de los delitos. Por un plazo de 90 d\u00edas fij\u00f3&#8230;<\/p>\n","protected":false},"author":482,"featured_media":49401,"comment_status":"open","ping_status":"closed","sticky":false,"template":"","format":"standard","meta":{"advanced_seo_description":"","jetpack_seo_html_title":"","jetpack_seo_noindex":false,"_jetpack_memberships_contains_paid_content":false,"footnotes":""},"categories":[21],"tags":[],"class_list":["post-49400","post","type-post","status-publish","format-standard","has-post-thumbnail","hentry","category-policial"],"jetpack_featured_media_url":"https:\/\/i0.wp.com\/eltrabajo.cl\/portal\/wp-content\/uploads\/2014\/07\/Guaton-Franklin.jpg?fit=528%2C400&ssl=1","jetpack_sharing_enabled":true,"jetpack_likes_enabled":true,"jetpack-related-posts":[],"_links":{"self":[{"href":"https:\/\/eltrabajo.cl\/portal\/wp-json\/wp\/v2\/posts\/49400","targetHints":{"allow":["GET"]}}],"collection":[{"href":"https:\/\/eltrabajo.cl\/portal\/wp-json\/wp\/v2\/posts"}],"about":[{"href":"https:\/\/eltrabajo.cl\/portal\/wp-json\/wp\/v2\/types\/post"}],"author":[{"embeddable":true,"href":"https:\/\/eltrabajo.cl\/portal\/wp-json\/wp\/v2\/users\/482"}],"replies":[{"embeddable":true,"href":"https:\/\/eltrabajo.cl\/portal\/wp-json\/wp\/v2\/comments?post=49400"}],"version-history":[{"count":0,"href":"https:\/\/eltrabajo.cl\/portal\/wp-json\/wp\/v2\/posts\/49400\/revisions"}],"wp:featuredmedia":[{"embeddable":true,"href":"https:\/\/eltrabajo.cl\/portal\/wp-json\/wp\/v2\/media\/49401"}],"wp:attachment":[{"href":"https:\/\/eltrabajo.cl\/portal\/wp-json\/wp\/v2\/media?parent=49400"}],"wp:term":[{"taxonomy":"category","embeddable":true,"href":"https:\/\/eltrabajo.cl\/portal\/wp-json\/wp\/v2\/categories?post=49400"},{"taxonomy":"post_tag","embeddable":true,"href":"https:\/\/eltrabajo.cl\/portal\/wp-json\/wp\/v2\/tags?post=49400"}],"curies":[{"name":"wp","href":"https:\/\/api.w.org\/{rel}","templated":true}]}}