{"id":49404,"date":"2014-07-29T11:18:19","date_gmt":"2014-07-29T15:18:19","guid":{"rendered":"http:\/\/www.eltrabajo.cl\/portal\/?p=49404"},"modified":"2014-07-29T11:18:19","modified_gmt":"2014-07-29T15:18:19","slug":"cae-banda-de-ladrones-de-joyas-gracias-a-camaras-de-video","status":"publish","type":"post","link":"https:\/\/eltrabajo.cl\/portal\/cae-banda-de-ladrones-de-joyas-gracias-a-camaras-de-video\/","title":{"rendered":"Cae banda de ladrones de joyas gracias a c\u00e1maras de video"},"content":{"rendered":"<figure id=\"attachment_49405\" aria-describedby=\"caption-attachment-49405\" style=\"width: 370px\" class=\"wp-caption alignleft\"><a href=\"https:\/\/i0.wp.com\/www.eltrabajo.cl\/portal\/wp-content\/uploads\/2014\/07\/Imputado-RoboJoyas-2.jpg\"><img data-recalc-dims=\"1\" loading=\"lazy\" decoding=\"async\" class=\" wp-image-49405 \" alt=\"El imputado de 19 a\u00f1os qued\u00f3 en custodia junto al adolescente en Gendarmer\u00eda, para ser formalizados el d\u00eda de hoy por la fiscal\u00eda, que requiri\u00f3 ampliar la detenci\u00f3n.\" src=\"https:\/\/i0.wp.com\/www.eltrabajo.cl\/portal\/wp-content\/uploads\/2014\/07\/Imputado-RoboJoyas-2.jpg?resize=370%2C279\" width=\"370\" height=\"279\" srcset=\"https:\/\/i0.wp.com\/eltrabajo.cl\/portal\/wp-content\/uploads\/2014\/07\/Imputado-RoboJoyas-2.jpg?w=529&amp;ssl=1 529w, https:\/\/i0.wp.com\/eltrabajo.cl\/portal\/wp-content\/uploads\/2014\/07\/Imputado-RoboJoyas-2.jpg?resize=200%2C150&amp;ssl=1 200w, https:\/\/i0.wp.com\/eltrabajo.cl\/portal\/wp-content\/uploads\/2014\/07\/Imputado-RoboJoyas-2.jpg?resize=300%2C225&amp;ssl=1 300w, https:\/\/i0.wp.com\/eltrabajo.cl\/portal\/wp-content\/uploads\/2014\/07\/Imputado-RoboJoyas-2.jpg?resize=150%2C112&amp;ssl=1 150w, https:\/\/i0.wp.com\/eltrabajo.cl\/portal\/wp-content\/uploads\/2014\/07\/Imputado-RoboJoyas-2.jpg?resize=400%2C300&amp;ssl=1 400w\" sizes=\"auto, (max-width: 370px) 100vw, 370px\" \/><\/a><figcaption id=\"caption-attachment-49405\" class=\"wp-caption-text\">El imputado de 19 a\u00f1os qued\u00f3 en custodia junto al adolescente en Gendarmer\u00eda, para ser formalizados el d\u00eda de hoy por la fiscal\u00eda, que requiri\u00f3 ampliar la detenci\u00f3n.<\/figcaption><\/figure>\n<p>Momentos de p\u00e1nico e impotencia vivi\u00f3 una mujer junto a su esposo, en horas de la madrugada de ayer lunes despertaron con la presencia de tres sujetos al interior de su vivienda, quienes hab\u00edan ingresado para robar joyas y carteras avaluadas en $3 millones.<\/p>\n<p>El hecho fue advertido cerca de las 01:30 horas de ayer lunes, cuando Carabineros concurri\u00f3 a prestar auxilio a la v\u00edctima de iniciales M.I.G.D. tras un llamado telef\u00f3nico para que se trasladaran hasta Pasaje Salustiano Narv\u00e1ez de Villa Las Acacias en San Felipe, donde se hab\u00eda cometiendo un delito de robo al interior de su vivienda y local comercial de venta de joyas, carteras y accesorios.<\/p>\n<p>La propietaria asegur\u00f3 que mientras se encontraba durmiendo, despert\u00f3 al sentir extra\u00f1os ruidos al interior de su comedor, por lo que al levantarse en medio de la oscuridad y sin encender las luces, observ\u00f3 a tres sujetos que hu\u00edan desde el interior con las especies.<\/p>\n<p><strong>QUEDAN GRABADOS<\/strong><\/p>\n<p>Con mucho miedo comenz\u00f3 a gritar para despertar a su esposo, indic\u00e1ndole que uno de los delincuentes sustrajo doce carteras marca Mattel y diversas joyas de acero ba\u00f1adas en oro, mismas avaluadas en la suma de $3 millones, huyendo en direcci\u00f3n al sur por Avenida Santa Teresa.<\/p>\n<figure id=\"attachment_49407\" aria-describedby=\"caption-attachment-49407\" style=\"width: 370px\" class=\"wp-caption alignright\"><a href=\"https:\/\/i0.wp.com\/www.eltrabajo.cl\/portal\/wp-content\/uploads\/2014\/07\/Adolescente-RoboJoyas1.jpg\"><img data-recalc-dims=\"1\" loading=\"lazy\" decoding=\"async\" class=\" wp-image-49407 \" alt=\"El adolescente de 16 a\u00f1os fue detenido por Carabineros tras ser sindicado como uno de los autores del robo tras el registro audiovisual que proporcion\u00f3 la v\u00edctima.\" src=\"https:\/\/i0.wp.com\/www.eltrabajo.cl\/portal\/wp-content\/uploads\/2014\/07\/Adolescente-RoboJoyas1.jpg?resize=370%2C281\" width=\"370\" height=\"281\" srcset=\"https:\/\/i0.wp.com\/eltrabajo.cl\/portal\/wp-content\/uploads\/2014\/07\/Adolescente-RoboJoyas1.jpg?w=529&amp;ssl=1 529w, https:\/\/i0.wp.com\/eltrabajo.cl\/portal\/wp-content\/uploads\/2014\/07\/Adolescente-RoboJoyas1.jpg?resize=197%2C150&amp;ssl=1 197w, https:\/\/i0.wp.com\/eltrabajo.cl\/portal\/wp-content\/uploads\/2014\/07\/Adolescente-RoboJoyas1.jpg?resize=300%2C227&amp;ssl=1 300w, https:\/\/i0.wp.com\/eltrabajo.cl\/portal\/wp-content\/uploads\/2014\/07\/Adolescente-RoboJoyas1.jpg?resize=150%2C113&amp;ssl=1 150w, https:\/\/i0.wp.com\/eltrabajo.cl\/portal\/wp-content\/uploads\/2014\/07\/Adolescente-RoboJoyas1.jpg?resize=400%2C303&amp;ssl=1 400w\" sizes=\"auto, (max-width: 370px) 100vw, 370px\" \/><\/a><figcaption id=\"caption-attachment-49407\" class=\"wp-caption-text\">El adolescente de 16 a\u00f1os fue detenido por Carabineros tras ser sindicado como uno de los autores del robo tras el registro audiovisual que proporcion\u00f3 la v\u00edctima.<\/figcaption><\/figure>\n<p>Afortunadamente la vivienda cuenta con el registro de los videos de las c\u00e1maras de seguridad, advirtiendo los movimientos de los antisociales a eso de las 01:19 horas plasmando a cinco sujetos que merodeaban la vivienda, tres de ellos forcejeaban la reja del antejard\u00edn para ingresar al inmueble tras descerrajar una ventana.<\/p>\n<p>Las descripciones f\u00edsicas y vestimentas fueron fundamentales para Carabineros, quienes realizaron diversos patrullajes por Villa Los \u00c1lamos y posterior en Departamentos Enc\u00f3n, observando a un grupo de individuos que se dieron a la fuga tras advertir la presencia policial, capturando a dos sospechosos identificados como Rodrigo Alfonso B.C. de 19 a\u00f1os de edad y O.A.M.A. de 16 a\u00f1os, pese a que no portaban ninguna especie pero figuraban sus rostros en los registros audiovisuales.<\/p>\n<p>No obstante, los sujetos fueron trasladados hasta el Juzgado de Garant\u00eda de San Felipe para ser formalizados por el delito de Robo en lugar habitado por la fiscal\u00eda, que requiri\u00f3 ante el tribunal ampliar la detenci\u00f3n hasta el mediod\u00eda de hoy martes para realizar diligencias a fin de presentar con pruebas contundentes la acusaci\u00f3n hacia los imputados, quienes se mantendr\u00e1n en custodia de Gendarmer\u00eda.<\/p>\n<p>Cabe se\u00f1alar que el imputado Rodrigo Alfonso B.C. mantiene antecedentes delictuales por Homicidio y Robo con violencia. Hasta el cierre de esta nota Carabineros mantiene la identidad de los otros involucrados en este hecho, realizando diligencias para encontrar las especies sustra\u00eddas y el paradero del resto de la banda delictual.<\/p>\n<p>Pablo Salinas Sald\u00edas<\/p>\n","protected":false},"excerpt":{"rendered":"<p>Momentos de p\u00e1nico e impotencia vivi\u00f3 una mujer junto a su esposo, en horas de la madrugada de ayer lunes despertaron con la presencia de tres sujetos al interior de su vivienda,&#8230;<\/p>\n","protected":false},"author":482,"featured_media":49405,"comment_status":"open","ping_status":"closed","sticky":false,"template":"","format":"standard","meta":{"advanced_seo_description":"","jetpack_seo_html_title":"","jetpack_seo_noindex":false,"_jetpack_memberships_contains_paid_content":false,"footnotes":""},"categories":[21],"tags":[],"class_list":["post-49404","post","type-post","status-publish","format-standard","has-post-thumbnail","hentry","category-policial"],"jetpack_featured_media_url":"https:\/\/i0.wp.com\/eltrabajo.cl\/portal\/wp-content\/uploads\/2014\/07\/Imputado-RoboJoyas-2.jpg?fit=529%2C398&ssl=1","jetpack_sharing_enabled":true,"jetpack_likes_enabled":true,"jetpack-related-posts":[],"_links":{"self":[{"href":"https:\/\/eltrabajo.cl\/portal\/wp-json\/wp\/v2\/posts\/49404","targetHints":{"allow":["GET"]}}],"collection":[{"href":"https:\/\/eltrabajo.cl\/portal\/wp-json\/wp\/v2\/posts"}],"about":[{"href":"https:\/\/eltrabajo.cl\/portal\/wp-json\/wp\/v2\/types\/post"}],"author":[{"embeddable":true,"href":"https:\/\/eltrabajo.cl\/portal\/wp-json\/wp\/v2\/users\/482"}],"replies":[{"embeddable":true,"href":"https:\/\/eltrabajo.cl\/portal\/wp-json\/wp\/v2\/comments?post=49404"}],"version-history":[{"count":0,"href":"https:\/\/eltrabajo.cl\/portal\/wp-json\/wp\/v2\/posts\/49404\/revisions"}],"wp:featuredmedia":[{"embeddable":true,"href":"https:\/\/eltrabajo.cl\/portal\/wp-json\/wp\/v2\/media\/49405"}],"wp:attachment":[{"href":"https:\/\/eltrabajo.cl\/portal\/wp-json\/wp\/v2\/media?parent=49404"}],"wp:term":[{"taxonomy":"category","embeddable":true,"href":"https:\/\/eltrabajo.cl\/portal\/wp-json\/wp\/v2\/categories?post=49404"},{"taxonomy":"post_tag","embeddable":true,"href":"https:\/\/eltrabajo.cl\/portal\/wp-json\/wp\/v2\/tags?post=49404"}],"curies":[{"name":"wp","href":"https:\/\/api.w.org\/{rel}","templated":true}]}}