{"id":49419,"date":"2014-07-30T09:28:19","date_gmt":"2014-07-30T13:28:19","guid":{"rendered":"http:\/\/www.eltrabajo.cl\/portal\/?p=49419"},"modified":"2014-07-30T09:28:19","modified_gmt":"2014-07-30T13:28:19","slug":"orquesta-marga-marga-se-presentara-en-la-ciudad-del-viento-viento","status":"publish","type":"post","link":"https:\/\/eltrabajo.cl\/portal\/orquesta-marga-marga-se-presentara-en-la-ciudad-del-viento-viento\/","title":{"rendered":"Orquesta Marga Marga se presentar\u00e1 en la ciudad del Viento Viento"},"content":{"rendered":"<figure id=\"attachment_49420\" aria-describedby=\"caption-attachment-49420\" style=\"width: 529px\" class=\"wp-caption alignnone\"><a href=\"https:\/\/i0.wp.com\/www.eltrabajo.cl\/portal\/wp-content\/uploads\/2014\/07\/Orquesta1.jpg\"><img data-recalc-dims=\"1\" loading=\"lazy\" decoding=\"async\" class=\"size-full wp-image-49420\" alt=\"ORQUESTA DE LUJO.- Este espect\u00e1culo es un regalo cultural y recreativo; enmarcado dentro de la pol\u00edtica de desarrollo comunal.\" src=\"https:\/\/i0.wp.com\/www.eltrabajo.cl\/portal\/wp-content\/uploads\/2014\/07\/Orquesta1.jpg?resize=529%2C356\" width=\"529\" height=\"356\" srcset=\"https:\/\/i0.wp.com\/eltrabajo.cl\/portal\/wp-content\/uploads\/2014\/07\/Orquesta1.jpg?w=529&amp;ssl=1 529w, https:\/\/i0.wp.com\/eltrabajo.cl\/portal\/wp-content\/uploads\/2014\/07\/Orquesta1.jpg?resize=200%2C134&amp;ssl=1 200w, https:\/\/i0.wp.com\/eltrabajo.cl\/portal\/wp-content\/uploads\/2014\/07\/Orquesta1.jpg?resize=300%2C201&amp;ssl=1 300w, https:\/\/i0.wp.com\/eltrabajo.cl\/portal\/wp-content\/uploads\/2014\/07\/Orquesta1.jpg?resize=150%2C100&amp;ssl=1 150w, https:\/\/i0.wp.com\/eltrabajo.cl\/portal\/wp-content\/uploads\/2014\/07\/Orquesta1.jpg?resize=400%2C269&amp;ssl=1 400w\" sizes=\"auto, (max-width: 529px) 100vw, 529px\" \/><\/a><figcaption id=\"caption-attachment-49420\" class=\"wp-caption-text\">ORQUESTA DE LUJO.- Este espect\u00e1culo es un regalo cultural y recreativo; enmarcado dentro de la pol\u00edtica de desarrollo comunal.<\/figcaption><\/figure>\n<p><strong>LLAY LLAY<\/strong>.- El 30 de julio a partir de las 19:00 horas se presentar\u00e1 en el Cine Teatro Municipal, la Orquesta Marga Marga. El Alcalde Mario Marillanca y el Concejo Municipal invitaron a la comunidad a disfrutar de este espect\u00e1culo de elite, completamente gratuito. La presentaci\u00f3n de la Orquesta Marga Marga sucede al show brindado por la cantante de jazz Maite Solana el pasado fin de semana, donde hizo despliegue en el escenario de todo el glamour y la seducci\u00f3n que caracterizan a la carism\u00e1tica y multifac\u00e9tica artista.<\/p>\n<p>La Orquesta Marga Marga es cosmopolita y progresiva, difunde m\u00fasica nacional e internacional, siendo sus principal objetivo el divulgar la m\u00fasica de compositores chilenos y apoyar el quehacer musical de los nuevos compositores nacionales.<\/p>\n<p>La orquesta fue fundada en marzo del 2010 bajo el alero del Consejo Nacional de la Cultura y las Artes (CNCA). Est\u00e1 integrada por seis violines primeros; cinco violines segundos; cuatro violas; tres cellos y dos contrabajos.<\/p>\n<p>La conformaci\u00f3n de la orquesta es la siguiente: Director Luis Jos\u00e9 Recart Echenique; en violines (Elena Batracova, Paulina Riquelme, Juan Canales, Mariana Fa\u00fandez, Itam Guti\u00e9rrez, Cristi\u00e1n Gonz\u00e1lez, Anatoli Cheremukhin, Paola Fuentes, Ariel Claude, Christian G\u00e1leas y Alexander Vargas); en violas (Rodolfo Zapata, Juan Osorio, Hugo Cort\u00e9s y Elo\u00edsa Leiva); en cellos (Rusla Krinitsyn, Leonel V\u00e1squez y Miguel Arredondo) y en contrabajos (Andr\u00e9s Guerrero y Rodrigo Rivera).<\/p>\n<p>Su repertorio abarca desde la m\u00fasica barroca hasta la actual, sus presentaciones incluyen distintas obras chilenas, latinoamericanas y cl\u00e1sicas.<\/p>\n<p>Dentro de las obras de compositores chilenos estar\u00e1n las de Carlos Zamora, Guillermo Rifo, Sebasti\u00e1n Err\u00e1zuriz, Miguel Letelier, Fabi\u00e1n Andrade, Fernando Garc\u00eda, Javier Contreras, Hugo Fuch, Rodrigo Herrera y Gregorio Fontaine y obras cl\u00e1sicas de Mozart, Tchaikovsky, Richard Strauss, Bach, entre otros.<\/p>\n<p>&nbsp;<\/p>\n","protected":false},"excerpt":{"rendered":"<p>LLAY LLAY.- El 30 de julio a partir de las 19:00 horas se presentar\u00e1 en el Cine Teatro Municipal, la Orquesta Marga Marga. El Alcalde Mario Marillanca y el Concejo Municipal invitaron&#8230;<\/p>\n","protected":false},"author":482,"featured_media":49420,"comment_status":"open","ping_status":"closed","sticky":false,"template":"","format":"standard","meta":{"advanced_seo_description":"","jetpack_seo_html_title":"","jetpack_seo_noindex":false,"_jetpack_memberships_contains_paid_content":false,"footnotes":""},"categories":[15],"tags":[],"class_list":["post-49419","post","type-post","status-publish","format-standard","has-post-thumbnail","hentry","category-comunidad"],"jetpack_featured_media_url":"https:\/\/i0.wp.com\/eltrabajo.cl\/portal\/wp-content\/uploads\/2014\/07\/Orquesta1.jpg?fit=529%2C356&ssl=1","jetpack_sharing_enabled":true,"jetpack_likes_enabled":true,"jetpack-related-posts":[],"_links":{"self":[{"href":"https:\/\/eltrabajo.cl\/portal\/wp-json\/wp\/v2\/posts\/49419","targetHints":{"allow":["GET"]}}],"collection":[{"href":"https:\/\/eltrabajo.cl\/portal\/wp-json\/wp\/v2\/posts"}],"about":[{"href":"https:\/\/eltrabajo.cl\/portal\/wp-json\/wp\/v2\/types\/post"}],"author":[{"embeddable":true,"href":"https:\/\/eltrabajo.cl\/portal\/wp-json\/wp\/v2\/users\/482"}],"replies":[{"embeddable":true,"href":"https:\/\/eltrabajo.cl\/portal\/wp-json\/wp\/v2\/comments?post=49419"}],"version-history":[{"count":0,"href":"https:\/\/eltrabajo.cl\/portal\/wp-json\/wp\/v2\/posts\/49419\/revisions"}],"wp:featuredmedia":[{"embeddable":true,"href":"https:\/\/eltrabajo.cl\/portal\/wp-json\/wp\/v2\/media\/49420"}],"wp:attachment":[{"href":"https:\/\/eltrabajo.cl\/portal\/wp-json\/wp\/v2\/media?parent=49419"}],"wp:term":[{"taxonomy":"category","embeddable":true,"href":"https:\/\/eltrabajo.cl\/portal\/wp-json\/wp\/v2\/categories?post=49419"},{"taxonomy":"post_tag","embeddable":true,"href":"https:\/\/eltrabajo.cl\/portal\/wp-json\/wp\/v2\/tags?post=49419"}],"curies":[{"name":"wp","href":"https:\/\/api.w.org\/{rel}","templated":true}]}}