{"id":4943,"date":"2011-10-19T08:56:49","date_gmt":"2011-10-19T12:56:49","guid":{"rendered":"http:\/\/www.eltrabajo.cl\/portal\/?p=4943"},"modified":"2011-10-19T08:56:49","modified_gmt":"2011-10-19T12:56:49","slug":"rivas-pide-mejorar-condiciones-laborales-de-funcionarios-de-juntas-inscriptoras","status":"publish","type":"post","link":"https:\/\/eltrabajo.cl\/portal\/rivas-pide-mejorar-condiciones-laborales-de-funcionarios-de-juntas-inscriptoras\/","title":{"rendered":"Rivas pide mejorar condiciones laborales de funcionarios de Juntas Inscriptoras"},"content":{"rendered":"<figure id=\"attachment_4944\" aria-describedby=\"caption-attachment-4944\" style=\"width: 600px\" class=\"wp-caption alignnone\"><a href=\"http:\/\/www.eltrabajo.cl\/portal\/archives\/4943\/rivascamara\" rel=\"attachment wp-att-4944\"><img data-recalc-dims=\"1\" loading=\"lazy\" decoding=\"async\" class=\"size-full wp-image-4944\" title=\"rivasCamara\" src=\"https:\/\/i0.wp.com\/www.eltrabajo.cl\/portal\/wp-content\/uploads\/2011\/10\/rivasCamara.jpg?resize=600%2C597\" alt=\"\" width=\"600\" height=\"597\" srcset=\"https:\/\/i0.wp.com\/eltrabajo.cl\/portal\/wp-content\/uploads\/2011\/10\/rivasCamara.jpg?w=600&amp;ssl=1 600w, https:\/\/i0.wp.com\/eltrabajo.cl\/portal\/wp-content\/uploads\/2011\/10\/rivasCamara.jpg?resize=150%2C150&amp;ssl=1 150w, https:\/\/i0.wp.com\/eltrabajo.cl\/portal\/wp-content\/uploads\/2011\/10\/rivasCamara.jpg?resize=300%2C298&amp;ssl=1 300w, https:\/\/i0.wp.com\/eltrabajo.cl\/portal\/wp-content\/uploads\/2011\/10\/rivasCamara.jpg?resize=400%2C398&amp;ssl=1 400w\" sizes=\"auto, (max-width: 600px) 100vw, 600px\" \/><\/a><figcaption id=\"caption-attachment-4944\" class=\"wp-caption-text\">Gaspar Rivas, diputado de Aconcagua.<\/figcaption><\/figure>\n<p>Como \u201cmuy positiva\u201d calific\u00f3 el diputado de Aconcagua, Gaspar Rivas, la aprobaci\u00f3n por 48 votos a favor y 3 abstenciones en la C\u00e1mara Baja del Proyecto de Acuerdo que present\u00f3 junto a otros tres parlamentarios para solicitar al Ejecutivo \u00abla revisi\u00f3n y mejoras de las condiciones laborales de los funcionarios de las Juntas Inscriptoras del Servicio Electoral\u00bb.<\/p>\n<p>Consultado como uno de los autores de la iniciativa, el diputado Gaspar Rivas explic\u00f3 que \u00abpresentamos este Proyecto de Acuerdo porque actualmente los funcionarios de las Juntas Inscriptoras del pa\u00eds realizan su labor en situaci\u00f3n irregular. Ellos no cuentan con un contrato de trabajo, ni beneficios laborales, como derecho a licencias m\u00e9dicas, feriados legales o imposiciones. Sin embargo, la labor que ellos realizan es equivalente a una jornada completa de trabajo de lunes a viernes, m\u00e1s los s\u00e1bados en la ma\u00f1ana\u00bb, argument\u00f3.<\/p>\n<p>\u00abNosotros como parlamentarios no tenemos las facultades legales para presentar una iniciativa legal para corregir esta inequidad y por ello es que le estamos solicitando al Ejecutivo proponga una iniciativa al respecto\u00bb, sentenci\u00f3 Rivas.<\/p>\n<p>Finalmente, el diputado, junto con agradecer la aprobaci\u00f3n del proyecto en la Sala, anunci\u00f3 que continuar\u00e1 realizando las gestiones que sean necesarias a fin de que \u00abel Ejecutivo tome cartas en el asunto en el m\u00e1s breve plazo posible, ya que esta inequidad laboral, en algunos casos, implica que el funcionario ni siquiera alcanza a ganar el sueldo m\u00ednimo\u00bb, concluy\u00f3.<\/p>\n<p>Cabe destacar que junto al diputado Rivas, el Proyecto de Acuerdo fue presentado por los diputados Marcela Sabat (RN), Frank Sauerbaum (RN) y Pedro Vel\u00e1squez (IND).<\/p>\n","protected":false},"excerpt":{"rendered":"<p>Como \u201cmuy positiva\u201d calific\u00f3 el diputado de Aconcagua, Gaspar Rivas, la aprobaci\u00f3n por 48 votos a favor y 3 abstenciones en la C\u00e1mara Baja del Proyecto de Acuerdo que present\u00f3 junto a&#8230;<\/p>\n","protected":false},"author":482,"featured_media":4944,"comment_status":"open","ping_status":"open","sticky":false,"template":"","format":"standard","meta":{"advanced_seo_description":"","jetpack_seo_html_title":"","jetpack_seo_noindex":false,"_jetpack_memberships_contains_paid_content":false,"footnotes":""},"categories":[16],"tags":[],"class_list":["post-4943","post","type-post","status-publish","format-standard","has-post-thumbnail","hentry","category-politica"],"jetpack_featured_media_url":"https:\/\/i0.wp.com\/eltrabajo.cl\/portal\/wp-content\/uploads\/2011\/10\/rivasCamara.jpg?fit=600%2C597&ssl=1","jetpack_sharing_enabled":true,"jetpack_likes_enabled":true,"jetpack-related-posts":[],"_links":{"self":[{"href":"https:\/\/eltrabajo.cl\/portal\/wp-json\/wp\/v2\/posts\/4943","targetHints":{"allow":["GET"]}}],"collection":[{"href":"https:\/\/eltrabajo.cl\/portal\/wp-json\/wp\/v2\/posts"}],"about":[{"href":"https:\/\/eltrabajo.cl\/portal\/wp-json\/wp\/v2\/types\/post"}],"author":[{"embeddable":true,"href":"https:\/\/eltrabajo.cl\/portal\/wp-json\/wp\/v2\/users\/482"}],"replies":[{"embeddable":true,"href":"https:\/\/eltrabajo.cl\/portal\/wp-json\/wp\/v2\/comments?post=4943"}],"version-history":[{"count":0,"href":"https:\/\/eltrabajo.cl\/portal\/wp-json\/wp\/v2\/posts\/4943\/revisions"}],"wp:featuredmedia":[{"embeddable":true,"href":"https:\/\/eltrabajo.cl\/portal\/wp-json\/wp\/v2\/media\/4944"}],"wp:attachment":[{"href":"https:\/\/eltrabajo.cl\/portal\/wp-json\/wp\/v2\/media?parent=4943"}],"wp:term":[{"taxonomy":"category","embeddable":true,"href":"https:\/\/eltrabajo.cl\/portal\/wp-json\/wp\/v2\/categories?post=4943"},{"taxonomy":"post_tag","embeddable":true,"href":"https:\/\/eltrabajo.cl\/portal\/wp-json\/wp\/v2\/tags?post=4943"}],"curies":[{"name":"wp","href":"https:\/\/api.w.org\/{rel}","templated":true}]}}