{"id":49442,"date":"2014-07-30T09:41:37","date_gmt":"2014-07-30T13:41:37","guid":{"rendered":"http:\/\/www.eltrabajo.cl\/portal\/?p=49442"},"modified":"2014-07-30T09:41:37","modified_gmt":"2014-07-30T13:41:37","slug":"ladrones-saquearon-y-quemaron-vivienda-a-familia-de-bucalemu","status":"publish","type":"post","link":"https:\/\/eltrabajo.cl\/portal\/ladrones-saquearon-y-quemaron-vivienda-a-familia-de-bucalemu\/","title":{"rendered":"Ladrones saquearon y quemaron vivienda a familia de Bucalemu"},"content":{"rendered":"<figure id=\"attachment_49443\" aria-describedby=\"caption-attachment-49443\" style=\"width: 529px\" class=\"wp-caption alignnone\"><a href=\"https:\/\/i0.wp.com\/www.eltrabajo.cl\/portal\/wp-content\/uploads\/2014\/07\/Ruinas11.jpg\"><img data-recalc-dims=\"1\" loading=\"lazy\" decoding=\"async\" class=\"size-full wp-image-49443 \" alt=\"EN BANCARROTA.- Totalmente en bancarrota qued\u00f3 esta familia vecina de Callej\u00f3n Las Diucas, luego que llegaran de una fiesta familiar ayer lunes y se encontraran con todas sus pertenencias destruidas.\" src=\"https:\/\/i0.wp.com\/www.eltrabajo.cl\/portal\/wp-content\/uploads\/2014\/07\/Ruinas11.jpg?resize=529%2C358\" width=\"529\" height=\"358\" srcset=\"https:\/\/i0.wp.com\/eltrabajo.cl\/portal\/wp-content\/uploads\/2014\/07\/Ruinas11.jpg?w=529&amp;ssl=1 529w, https:\/\/i0.wp.com\/eltrabajo.cl\/portal\/wp-content\/uploads\/2014\/07\/Ruinas11.jpg?resize=200%2C135&amp;ssl=1 200w, https:\/\/i0.wp.com\/eltrabajo.cl\/portal\/wp-content\/uploads\/2014\/07\/Ruinas11.jpg?resize=300%2C203&amp;ssl=1 300w, https:\/\/i0.wp.com\/eltrabajo.cl\/portal\/wp-content\/uploads\/2014\/07\/Ruinas11.jpg?resize=150%2C101&amp;ssl=1 150w, https:\/\/i0.wp.com\/eltrabajo.cl\/portal\/wp-content\/uploads\/2014\/07\/Ruinas11.jpg?resize=400%2C270&amp;ssl=1 400w\" sizes=\"auto, (max-width: 529px) 100vw, 529px\" \/><\/a><figcaption id=\"caption-attachment-49443\" class=\"wp-caption-text\">EN BANCARROTA.- Totalmente en bancarrota qued\u00f3 esta familia vecina de Callej\u00f3n Las Diucas, luego que llegaran de una fiesta familiar ayer lunes y se encontraran con todas sus pertenencias destruidas.<\/figcaption><\/figure>\n<p>El destino siempre nos tendr\u00e1 sorpresas en el camino, de una u otra manera las cosas no siempre saldr\u00e1n como las planeamos y muestra de ello es lo ocurrido a una familia vecina de Callej\u00f3n Las Diucas en Bucalemu. El s\u00e1bado reci\u00e9n pasado Don Juan Pizarro, su esposa Ruth Herrera y sus peque\u00f1os Kevin y Martina, salieron de ese sector hasta San Felipe para celebrar un cumplea\u00f1os de un familiar.<\/p>\n<p>El se\u00f1or Pizarro es le\u00f1ero, ha levantado su hogar a base de mucho trabajo y esfuerzo, gracias tambi\u00e9n a ello, \u00e9l pudo comprar con el tiempo buenas herramientas, varias moto-sierras y picadoras de madera, motores de mucha potencia aparte de todos los enseres del hogar.<\/p>\n<p>Fue mientras esta familia compart\u00eda de la fiesta familiar en San Felipe cuando Bomberos debi\u00f3 atender un voraz incendio en Callej\u00f3n Las Diucas, hecho ocurrido a las 00:55 horas del domingo, siniestro que amerit\u00f3 las acciones de varias compa\u00f1\u00edas de Bomberos en el lugar.<\/p>\n<p><strong>LADRONES EN CASA<\/strong><\/p>\n<p>Seg\u00fan informaci\u00f3n en poder de Diario El Trabajo, el fuego lo habr\u00edan originado varios ladrones en la casa de esta familia, ladrones que lograron sacar unos $12 millones en herramientas y art\u00edculos del hogar, dejando en total bancarrota a todos en casa.<\/p>\n<p>\u00abEl incendio fue controlado por varias unidades de Bomberos, aunque intentamos como Carabineros localizar a los ocupantes de la vivienda, no fue posible, por lo que estamos a la espera que Fiscal\u00eda de San Felipe nos indique si tenemos o no que investigar un presunto robo en el lugar\u00bb, coment\u00f3 a Diario El Trabajo el Suboficial Sergio Parra, destacado en el Ret\u00e9n de Curim\u00f3n, tras nuestras consulta sobre un posible robo como detonante del siniestro.<\/p>\n<p><strong>AMARGA SORPRESA<\/strong><\/p>\n<p>Fue hasta ayer lunes que la familia Pizarro Herrera regres\u00f3 a Callej\u00f3n Las Diucas, top\u00e1ndose con la amarga sorpresa de encontrar totalmente destruida su casa y con ello, ver convertido en cenizas todos sus sue\u00f1os y fruto de a\u00f1os de mucho trabajo, pues la destrucci\u00f3n del inmueble fue en un 100%.<\/p>\n<p>\u00abEsto es un amargo trago que nos toca beber, varios ladrones entraron a robar, no les bast\u00f3 llevarse las herramientas, tambi\u00e9n incendiaron nuestra casa, algunas cosas ni se las robaron, las dejaron en lugar eriazo\u00bb, relat\u00f3 a nuestro medio Ruth Herrera.<\/p>\n<p>En horas de la tarde de ayer lunes, personeros del Departamento Social de la Municipalidad de San Felipe visit\u00f3 la zona afectada, \u00aba pocas horas del incendio nos hacemos presente para elaborar una valoraci\u00f3n preliminar del percance, las personas afectadas son un matrimonio, dos hijos de catorce a 15 a\u00f1os, as\u00ed como una lactante de ocho meses, las p\u00e9rdidas son totales, con los datos en nuestro poder para determinar qu\u00e9 ayuda dar a esta familia\u00bb, explic\u00f3 la trabajadora social Maricel Maldonado.<\/p>\n<p>Diario El Trabajo habl\u00f3 con vecinos de Callej\u00f3n Las Diucas, quienes extraoficialmente aseguraron que es muy posible que la junta vecinal de Bucalemu realice alguna actividad para ayudar a los damnificados. Los interesados en donar recursos pueden llamar al fono 6560 6168.<\/p>\n<p>Roberto Gonz\u00e1lez Short<\/p>\n<p>rgonzalez@eltrabajo.cl<\/p>\n<div class=\"tiled-gallery type-rectangular tiled-gallery-unresized\" data-original-width=\"640\" data-carousel-extra='null' itemscope itemtype=\"http:\/\/schema.org\/ImageGallery\" > <div class=\"gallery-row\" style=\"width: 640px; height: 308px;\" data-original-width=\"640\" data-original-height=\"308\" > <div class=\"gallery-group images-1\" style=\"width: 417px; height: 308px;\" data-original-width=\"417\" data-original-height=\"308\" > <div class=\"tiled-gallery-item tiled-gallery-item-large\" itemprop=\"associatedMedia\" itemscope itemtype=\"http:\/\/schema.org\/ImageObject\"> <a href=\"https:\/\/eltrabajo.cl\/portal\/ladrones-saquearon-y-quemaron-vivienda-a-familia-de-bucalemu\/latas1\/\" border=\"0\" itemprop=\"url\"> <meta itemprop=\"width\" content=\"413\"> <meta itemprop=\"height\" content=\"304\"> <img decoding=\"async\" class=\"\" data-attachment-id=\"49446\" data-orig-file=\"https:\/\/eltrabajo.cl\/portal\/wp-content\/uploads\/2014\/07\/Latas1.jpg\" data-orig-size=\"529,390\" data-comments-opened=\"1\" data-image-meta=\"{&quot;aperture&quot;:&quot;10&quot;,&quot;credit&quot;:&quot;&quot;,&quot;camera&quot;:&quot;Canon EOS REBEL T1i&quot;,&quot;caption&quot;:&quot;&quot;,&quot;created_timestamp&quot;:&quot;1406567633&quot;,&quot;copyright&quot;:&quot;&quot;,&quot;focal_length&quot;:&quot;18&quot;,&quot;iso&quot;:&quot;400&quot;,&quot;shutter_speed&quot;:&quot;0.005&quot;,&quot;title&quot;:&quot;&quot;}\" data-image-title=\"Latas1\" data-image-description=\"&lt;p&gt;P\u00c9RDIDAS TOTALES.- Latas retorcidas; paredes inservibles; herramientas calcinadas; ropa y muebles hechos cenizas, eso es lo que qued\u00f3 de su vivienda tras el voraz incendio.&lt;\/p&gt; \" data-medium-file=\"https:\/\/i0.wp.com\/eltrabajo.cl\/portal\/wp-content\/uploads\/2014\/07\/Latas1.jpg?fit=300%2C221&#038;ssl=1\" data-large-file=\"https:\/\/i0.wp.com\/eltrabajo.cl\/portal\/wp-content\/uploads\/2014\/07\/Latas1.jpg?fit=529%2C390&#038;ssl=1\" src=\"https:\/\/i0.wp.com\/eltrabajo.cl\/portal\/wp-content\/uploads\/2014\/07\/Latas1.jpg?w=413&#038;h=304&#038;ssl=1\" srcset=\"https:\/\/i0.wp.com\/eltrabajo.cl\/portal\/wp-content\/uploads\/2014\/07\/Latas1.jpg?w=529&amp;ssl=1 529w, https:\/\/i0.wp.com\/eltrabajo.cl\/portal\/wp-content\/uploads\/2014\/07\/Latas1.jpg?resize=200%2C147&amp;ssl=1 200w, https:\/\/i0.wp.com\/eltrabajo.cl\/portal\/wp-content\/uploads\/2014\/07\/Latas1.jpg?resize=300%2C221&amp;ssl=1 300w, https:\/\/i0.wp.com\/eltrabajo.cl\/portal\/wp-content\/uploads\/2014\/07\/Latas1.jpg?resize=150%2C110&amp;ssl=1 150w, https:\/\/i0.wp.com\/eltrabajo.cl\/portal\/wp-content\/uploads\/2014\/07\/Latas1.jpg?resize=400%2C294&amp;ssl=1 400w\" width=\"413\" height=\"304\" loading=\"lazy\" data-original-width=\"413\" data-original-height=\"304\" itemprop=\"http:\/\/schema.org\/image\" title=\"Latas1\" alt=\"P\u00c9RDIDAS TOTALES.- Latas retorcidas; paredes inservibles; herramientas calcinadas; ropa y muebles hechos cenizas, eso es lo que qued\u00f3 de su vivienda tras el voraz incendio.\" style=\"width: 413px; height: 304px;\" \/> <\/a> <div class=\"tiled-gallery-caption\" itemprop=\"caption description\"> P\u00c9RDIDAS TOTALES.- Latas retorcidas; paredes inservibles; herramientas calcinadas; ropa y muebles hechos cenizas, eso es lo que qued\u00f3 de su vivienda tras el voraz incendio. <\/div> <\/div> <\/div> <!-- close group --> <div class=\"gallery-group images-1\" style=\"width: 223px; height: 308px;\" data-original-width=\"223\" data-original-height=\"308\" > <div class=\"tiled-gallery-item tiled-gallery-item-small\" itemprop=\"associatedMedia\" itemscope itemtype=\"http:\/\/schema.org\/ImageObject\"> <a href=\"https:\/\/eltrabajo.cl\/portal\/ladrones-saquearon-y-quemaron-vivienda-a-familia-de-bucalemu\/ruinas2-2\/\" border=\"0\" itemprop=\"url\"> <meta itemprop=\"width\" content=\"219\"> <meta itemprop=\"height\" content=\"304\"> <img decoding=\"async\" class=\"\" data-attachment-id=\"49448\" data-orig-file=\"https:\/\/eltrabajo.cl\/portal\/wp-content\/uploads\/2014\/07\/Ruinas21.jpg\" data-orig-size=\"529,735\" data-comments-opened=\"1\" data-image-meta=\"{&quot;aperture&quot;:&quot;5.6&quot;,&quot;credit&quot;:&quot;&quot;,&quot;camera&quot;:&quot;Canon EOS REBEL T1i&quot;,&quot;caption&quot;:&quot;&quot;,&quot;created_timestamp&quot;:&quot;1406567409&quot;,&quot;copyright&quot;:&quot;&quot;,&quot;focal_length&quot;:&quot;18&quot;,&quot;iso&quot;:&quot;400&quot;,&quot;shutter_speed&quot;:&quot;0.01&quot;,&quot;title&quot;:&quot;&quot;}\" data-image-title=\"Ruinas2\" data-image-description=\"&lt;p&gt;SIN HERRAMIENTAS.- Cada herramienta guardada en la bodega de don Juan Pizarro qued\u00f3 reducida a escombros, inservibles en su totalidad.&lt;\/p&gt; \" data-medium-file=\"https:\/\/i0.wp.com\/eltrabajo.cl\/portal\/wp-content\/uploads\/2014\/07\/Ruinas21.jpg?fit=215%2C300&#038;ssl=1\" data-large-file=\"https:\/\/i0.wp.com\/eltrabajo.cl\/portal\/wp-content\/uploads\/2014\/07\/Ruinas21.jpg?fit=529%2C735&#038;ssl=1\" src=\"https:\/\/i0.wp.com\/eltrabajo.cl\/portal\/wp-content\/uploads\/2014\/07\/Ruinas21.jpg?w=219&#038;h=304&#038;ssl=1\" srcset=\"https:\/\/i0.wp.com\/eltrabajo.cl\/portal\/wp-content\/uploads\/2014\/07\/Ruinas21.jpg?w=529&amp;ssl=1 529w, https:\/\/i0.wp.com\/eltrabajo.cl\/portal\/wp-content\/uploads\/2014\/07\/Ruinas21.jpg?resize=107%2C150&amp;ssl=1 107w, https:\/\/i0.wp.com\/eltrabajo.cl\/portal\/wp-content\/uploads\/2014\/07\/Ruinas21.jpg?resize=400%2C555&amp;ssl=1 400w\" width=\"219\" height=\"304\" loading=\"lazy\" data-original-width=\"219\" data-original-height=\"304\" itemprop=\"http:\/\/schema.org\/image\" title=\"Ruinas2\" alt=\"SIN HERRAMIENTAS.- Cada herramienta guardada en la bodega de don Juan Pizarro qued\u00f3 reducida a escombros, inservibles en su totalidad.\" style=\"width: 219px; height: 304px;\" \/> <\/a> <div class=\"tiled-gallery-caption\" itemprop=\"caption description\"> SIN HERRAMIENTAS.- Cada herramienta guardada en la bodega de don Juan Pizarro qued\u00f3 reducida a escombros, inservibles en su totalidad. <\/div> <\/div> <\/div> <!-- close group --> <\/div> <!-- close row --> <div class=\"gallery-row\" style=\"width: 640px; height: 290px;\" data-original-width=\"640\" data-original-height=\"290\" > <div class=\"gallery-group images-1\" style=\"width: 427px; height: 290px;\" data-original-width=\"427\" data-original-height=\"290\" > <div class=\"tiled-gallery-item tiled-gallery-item-large\" itemprop=\"associatedMedia\" itemscope itemtype=\"http:\/\/schema.org\/ImageObject\"> <a href=\"https:\/\/eltrabajo.cl\/portal\/ladrones-saquearon-y-quemaron-vivienda-a-familia-de-bucalemu\/ruinas3\/\" border=\"0\" itemprop=\"url\"> <meta itemprop=\"width\" content=\"423\"> <meta itemprop=\"height\" content=\"286\"> <img decoding=\"async\" class=\"\" data-attachment-id=\"49449\" data-orig-file=\"https:\/\/eltrabajo.cl\/portal\/wp-content\/uploads\/2014\/07\/Ruinas3.jpg\" data-orig-size=\"529,358\" data-comments-opened=\"1\" data-image-meta=\"{&quot;aperture&quot;:&quot;8&quot;,&quot;credit&quot;:&quot;&quot;,&quot;camera&quot;:&quot;Canon EOS REBEL T1i&quot;,&quot;caption&quot;:&quot;&quot;,&quot;created_timestamp&quot;:&quot;1406567726&quot;,&quot;copyright&quot;:&quot;&quot;,&quot;focal_length&quot;:&quot;18&quot;,&quot;iso&quot;:&quot;400&quot;,&quot;shutter_speed&quot;:&quot;0.005&quot;,&quot;title&quot;:&quot;&quot;}\" data-image-title=\"Ruinas3\" data-image-description=\"&lt;p&gt;SIN NADA.- De manera improvisada pero siempre pensando en los suyos, do\u00f1a Ruth busca la manera de cocinar alimentos para su familia, usted puede ayudarlos.&lt;\/p&gt; \" data-medium-file=\"https:\/\/i0.wp.com\/eltrabajo.cl\/portal\/wp-content\/uploads\/2014\/07\/Ruinas3.jpg?fit=300%2C203&#038;ssl=1\" data-large-file=\"https:\/\/i0.wp.com\/eltrabajo.cl\/portal\/wp-content\/uploads\/2014\/07\/Ruinas3.jpg?fit=529%2C358&#038;ssl=1\" src=\"https:\/\/i0.wp.com\/eltrabajo.cl\/portal\/wp-content\/uploads\/2014\/07\/Ruinas3.jpg?w=423&#038;h=286&#038;ssl=1\" srcset=\"https:\/\/i0.wp.com\/eltrabajo.cl\/portal\/wp-content\/uploads\/2014\/07\/Ruinas3.jpg?w=529&amp;ssl=1 529w, https:\/\/i0.wp.com\/eltrabajo.cl\/portal\/wp-content\/uploads\/2014\/07\/Ruinas3.jpg?resize=200%2C135&amp;ssl=1 200w, https:\/\/i0.wp.com\/eltrabajo.cl\/portal\/wp-content\/uploads\/2014\/07\/Ruinas3.jpg?resize=300%2C203&amp;ssl=1 300w, https:\/\/i0.wp.com\/eltrabajo.cl\/portal\/wp-content\/uploads\/2014\/07\/Ruinas3.jpg?resize=150%2C101&amp;ssl=1 150w, https:\/\/i0.wp.com\/eltrabajo.cl\/portal\/wp-content\/uploads\/2014\/07\/Ruinas3.jpg?resize=400%2C270&amp;ssl=1 400w\" width=\"423\" height=\"286\" loading=\"lazy\" data-original-width=\"423\" data-original-height=\"286\" itemprop=\"http:\/\/schema.org\/image\" title=\"Ruinas3\" alt=\"SIN NADA.- De manera improvisada pero siempre pensando en los suyos, do\u00f1a Ruth busca la manera de cocinar alimentos para su familia, usted puede ayudarlos.\" style=\"width: 423px; height: 286px;\" \/> <\/a> <div class=\"tiled-gallery-caption\" itemprop=\"caption description\"> SIN NADA.- De manera improvisada pero siempre pensando en los suyos, do\u00f1a Ruth busca la manera de cocinar alimentos para su familia, usted puede ayudarlos. <\/div> <\/div> <\/div> <!-- close group --> <div class=\"gallery-group images-2\" style=\"width: 213px; height: 290px;\" data-original-width=\"213\" data-original-height=\"290\" > <div class=\"tiled-gallery-item tiled-gallery-item-small\" itemprop=\"associatedMedia\" itemscope itemtype=\"http:\/\/schema.org\/ImageObject\"> <a href=\"https:\/\/eltrabajo.cl\/portal\/ladrones-saquearon-y-quemaron-vivienda-a-familia-de-bucalemu\/gas1-3\/\" border=\"0\" itemprop=\"url\"> <meta itemprop=\"width\" content=\"209\"> <meta itemprop=\"height\" content=\"141\"> <img decoding=\"async\" class=\"\" data-attachment-id=\"49444\" data-orig-file=\"https:\/\/eltrabajo.cl\/portal\/wp-content\/uploads\/2014\/07\/Gas1.jpg\" data-orig-size=\"529,358\" data-comments-opened=\"1\" data-image-meta=\"{&quot;aperture&quot;:&quot;6.3&quot;,&quot;credit&quot;:&quot;&quot;,&quot;camera&quot;:&quot;Canon EOS REBEL T1i&quot;,&quot;caption&quot;:&quot;&quot;,&quot;created_timestamp&quot;:&quot;1406568232&quot;,&quot;copyright&quot;:&quot;&quot;,&quot;focal_length&quot;:&quot;29&quot;,&quot;iso&quot;:&quot;400&quot;,&quot;shutter_speed&quot;:&quot;0.005&quot;,&quot;title&quot;:&quot;&quot;}\" data-image-title=\"Gas1\" data-image-description=\"&lt;p&gt;LO QUER\u00cdAN TODO.- Estos dos cilindros de gas aparecieron como a 100 metros de la casa, los ladrones finalmente no lograron robarlos.&lt;\/p&gt; \" data-medium-file=\"https:\/\/i0.wp.com\/eltrabajo.cl\/portal\/wp-content\/uploads\/2014\/07\/Gas1.jpg?fit=300%2C203&#038;ssl=1\" data-large-file=\"https:\/\/i0.wp.com\/eltrabajo.cl\/portal\/wp-content\/uploads\/2014\/07\/Gas1.jpg?fit=529%2C358&#038;ssl=1\" src=\"https:\/\/i0.wp.com\/eltrabajo.cl\/portal\/wp-content\/uploads\/2014\/07\/Gas1.jpg?w=209&#038;h=141&#038;ssl=1\" srcset=\"https:\/\/i0.wp.com\/eltrabajo.cl\/portal\/wp-content\/uploads\/2014\/07\/Gas1.jpg?w=529&amp;ssl=1 529w, https:\/\/i0.wp.com\/eltrabajo.cl\/portal\/wp-content\/uploads\/2014\/07\/Gas1.jpg?resize=200%2C135&amp;ssl=1 200w, https:\/\/i0.wp.com\/eltrabajo.cl\/portal\/wp-content\/uploads\/2014\/07\/Gas1.jpg?resize=300%2C203&amp;ssl=1 300w, https:\/\/i0.wp.com\/eltrabajo.cl\/portal\/wp-content\/uploads\/2014\/07\/Gas1.jpg?resize=150%2C101&amp;ssl=1 150w, https:\/\/i0.wp.com\/eltrabajo.cl\/portal\/wp-content\/uploads\/2014\/07\/Gas1.jpg?resize=400%2C270&amp;ssl=1 400w\" width=\"209\" height=\"141\" loading=\"lazy\" data-original-width=\"209\" data-original-height=\"141\" itemprop=\"http:\/\/schema.org\/image\" title=\"Gas1\" alt=\"LO QUER\u00cdAN TODO.- Estos dos cilindros de gas aparecieron como a 100 metros de la casa, los ladrones finalmente no lograron robarlos.\" style=\"width: 209px; height: 141px;\" \/> <\/a> <div class=\"tiled-gallery-caption\" itemprop=\"caption description\"> LO QUER\u00cdAN TODO.- Estos dos cilindros de gas aparecieron como a 100 metros de la casa, los ladrones finalmente no lograron robarlos. <\/div> <\/div> <div class=\"tiled-gallery-item tiled-gallery-item-small\" itemprop=\"associatedMedia\" itemscope itemtype=\"http:\/\/schema.org\/ImageObject\"> <a href=\"https:\/\/eltrabajo.cl\/portal\/ladrones-saquearon-y-quemaron-vivienda-a-familia-de-bucalemu\/herramienta1\/\" border=\"0\" itemprop=\"url\"> <meta itemprop=\"width\" content=\"209\"> <meta itemprop=\"height\" content=\"141\"> <img decoding=\"async\" class=\"\" data-attachment-id=\"49445\" data-orig-file=\"https:\/\/eltrabajo.cl\/portal\/wp-content\/uploads\/2014\/07\/Herramienta1.jpg\" data-orig-size=\"529,358\" data-comments-opened=\"1\" data-image-meta=\"{&quot;aperture&quot;:&quot;6.3&quot;,&quot;credit&quot;:&quot;&quot;,&quot;camera&quot;:&quot;Canon EOS REBEL T1i&quot;,&quot;caption&quot;:&quot;&quot;,&quot;created_timestamp&quot;:&quot;1406568200&quot;,&quot;copyright&quot;:&quot;&quot;,&quot;focal_length&quot;:&quot;23&quot;,&quot;iso&quot;:&quot;400&quot;,&quot;shutter_speed&quot;:&quot;0.005&quot;,&quot;title&quot;:&quot;&quot;}\" data-image-title=\"Herramienta1\" data-image-description=\"&lt;p&gt;VALIOSA HERRAMIENTA.- Esta picadora de le\u00f1a fue encontrada tambi\u00e9n en alrededores de la vivienda, los hampones tampoco lograron llev\u00e1rsela.&lt;\/p&gt; \" data-medium-file=\"https:\/\/i0.wp.com\/eltrabajo.cl\/portal\/wp-content\/uploads\/2014\/07\/Herramienta1.jpg?fit=300%2C203&#038;ssl=1\" data-large-file=\"https:\/\/i0.wp.com\/eltrabajo.cl\/portal\/wp-content\/uploads\/2014\/07\/Herramienta1.jpg?fit=529%2C358&#038;ssl=1\" src=\"https:\/\/i0.wp.com\/eltrabajo.cl\/portal\/wp-content\/uploads\/2014\/07\/Herramienta1.jpg?w=209&#038;h=141&#038;ssl=1\" srcset=\"https:\/\/i0.wp.com\/eltrabajo.cl\/portal\/wp-content\/uploads\/2014\/07\/Herramienta1.jpg?w=529&amp;ssl=1 529w, https:\/\/i0.wp.com\/eltrabajo.cl\/portal\/wp-content\/uploads\/2014\/07\/Herramienta1.jpg?resize=200%2C135&amp;ssl=1 200w, https:\/\/i0.wp.com\/eltrabajo.cl\/portal\/wp-content\/uploads\/2014\/07\/Herramienta1.jpg?resize=300%2C203&amp;ssl=1 300w, https:\/\/i0.wp.com\/eltrabajo.cl\/portal\/wp-content\/uploads\/2014\/07\/Herramienta1.jpg?resize=150%2C101&amp;ssl=1 150w, https:\/\/i0.wp.com\/eltrabajo.cl\/portal\/wp-content\/uploads\/2014\/07\/Herramienta1.jpg?resize=400%2C270&amp;ssl=1 400w\" width=\"209\" height=\"141\" loading=\"lazy\" data-original-width=\"209\" data-original-height=\"141\" itemprop=\"http:\/\/schema.org\/image\" title=\"Herramienta1\" alt=\"VALIOSA HERRAMIENTA.- Esta picadora de le\u00f1a fue encontrada tambi\u00e9n en alrededores de la vivienda, los hampones tampoco lograron llev\u00e1rsela.\" style=\"width: 209px; height: 141px;\" \/> <\/a> <div class=\"tiled-gallery-caption\" itemprop=\"caption description\"> VALIOSA HERRAMIENTA.- Esta picadora de le\u00f1a fue encontrada tambi\u00e9n en alrededores de la vivienda, los hampones tampoco lograron llev\u00e1rsela. <\/div> <\/div> <\/div> <!-- close group --> <\/div> <!-- close row --> <div class=\"gallery-row\" style=\"width: 640px; height: 322px;\" data-original-width=\"640\" data-original-height=\"322\" > <div class=\"gallery-group images-1\" style=\"width: 324px; height: 322px;\" data-original-width=\"324\" data-original-height=\"322\" > <div class=\"tiled-gallery-item tiled-gallery-item-large\" itemprop=\"associatedMedia\" itemscope itemtype=\"http:\/\/schema.org\/ImageObject\"> <a href=\"https:\/\/eltrabajo.cl\/portal\/ladrones-saquearon-y-quemaron-vivienda-a-familia-de-bucalemu\/maricel-maldonado\/\" border=\"0\" itemprop=\"url\"> <meta itemprop=\"width\" content=\"320\"> <meta itemprop=\"height\" content=\"318\"> <img decoding=\"async\" class=\"\" data-attachment-id=\"49447\" data-orig-file=\"https:\/\/eltrabajo.cl\/portal\/wp-content\/uploads\/2014\/07\/Maricel-Maldonado.jpg\" data-orig-size=\"529,525\" data-comments-opened=\"1\" data-image-meta=\"{&quot;aperture&quot;:&quot;13&quot;,&quot;credit&quot;:&quot;&quot;,&quot;camera&quot;:&quot;Canon EOS REBEL T1i&quot;,&quot;caption&quot;:&quot;&quot;,&quot;created_timestamp&quot;:&quot;1406567070&quot;,&quot;copyright&quot;:&quot;&quot;,&quot;focal_length&quot;:&quot;27&quot;,&quot;iso&quot;:&quot;400&quot;,&quot;shutter_speed&quot;:&quot;0.005&quot;,&quot;title&quot;:&quot;&quot;}\" data-image-title=\"Maricel Maldonado\" data-image-description=\"&lt;p&gt;Maricel Maldonado, funcionaria del Departamento Social de la Municipalidad de San Felipe.&lt;\/p&gt; \" data-medium-file=\"https:\/\/i0.wp.com\/eltrabajo.cl\/portal\/wp-content\/uploads\/2014\/07\/Maricel-Maldonado.jpg?fit=300%2C297&#038;ssl=1\" data-large-file=\"https:\/\/i0.wp.com\/eltrabajo.cl\/portal\/wp-content\/uploads\/2014\/07\/Maricel-Maldonado.jpg?fit=529%2C525&#038;ssl=1\" src=\"https:\/\/i0.wp.com\/eltrabajo.cl\/portal\/wp-content\/uploads\/2014\/07\/Maricel-Maldonado.jpg?w=320&#038;h=318&#038;ssl=1\" srcset=\"https:\/\/i0.wp.com\/eltrabajo.cl\/portal\/wp-content\/uploads\/2014\/07\/Maricel-Maldonado.jpg?w=529&amp;ssl=1 529w, https:\/\/i0.wp.com\/eltrabajo.cl\/portal\/wp-content\/uploads\/2014\/07\/Maricel-Maldonado.jpg?resize=151%2C150&amp;ssl=1 151w, https:\/\/i0.wp.com\/eltrabajo.cl\/portal\/wp-content\/uploads\/2014\/07\/Maricel-Maldonado.jpg?resize=300%2C297&amp;ssl=1 300w, https:\/\/i0.wp.com\/eltrabajo.cl\/portal\/wp-content\/uploads\/2014\/07\/Maricel-Maldonado.jpg?resize=150%2C148&amp;ssl=1 150w, https:\/\/i0.wp.com\/eltrabajo.cl\/portal\/wp-content\/uploads\/2014\/07\/Maricel-Maldonado.jpg?resize=400%2C396&amp;ssl=1 400w\" width=\"320\" height=\"318\" loading=\"lazy\" data-original-width=\"320\" data-original-height=\"318\" itemprop=\"http:\/\/schema.org\/image\" title=\"Maricel Maldonado\" alt=\"Maricel Maldonado, funcionaria del Departamento Social de la Municipalidad de San Felipe.\" style=\"width: 320px; height: 318px;\" \/> <\/a> <div class=\"tiled-gallery-caption\" itemprop=\"caption description\"> Maricel Maldonado, funcionaria del Departamento Social de la Municipalidad de San Felipe. <\/div> <\/div> <\/div> <!-- close group --> <div class=\"gallery-group images-1\" style=\"width: 316px; height: 322px;\" data-original-width=\"316\" data-original-height=\"322\" > <div class=\"tiled-gallery-item tiled-gallery-item-large\" itemprop=\"associatedMedia\" itemscope itemtype=\"http:\/\/schema.org\/ImageObject\"> <a href=\"https:\/\/eltrabajo.cl\/portal\/ladrones-saquearon-y-quemaron-vivienda-a-familia-de-bucalemu\/sergio-parra\/\" border=\"0\" itemprop=\"url\"> <meta itemprop=\"width\" content=\"312\"> <meta itemprop=\"height\" content=\"318\"> <img decoding=\"async\" class=\"\" data-attachment-id=\"49450\" data-orig-file=\"https:\/\/eltrabajo.cl\/portal\/wp-content\/uploads\/2014\/07\/Sergio-Parra.jpg\" data-orig-size=\"529,540\" data-comments-opened=\"1\" data-image-meta=\"{&quot;aperture&quot;:&quot;4&quot;,&quot;credit&quot;:&quot;&quot;,&quot;camera&quot;:&quot;Canon EOS REBEL T1i&quot;,&quot;caption&quot;:&quot;&quot;,&quot;created_timestamp&quot;:&quot;1406566072&quot;,&quot;copyright&quot;:&quot;&quot;,&quot;focal_length&quot;:&quot;24&quot;,&quot;iso&quot;:&quot;400&quot;,&quot;shutter_speed&quot;:&quot;0.016666666666667&quot;,&quot;title&quot;:&quot;&quot;}\" data-image-title=\"Sergio Parra\" data-image-description=\"&lt;p&gt;Suboficial Sergio Parra, destacado en el Ret\u00e9n de Curim\u00f3n.&lt;\/p&gt; \" data-medium-file=\"https:\/\/i0.wp.com\/eltrabajo.cl\/portal\/wp-content\/uploads\/2014\/07\/Sergio-Parra.jpg?fit=293%2C300&#038;ssl=1\" data-large-file=\"https:\/\/i0.wp.com\/eltrabajo.cl\/portal\/wp-content\/uploads\/2014\/07\/Sergio-Parra.jpg?fit=529%2C540&#038;ssl=1\" src=\"https:\/\/i0.wp.com\/eltrabajo.cl\/portal\/wp-content\/uploads\/2014\/07\/Sergio-Parra.jpg?w=312&#038;h=318&#038;ssl=1\" srcset=\"https:\/\/i0.wp.com\/eltrabajo.cl\/portal\/wp-content\/uploads\/2014\/07\/Sergio-Parra.jpg?w=529&amp;ssl=1 529w, https:\/\/i0.wp.com\/eltrabajo.cl\/portal\/wp-content\/uploads\/2014\/07\/Sergio-Parra.jpg?resize=146%2C150&amp;ssl=1 146w, https:\/\/i0.wp.com\/eltrabajo.cl\/portal\/wp-content\/uploads\/2014\/07\/Sergio-Parra.jpg?resize=293%2C300&amp;ssl=1 293w, https:\/\/i0.wp.com\/eltrabajo.cl\/portal\/wp-content\/uploads\/2014\/07\/Sergio-Parra.jpg?resize=400%2C408&amp;ssl=1 400w\" width=\"312\" height=\"318\" loading=\"lazy\" data-original-width=\"312\" data-original-height=\"318\" itemprop=\"http:\/\/schema.org\/image\" title=\"Sergio Parra\" alt=\"Suboficial Sergio Parra, destacado en el Ret\u00e9n de Curim\u00f3n.\" style=\"width: 312px; height: 318px;\" \/> <\/a> <div class=\"tiled-gallery-caption\" itemprop=\"caption description\"> Suboficial Sergio Parra, destacado en el Ret\u00e9n de Curim\u00f3n. <\/div> <\/div> <\/div> <!-- close group --> <\/div> <!-- close row --> <\/div>\n","protected":false},"excerpt":{"rendered":"<p>El destino siempre nos tendr\u00e1 sorpresas en el camino, de una u otra manera las cosas no siempre saldr\u00e1n como las planeamos y muestra de ello es lo ocurrido a una familia&#8230;<\/p>\n","protected":false},"author":482,"featured_media":49443,"comment_status":"open","ping_status":"closed","sticky":false,"template":"","format":"standard","meta":{"advanced_seo_description":"","jetpack_seo_html_title":"","jetpack_seo_noindex":false,"_jetpack_memberships_contains_paid_content":false,"footnotes":""},"categories":[15],"tags":[],"class_list":["post-49442","post","type-post","status-publish","format-standard","has-post-thumbnail","hentry","category-comunidad"],"jetpack_featured_media_url":"https:\/\/i0.wp.com\/eltrabajo.cl\/portal\/wp-content\/uploads\/2014\/07\/Ruinas11.jpg?fit=529%2C358&ssl=1","jetpack_sharing_enabled":true,"jetpack_likes_enabled":true,"jetpack-related-posts":[],"_links":{"self":[{"href":"https:\/\/eltrabajo.cl\/portal\/wp-json\/wp\/v2\/posts\/49442","targetHints":{"allow":["GET"]}}],"collection":[{"href":"https:\/\/eltrabajo.cl\/portal\/wp-json\/wp\/v2\/posts"}],"about":[{"href":"https:\/\/eltrabajo.cl\/portal\/wp-json\/wp\/v2\/types\/post"}],"author":[{"embeddable":true,"href":"https:\/\/eltrabajo.cl\/portal\/wp-json\/wp\/v2\/users\/482"}],"replies":[{"embeddable":true,"href":"https:\/\/eltrabajo.cl\/portal\/wp-json\/wp\/v2\/comments?post=49442"}],"version-history":[{"count":0,"href":"https:\/\/eltrabajo.cl\/portal\/wp-json\/wp\/v2\/posts\/49442\/revisions"}],"wp:featuredmedia":[{"embeddable":true,"href":"https:\/\/eltrabajo.cl\/portal\/wp-json\/wp\/v2\/media\/49443"}],"wp:attachment":[{"href":"https:\/\/eltrabajo.cl\/portal\/wp-json\/wp\/v2\/media?parent=49442"}],"wp:term":[{"taxonomy":"category","embeddable":true,"href":"https:\/\/eltrabajo.cl\/portal\/wp-json\/wp\/v2\/categories?post=49442"},{"taxonomy":"post_tag","embeddable":true,"href":"https:\/\/eltrabajo.cl\/portal\/wp-json\/wp\/v2\/tags?post=49442"}],"curies":[{"name":"wp","href":"https:\/\/api.w.org\/{rel}","templated":true}]}}