{"id":49454,"date":"2014-07-30T09:42:45","date_gmt":"2014-07-30T13:42:45","guid":{"rendered":"http:\/\/www.eltrabajo.cl\/portal\/?p=49454"},"modified":"2014-07-30T09:47:22","modified_gmt":"2014-07-30T13:47:22","slug":"autoridades-trabajan-en-proyecto-para-edificio-de-oficinas-publicas","status":"publish","type":"post","link":"https:\/\/eltrabajo.cl\/portal\/autoridades-trabajan-en-proyecto-para-edificio-de-oficinas-publicas\/","title":{"rendered":"Autoridades trabajan en proyecto para edificio de oficinas p\u00fablicas"},"content":{"rendered":"<p><a href=\"https:\/\/i0.wp.com\/www.eltrabajo.cl\/portal\/wp-content\/uploads\/2014\/07\/Autoridades11.jpg\"><img data-recalc-dims=\"1\" loading=\"lazy\" decoding=\"async\" class=\"size-full wp-image-49455\" alt=\"La Secpla de la Municipalidad de San Felipe, la gobernaci\u00f3n provincial y la Direcci\u00f3n de Arquitectura del MOP, se encuentran trabajando en la formulaci\u00f3n del proyecto para ser presentado en el Ministerio de Desarrollo Social.\" src=\"https:\/\/i0.wp.com\/www.eltrabajo.cl\/portal\/wp-content\/uploads\/2014\/07\/Autoridades11.jpg?resize=529%2C335\" width=\"529\" height=\"335\" srcset=\"https:\/\/i0.wp.com\/eltrabajo.cl\/portal\/wp-content\/uploads\/2014\/07\/Autoridades11.jpg?w=529&amp;ssl=1 529w, https:\/\/i0.wp.com\/eltrabajo.cl\/portal\/wp-content\/uploads\/2014\/07\/Autoridades11.jpg?resize=200%2C126&amp;ssl=1 200w, https:\/\/i0.wp.com\/eltrabajo.cl\/portal\/wp-content\/uploads\/2014\/07\/Autoridades11.jpg?resize=300%2C189&amp;ssl=1 300w, https:\/\/i0.wp.com\/eltrabajo.cl\/portal\/wp-content\/uploads\/2014\/07\/Autoridades11.jpg?resize=150%2C94&amp;ssl=1 150w, https:\/\/i0.wp.com\/eltrabajo.cl\/portal\/wp-content\/uploads\/2014\/07\/Autoridades11.jpg?resize=400%2C253&amp;ssl=1 400w\" sizes=\"auto, (max-width: 529px) 100vw, 529px\" \/><\/a><\/p>\n<dl class=\"wp-caption alignnone\" id=\"attachment_49455\" style=\"width: 539px;\">\n<dd class=\"wp-caption-dd\">La Secpla de la Municipalidad de San Felipe, la gobernaci\u00f3n provincial y la Direcci\u00f3n de Arquitectura del MOP, se encuentran trabajando en la formulaci\u00f3n del proyecto para ser presentado en el Ministerio de Desarrollo Social.<\/dd>\n<\/dl>\n<p>Con el objetivo de contar con un edificio que agrupe a las oficinas p\u00fablicas en la comuna de San Felipe, desde hace un tiempo la Secpla de la Municipalidad de San Felipe, la gobernaci\u00f3n provincial y la Direcci\u00f3n de Arquitectura del MOP, se encuentran trabajando en la formulaci\u00f3n del proyecto para ser presentado en el Ministerio de Desarrollo Social.As\u00ed lo dieron a conocer este martes el Alcalde Patricio Freire, el Gobernador Provincial Eduardo Le\u00f3n y el Director de Arquitectura a nivel regional del MOP, Rodrigo Pereira. La iniciativa contemplar\u00eda la utilizaci\u00f3n del terreno, que se ubica detr\u00e1s del edificio de la gobernaci\u00f3n, que actualmente es utilizado como estacionamientos, que destaca por encontrarse en el centro y es de f\u00e1cil acceso para todos los vecinos.<\/p>\n<p>Actualmente las oficinas p\u00fablicas se encuentran ubicadas en distintos sectores de la comuna de San Felipe, haciendo en algunos casos muy complejo su acceso de parte de los vecinos, una situaci\u00f3n que cambiar\u00eda al tener un edificio que los agrupe a todos en un mismo lugar.<\/p>\n<p>\u201cCon el gobernador pensamos hace un a\u00f1o atr\u00e1s poder contar con un edificio de oficinas p\u00fablicas en este lugar, que adem\u00e1s se presta para la construcci\u00f3n de estacionamientos subterr\u00e1neos y as\u00ed dar soluci\u00f3n integral a este tema\u201d, dijo el jefe comunal.<\/p>\n<p>El gobernador destac\u00f3 el trabajo en conjunto que se est\u00e1 realizando con la municipalidad y la Direcci\u00f3n de Arquitectura del MOP, ya que a su juicio, la iniciativa va en beneficio de la provincia de San Felipe. El proyecto requiere evaluar cual es el aporte que se quiere generar a la provincia y a la ciudad de San Felipe, sumado al aspecto social, a los que se suman varios indicadores que deben ser presentados al Ministerio de Desarrollo Social.<\/p>\n<p>\u201cLa metodolog\u00eda de Desarrollo Social no es simple, es compleja, requiere de la participaci\u00f3n de varios profesionales y creo que hay que tomarse el plazo para presentar el proyecto y una formulaci\u00f3n suficientemente s\u00f3lida, para que una vez ingresado esto, obtenga la menor cantidad de observaciones\u201d, sostuvo Rodrigo Pereira.<\/p>\n<p>&nbsp;<\/p>\n","protected":false},"excerpt":{"rendered":"<p>La Secpla de la Municipalidad de San Felipe, la gobernaci\u00f3n provincial y la Direcci\u00f3n de Arquitectura del MOP, se encuentran trabajando en la formulaci\u00f3n del proyecto para ser presentado en el Ministerio&#8230;<\/p>\n","protected":false},"author":482,"featured_media":49455,"comment_status":"open","ping_status":"closed","sticky":false,"template":"","format":"standard","meta":{"advanced_seo_description":"","jetpack_seo_html_title":"","jetpack_seo_noindex":false,"_jetpack_memberships_contains_paid_content":false,"footnotes":""},"categories":[15],"tags":[],"class_list":["post-49454","post","type-post","status-publish","format-standard","has-post-thumbnail","hentry","category-comunidad"],"jetpack_featured_media_url":"https:\/\/i0.wp.com\/eltrabajo.cl\/portal\/wp-content\/uploads\/2014\/07\/Autoridades11.jpg?fit=529%2C335&ssl=1","jetpack_sharing_enabled":true,"jetpack_likes_enabled":true,"jetpack-related-posts":[],"_links":{"self":[{"href":"https:\/\/eltrabajo.cl\/portal\/wp-json\/wp\/v2\/posts\/49454","targetHints":{"allow":["GET"]}}],"collection":[{"href":"https:\/\/eltrabajo.cl\/portal\/wp-json\/wp\/v2\/posts"}],"about":[{"href":"https:\/\/eltrabajo.cl\/portal\/wp-json\/wp\/v2\/types\/post"}],"author":[{"embeddable":true,"href":"https:\/\/eltrabajo.cl\/portal\/wp-json\/wp\/v2\/users\/482"}],"replies":[{"embeddable":true,"href":"https:\/\/eltrabajo.cl\/portal\/wp-json\/wp\/v2\/comments?post=49454"}],"version-history":[{"count":0,"href":"https:\/\/eltrabajo.cl\/portal\/wp-json\/wp\/v2\/posts\/49454\/revisions"}],"wp:featuredmedia":[{"embeddable":true,"href":"https:\/\/eltrabajo.cl\/portal\/wp-json\/wp\/v2\/media\/49455"}],"wp:attachment":[{"href":"https:\/\/eltrabajo.cl\/portal\/wp-json\/wp\/v2\/media?parent=49454"}],"wp:term":[{"taxonomy":"category","embeddable":true,"href":"https:\/\/eltrabajo.cl\/portal\/wp-json\/wp\/v2\/categories?post=49454"},{"taxonomy":"post_tag","embeddable":true,"href":"https:\/\/eltrabajo.cl\/portal\/wp-json\/wp\/v2\/tags?post=49454"}],"curies":[{"name":"wp","href":"https:\/\/api.w.org\/{rel}","templated":true}]}}