{"id":49462,"date":"2014-07-30T09:50:14","date_gmt":"2014-07-30T13:50:14","guid":{"rendered":"http:\/\/www.eltrabajo.cl\/portal\/?p=49462"},"modified":"2014-07-30T09:50:14","modified_gmt":"2014-07-30T13:50:14","slug":"presos-quedaron-los-sospechosos-del-millonario-robo-de-joyas","status":"publish","type":"post","link":"https:\/\/eltrabajo.cl\/portal\/presos-quedaron-los-sospechosos-del-millonario-robo-de-joyas\/","title":{"rendered":"Presos quedaron los sospechosos del millonario robo de joyas"},"content":{"rendered":"<figure id=\"attachment_49463\" aria-describedby=\"caption-attachment-49463\" style=\"width: 370px\" class=\"wp-caption alignleft\"><a href=\"https:\/\/i0.wp.com\/www.eltrabajo.cl\/portal\/wp-content\/uploads\/2014\/07\/Imputado-RoboJoyas-21.jpg\"><img data-recalc-dims=\"1\" loading=\"lazy\" decoding=\"async\" class=\" wp-image-49463 \" alt=\"El imputado de 19 a\u00f1os qued\u00f3 en prisi\u00f3n preventiva por el delito de robo en lugar habitado en la Villa Las Acacias de San Felipe.\" src=\"https:\/\/i0.wp.com\/www.eltrabajo.cl\/portal\/wp-content\/uploads\/2014\/07\/Imputado-RoboJoyas-21.jpg?resize=370%2C279\" width=\"370\" height=\"279\" srcset=\"https:\/\/i0.wp.com\/eltrabajo.cl\/portal\/wp-content\/uploads\/2014\/07\/Imputado-RoboJoyas-21.jpg?w=529&amp;ssl=1 529w, https:\/\/i0.wp.com\/eltrabajo.cl\/portal\/wp-content\/uploads\/2014\/07\/Imputado-RoboJoyas-21.jpg?resize=200%2C150&amp;ssl=1 200w, https:\/\/i0.wp.com\/eltrabajo.cl\/portal\/wp-content\/uploads\/2014\/07\/Imputado-RoboJoyas-21.jpg?resize=300%2C225&amp;ssl=1 300w, https:\/\/i0.wp.com\/eltrabajo.cl\/portal\/wp-content\/uploads\/2014\/07\/Imputado-RoboJoyas-21.jpg?resize=150%2C112&amp;ssl=1 150w, https:\/\/i0.wp.com\/eltrabajo.cl\/portal\/wp-content\/uploads\/2014\/07\/Imputado-RoboJoyas-21.jpg?resize=400%2C300&amp;ssl=1 400w\" sizes=\"auto, (max-width: 370px) 100vw, 370px\" \/><\/a><figcaption id=\"caption-attachment-49463\" class=\"wp-caption-text\">El imputado de 19 a\u00f1os qued\u00f3 en prisi\u00f3n preventiva por el delito de robo en lugar habitado en la Villa Las Acacias de San Felipe.<\/figcaption><\/figure>\n<p>En Prisi\u00f3n Preventiva por un plazo de 45 d\u00edas, qued\u00f3 Rodrigo Alfonso B.C. de 19 a\u00f1os de edad, quien junto a O.A.M.A. (16), fueron formalizados por el millonario robo de joyas y carteras, quedando \u00e9ste \u00faltimo en internaci\u00f3n provisoria en el Centro Lihu\u00e9n de Limache.<\/p>\n<p>Tal como lo inform\u00f3 Diario El Trabajo en su edici\u00f3n del d\u00eda de ayer martes, personal de Carabineros logr\u00f3 la detenci\u00f3n de estos dos imputados tras una importante prueba de un registro audiovisual de las c\u00e1maras de seguridad de una vivienda en Villa Las Acacias de San Felipe, misma que funciona como Boutique.<\/p>\n<p>El delito se produjo a eso de las 01:30 horas, cuando la v\u00edctima de iniciales M.I.G.D. inform\u00f3 a Carabineros v\u00eda telef\u00f3nica para que se trasladaran hasta Pasaje Salustiano Narv\u00e1ez, tras observar a varios sujetos al interior de su inmueble sustrayendo todas las joyas, carteras y accesorios que encontraban en la vivienda. Seg\u00fan la declaraci\u00f3n de la v\u00edctima, pudo advertir lo sucedido luego de despertarse al escuchar extra\u00f1os ruidos al interior de su comedor, por lo que comenz\u00f3 a pedir auxilio a su esposo mientras los antisociales escapaban con las especies.<\/p>\n<p>Tras la incautaci\u00f3n del registro de las c\u00e1maras de seguridad, Carabineros pudo identificar a dos de los sujetos que fueron aprehendidos en la v\u00eda p\u00fablica y que lograron ser formalizados por la fiscal\u00eda. Asimismo la Polic\u00eda a\u00fan mantiene las diligencias para dar con el paradero de los otros tres sujetos que se visualizan en el video como autores del delito, sin lograr recobrar las especies, luego de realizar allanamientos en domicilios de los involucrados tras una orden judicial.<\/p>\n<p>La Fiscal Daniela Quevedo Henr\u00edquez inform\u00f3 a Diario El Trabajo que se ampli\u00f3 la detenci\u00f3n hasta el d\u00eda de ayer, debido a que funcionarios de Carabineros no incautaron de manera correcta el video, lo que significaba una prueba contundente para fundar la solicitud de prisi\u00f3n preventiva e internaci\u00f3n provisoria, considerando que hay un menor involucrado en el hecho.<\/p>\n<p>\u201cEl adolescente deber\u00e1 ingresar a internaci\u00f3n provisoria y el otro sujeto a prisi\u00f3n preventiva por el delito de Robo en lugar habitado por un plazo de investigaci\u00f3n de 45 d\u00edas. Es importante la prueba del video, porque acredita la participaci\u00f3n y el hecho que los cinco sujetos ingresaron, pero hay otro sujeto que est\u00e1 siendo investigado, tenemos que individualizar el resto de la participaci\u00f3n de los otros\u201d, indic\u00f3 la Fiscal Quevedo.<\/p>\n<p>Pablo Salinas Sald\u00edas<\/p>\n","protected":false},"excerpt":{"rendered":"<p>En Prisi\u00f3n Preventiva por un plazo de 45 d\u00edas, qued\u00f3 Rodrigo Alfonso B.C. de 19 a\u00f1os de edad, quien junto a O.A.M.A. (16), fueron formalizados por el millonario robo de joyas y&#8230;<\/p>\n","protected":false},"author":482,"featured_media":49463,"comment_status":"open","ping_status":"closed","sticky":false,"template":"","format":"standard","meta":{"advanced_seo_description":"","jetpack_seo_html_title":"","jetpack_seo_noindex":false,"_jetpack_memberships_contains_paid_content":false,"footnotes":""},"categories":[21],"tags":[],"class_list":["post-49462","post","type-post","status-publish","format-standard","has-post-thumbnail","hentry","category-policial"],"jetpack_featured_media_url":"https:\/\/i0.wp.com\/eltrabajo.cl\/portal\/wp-content\/uploads\/2014\/07\/Imputado-RoboJoyas-21.jpg?fit=529%2C398&ssl=1","jetpack_sharing_enabled":true,"jetpack_likes_enabled":true,"jetpack-related-posts":[],"_links":{"self":[{"href":"https:\/\/eltrabajo.cl\/portal\/wp-json\/wp\/v2\/posts\/49462","targetHints":{"allow":["GET"]}}],"collection":[{"href":"https:\/\/eltrabajo.cl\/portal\/wp-json\/wp\/v2\/posts"}],"about":[{"href":"https:\/\/eltrabajo.cl\/portal\/wp-json\/wp\/v2\/types\/post"}],"author":[{"embeddable":true,"href":"https:\/\/eltrabajo.cl\/portal\/wp-json\/wp\/v2\/users\/482"}],"replies":[{"embeddable":true,"href":"https:\/\/eltrabajo.cl\/portal\/wp-json\/wp\/v2\/comments?post=49462"}],"version-history":[{"count":0,"href":"https:\/\/eltrabajo.cl\/portal\/wp-json\/wp\/v2\/posts\/49462\/revisions"}],"wp:featuredmedia":[{"embeddable":true,"href":"https:\/\/eltrabajo.cl\/portal\/wp-json\/wp\/v2\/media\/49463"}],"wp:attachment":[{"href":"https:\/\/eltrabajo.cl\/portal\/wp-json\/wp\/v2\/media?parent=49462"}],"wp:term":[{"taxonomy":"category","embeddable":true,"href":"https:\/\/eltrabajo.cl\/portal\/wp-json\/wp\/v2\/categories?post=49462"},{"taxonomy":"post_tag","embeddable":true,"href":"https:\/\/eltrabajo.cl\/portal\/wp-json\/wp\/v2\/tags?post=49462"}],"curies":[{"name":"wp","href":"https:\/\/api.w.org\/{rel}","templated":true}]}}