{"id":49466,"date":"2014-07-30T09:51:34","date_gmt":"2014-07-30T13:51:34","guid":{"rendered":"http:\/\/www.eltrabajo.cl\/portal\/?p=49466"},"modified":"2014-07-30T09:51:34","modified_gmt":"2014-07-30T13:51:34","slug":"todos-esperan-un-milagro-tras-aparicion-de-donante-de-higado-para-giovanni-olmos","status":"publish","type":"post","link":"https:\/\/eltrabajo.cl\/portal\/todos-esperan-un-milagro-tras-aparicion-de-donante-de-higado-para-giovanni-olmos\/","title":{"rendered":"Todos esperan un milagro tras aparici\u00f3n de donante de h\u00edgado para Giovanni Olmos"},"content":{"rendered":"<figure id=\"attachment_49467\" aria-describedby=\"caption-attachment-49467\" style=\"width: 317px\" class=\"wp-caption alignleft\"><a href=\"https:\/\/i0.wp.com\/www.eltrabajo.cl\/portal\/wp-content\/uploads\/2014\/07\/Giovanni-Olmos1.jpg\"><img data-recalc-dims=\"1\" loading=\"lazy\" decoding=\"async\" class=\" wp-image-49467 \" alt=\"HAY ESPERANZA.- Giovanni Olmos Valle fue intervenido quir\u00fargicamente tras la aparici\u00f3n de un donante de h\u00edgado, esto a la espera que pueda mejorar su condici\u00f3n de salud en el Hospital Cl\u00ednico de la Universidad Cat\u00f3lica en Santiago. \" src=\"https:\/\/i0.wp.com\/www.eltrabajo.cl\/portal\/wp-content\/uploads\/2014\/07\/Giovanni-Olmos1.jpg?resize=317%2C398\" width=\"317\" height=\"398\" srcset=\"https:\/\/i0.wp.com\/eltrabajo.cl\/portal\/wp-content\/uploads\/2014\/07\/Giovanni-Olmos1.jpg?w=529&amp;ssl=1 529w, https:\/\/i0.wp.com\/eltrabajo.cl\/portal\/wp-content\/uploads\/2014\/07\/Giovanni-Olmos1.jpg?resize=119%2C150&amp;ssl=1 119w, https:\/\/i0.wp.com\/eltrabajo.cl\/portal\/wp-content\/uploads\/2014\/07\/Giovanni-Olmos1.jpg?resize=239%2C300&amp;ssl=1 239w, https:\/\/i0.wp.com\/eltrabajo.cl\/portal\/wp-content\/uploads\/2014\/07\/Giovanni-Olmos1.jpg?resize=400%2C502&amp;ssl=1 400w\" sizes=\"auto, (max-width: 317px) 100vw, 317px\" \/><\/a><figcaption id=\"caption-attachment-49467\" class=\"wp-caption-text\">HAY ESPERANZA.- Giovanni Olmos Valle fue intervenido quir\u00fargicamente tras la aparici\u00f3n de un donante de h\u00edgado, esto a la espera que pueda mejorar su condici\u00f3n de salud en el Hospital Cl\u00ednico de la Universidad Cat\u00f3lica en Santiago.<\/figcaption><\/figure>\n<p>Una luz de esperanza de vida y mejoras en su salud se vislumbra en torno a Giovanni Olmos, luego de conocerse la aparici\u00f3n de un donante del h\u00edgado que necesita con extrema urgencia para sobrevivir a una hepatitis fulminante, luego de permanecer en coma en el Hospital Cl\u00ednico de la Universidad Cat\u00f3lica en Santiago, en donde los m\u00e9dicos hab\u00edan sentenciado 48 horas de vida como plazo desde el jueves.<\/p>\n<p><strong>\u00a0LA OPERACI\u00d3N<\/strong><\/p>\n<p>La familia del joven llaylla\u00edno de 27 a\u00f1os, mantiene firme la ilusi\u00f3n de volver a ver a Giovanni despertar del coma y levantarse de su camilla, luego que a las 15:00 horas del d\u00eda de ayer martes, los m\u00e9dicos confirmaron la compatibilidad del \u00f3rgano para dar paso a la intervenci\u00f3n quir\u00fargica, misma que tom\u00f3 un tiempo estimado de cinco a seis horas, las que ser\u00e1n vitales para producir el milagro de continuar viviendo.<\/p>\n<p>Sandra Olmos, hermana de Giovanni, muy emocionada convers\u00f3 con Diario El Trabajo, manifestando que la noticia del donante del \u00f3rgano los tiene muy contentos pero a la vez nerviosos por el resultado que pueda tener esta importante operaci\u00f3n que pueda revertir esta situaci\u00f3n que mantiene al joven en estado cr\u00edtico tras padecer de una hepatitis fulminante que le comprometi\u00f3 su h\u00edgado.<\/p>\n<p>\u00abHace 20 minutos que entr\u00f3 a pabell\u00f3n, nos avisaron que hab\u00eda un h\u00edgado para \u00e9l, a\u00fan no sabemos nada del donante, una vez que termine la operaci\u00f3n vamos a saber m\u00e1s detalles. Estamos con mucha fe de que todo va a salir bien. Estamos muy agradecidos de la difusi\u00f3n en todos los medios. \u00c9l est\u00e1 en coma a\u00fan y esperamos que todo salga bien, hay que esperar a ver si el \u00f3rgano resiste\u00bb, se\u00f1al\u00f3 Sandra.<\/p>\n<p>A su vez hizo un llamado para dadores de sangre de cualquier grupo, para que se puedan dirigir hasta el Hospital Cl\u00ednico de la Universidad Cat\u00f3lica. La Municipalidad de Llay Llay dispuso de un bus para trasladar a quienes puedan asistir durante la ma\u00f1ana de hoy mi\u00e9rcoles.<\/p>\n<p><strong>CARTA ESPECIAL<\/strong><\/p>\n<p>El pasado fin de semana luego de conocerse el caso de Giovanni por los medios de prensa, una ni\u00f1a de nueve a\u00f1os de la Regi\u00f3n Metropolitana y acompa\u00f1ada de sus padres, concurri\u00f3 hasta ese centro hospitalario conmovida por la cr\u00edtica condici\u00f3n de salud del joven, para entregarle una emotiva carta pidi\u00e9ndole disculpas por no poder donarle su propio h\u00edgado, para que \u00e9l pudiera seguir viviendo.<\/p>\n<p>Este noble gesto fue bien recibido por la Familia Olmos Valle, que convers\u00f3 con la menor dejando abierta una arista en reflexionar el tema de la donaci\u00f3n de \u00f3rganos dentro del grupo familiar.<\/p>\n<p>\u00abLleg\u00f3 una ni\u00f1a hasta el hospital que quer\u00eda entregarle una carta a Giovanni, pidi\u00e9ndole disculpas porque no pod\u00eda donarle su h\u00edgado por ser menor de edad. Nosotros quedamos helados, porque nunca imaginamos que una ni\u00f1a tan chica supiera lo importante que es ser donante. Esta cartita la tenemos guardada para que cuando Giovanni despierte, \u00e9l la pueda abrir y leer\u00bb, cuenta Sandra Olmos.<\/p>\n<p>Aclar\u00f3 que hasta el momento, familiares y amigos cercanos han estado realizando rifas y bingos en beneficio de Giovanni, desmintiendo los anuncios en una radio de la comuna de Llay Llay que solicitan a la comunidad dep\u00f3sitos de dinero en una cuenta bancaria. \u00abSupimos que en una radio local estaban dando un n\u00famero de cuenta para depositar a nombre de Giovanni, pero no es cierto, por lo menos la familia no hemos dado ning\u00fan n\u00famero de cuenta, no hemos pedido dinero, s\u00f3lo los beneficios que han hecho las amistades que han hecho rifas y bingos\u00bb, sostuvo Sandra.<\/p>\n<p>Tras las diversas cadenas de oraci\u00f3n que se han realizado, la familia espera que la operaci\u00f3n pueda resultar exitosa para que Giovanni pueda estar junto a su esposa, quien est\u00e1 embarazada de tres meses. Hasta el cierre de nuestra edici\u00f3n a\u00fan no se conoc\u00edan los resultados de esta intervenci\u00f3n quir\u00fargica, por lo que en la edici\u00f3n de ma\u00f1ana jueves estaremos ampliando sobre esta noticia<\/p>\n<p>Pablo Salinas Sald\u00edas<\/p>\n<p>&nbsp;<\/p>\n","protected":false},"excerpt":{"rendered":"<p>Una luz de esperanza de vida y mejoras en su salud se vislumbra en torno a Giovanni Olmos, luego de conocerse la aparici\u00f3n de un donante del h\u00edgado que necesita con extrema&#8230;<\/p>\n","protected":false},"author":482,"featured_media":49467,"comment_status":"open","ping_status":"closed","sticky":false,"template":"","format":"standard","meta":{"advanced_seo_description":"","jetpack_seo_html_title":"","jetpack_seo_noindex":false,"_jetpack_memberships_contains_paid_content":false,"footnotes":""},"categories":[15],"tags":[],"class_list":["post-49466","post","type-post","status-publish","format-standard","has-post-thumbnail","hentry","category-comunidad"],"jetpack_featured_media_url":"https:\/\/i0.wp.com\/eltrabajo.cl\/portal\/wp-content\/uploads\/2014\/07\/Giovanni-Olmos1.jpg?fit=529%2C664&ssl=1","jetpack_sharing_enabled":true,"jetpack_likes_enabled":true,"jetpack-related-posts":[],"_links":{"self":[{"href":"https:\/\/eltrabajo.cl\/portal\/wp-json\/wp\/v2\/posts\/49466","targetHints":{"allow":["GET"]}}],"collection":[{"href":"https:\/\/eltrabajo.cl\/portal\/wp-json\/wp\/v2\/posts"}],"about":[{"href":"https:\/\/eltrabajo.cl\/portal\/wp-json\/wp\/v2\/types\/post"}],"author":[{"embeddable":true,"href":"https:\/\/eltrabajo.cl\/portal\/wp-json\/wp\/v2\/users\/482"}],"replies":[{"embeddable":true,"href":"https:\/\/eltrabajo.cl\/portal\/wp-json\/wp\/v2\/comments?post=49466"}],"version-history":[{"count":0,"href":"https:\/\/eltrabajo.cl\/portal\/wp-json\/wp\/v2\/posts\/49466\/revisions"}],"wp:featuredmedia":[{"embeddable":true,"href":"https:\/\/eltrabajo.cl\/portal\/wp-json\/wp\/v2\/media\/49467"}],"wp:attachment":[{"href":"https:\/\/eltrabajo.cl\/portal\/wp-json\/wp\/v2\/media?parent=49466"}],"wp:term":[{"taxonomy":"category","embeddable":true,"href":"https:\/\/eltrabajo.cl\/portal\/wp-json\/wp\/v2\/categories?post=49466"},{"taxonomy":"post_tag","embeddable":true,"href":"https:\/\/eltrabajo.cl\/portal\/wp-json\/wp\/v2\/tags?post=49466"}],"curies":[{"name":"wp","href":"https:\/\/api.w.org\/{rel}","templated":true}]}}