{"id":49475,"date":"2014-07-31T09:22:30","date_gmt":"2014-07-31T13:22:30","guid":{"rendered":"http:\/\/www.eltrabajo.cl\/portal\/?p=49475"},"modified":"2014-07-31T09:22:30","modified_gmt":"2014-07-31T13:22:30","slug":"peques-de-la-escuela-herminia-ortega-de-croxatto-reciben-gafas-opticas","status":"publish","type":"post","link":"https:\/\/eltrabajo.cl\/portal\/peques-de-la-escuela-herminia-ortega-de-croxatto-reciben-gafas-opticas\/","title":{"rendered":"Peques de la Escuela Herminia Ortega de Croxatto reciben gafas \u00f3pticas"},"content":{"rendered":"<figure id=\"attachment_49476\" aria-describedby=\"caption-attachment-49476\" style=\"width: 529px\" class=\"wp-caption alignnone\"><a href=\"https:\/\/i0.wp.com\/www.eltrabajo.cl\/portal\/wp-content\/uploads\/2014\/07\/Lentes1.jpg\"><img data-recalc-dims=\"1\" loading=\"lazy\" decoding=\"async\" class=\"size-full wp-image-49476\" alt=\"Alumnos de la Escuela Herminia Ortega de Croxatto recibiendo gafas \u00f3pticas, les acompa\u00f1a el Alcalde Marillanca y el Director Regional de Junaeb, Reinaldo Orellana.\" src=\"https:\/\/i0.wp.com\/www.eltrabajo.cl\/portal\/wp-content\/uploads\/2014\/07\/Lentes1.jpg?resize=529%2C401\" width=\"529\" height=\"401\" srcset=\"https:\/\/i0.wp.com\/eltrabajo.cl\/portal\/wp-content\/uploads\/2014\/07\/Lentes1.jpg?w=529&amp;ssl=1 529w, https:\/\/i0.wp.com\/eltrabajo.cl\/portal\/wp-content\/uploads\/2014\/07\/Lentes1.jpg?resize=197%2C150&amp;ssl=1 197w, https:\/\/i0.wp.com\/eltrabajo.cl\/portal\/wp-content\/uploads\/2014\/07\/Lentes1.jpg?resize=300%2C227&amp;ssl=1 300w, https:\/\/i0.wp.com\/eltrabajo.cl\/portal\/wp-content\/uploads\/2014\/07\/Lentes1.jpg?resize=150%2C113&amp;ssl=1 150w, https:\/\/i0.wp.com\/eltrabajo.cl\/portal\/wp-content\/uploads\/2014\/07\/Lentes1.jpg?resize=400%2C303&amp;ssl=1 400w\" sizes=\"auto, (max-width: 529px) 100vw, 529px\" \/><\/a><figcaption id=\"caption-attachment-49476\" class=\"wp-caption-text\">Alumnos de la Escuela Herminia Ortega de Croxatto recibiendo gafas \u00f3pticas, les acompa\u00f1a el Alcalde Marillanca y el Director Regional de Junaeb, Reinaldo Orellana.<\/figcaption><\/figure>\n<p><strong>LLAY LLAY<\/strong>.- En una breve ceremonia, el Alcalde Mario Marillanca y autoridades de la Junta Nacional de Auxilio y Becas (Junaeb), hicieron entrega de gafas \u00f3pticas a alumnos de la Escuela Municipal Herminia Ortega de Croxatto, adscriptos al programa de salud que entrega la instituci\u00f3n.<\/p>\n<p>El Alcalde Marillanca resalt\u00f3 la importancia de la actividad, \u201cagradecer a Junaeb por esta ceremonia, misma que se realiza por primera vez en nuestra comuna, se entregaban en forma directa en cada colegio. Ayudar a nuestros j\u00f3venes por ser un factor de movilidad social, en la medida que nosotros podamos resolver sus problemas, ellos van a tener mayor rendimiento y llegar a la meta que se han propuesto\u201d.<\/p>\n<p>La ocasi\u00f3n amerit\u00f3 la presencia del Director Regional y la Delegada Provincial de Junaeb: Reinaldo Orellana y Claudia Moreno; quienes con esta acci\u00f3n ponen en pr\u00e1ctica una medida dise\u00f1ada para mejorar el nivel de salud y calidad de vida de los escolares a trav\u00e9s de la prevenci\u00f3n de problemas visuales por medio de la entrega, cambio y mejoramiento de los lentes \u00f3pticos.<\/p>\n<p>Respecto al objetivo primordial de esta entrega, \u201capunta a mejorar los \u00edndices de igualdad de oportunidades de los distintos ni\u00f1os de la Regi\u00f3n de Valpara\u00edso, particularmente de la comuna de Llay Llay; que a trav\u00e9s de este beneficio que est\u00e1n recibiendo, hoy d\u00eda pueden enfrentar su situaci\u00f3n escolar con mayor \u00e9xito\u201d, coment\u00f3 Orellana.<\/p>\n<p>El valor de la inversi\u00f3n de la compra de los 80 pares de lentes \u00f3pticos entregados en esta ocasi\u00f3n, asciende a $1.280.000 pesos, cabe destacar que los ni\u00f1os escogen el modelo y estilo de sus gafas. El programa de la Junaeb tiene proyectado atender en la Regi\u00f3n de Valpara\u00edso a m\u00e1s de 10.000 ni\u00f1os y j\u00f3venes; en \u00e1reas de la salud como: oftalmolog\u00eda, traumatolog\u00eda, otorrino y salud bucal, por ello desde el inicio del a\u00f1o escolar la instituci\u00f3n realiza un chequeo m\u00e9dico para detectar problemas de columna, audici\u00f3n y visi\u00f3n; con lo cual puede tomar medidas que den soluci\u00f3n a las posibles falencias en la salud del estudiante.<\/p>\n<p>&nbsp;<\/p>\n","protected":false},"excerpt":{"rendered":"<p>LLAY LLAY.- En una breve ceremonia, el Alcalde Mario Marillanca y autoridades de la Junta Nacional de Auxilio y Becas (Junaeb), hicieron entrega de gafas \u00f3pticas a alumnos de la Escuela Municipal&#8230;<\/p>\n","protected":false},"author":482,"featured_media":49476,"comment_status":"open","ping_status":"closed","sticky":false,"template":"","format":"standard","meta":{"advanced_seo_description":"","jetpack_seo_html_title":"","jetpack_seo_noindex":false,"_jetpack_memberships_contains_paid_content":false,"footnotes":""},"categories":[15],"tags":[],"class_list":["post-49475","post","type-post","status-publish","format-standard","has-post-thumbnail","hentry","category-comunidad"],"jetpack_featured_media_url":"https:\/\/i0.wp.com\/eltrabajo.cl\/portal\/wp-content\/uploads\/2014\/07\/Lentes1.jpg?fit=529%2C401&ssl=1","jetpack_sharing_enabled":true,"jetpack_likes_enabled":true,"jetpack-related-posts":[],"_links":{"self":[{"href":"https:\/\/eltrabajo.cl\/portal\/wp-json\/wp\/v2\/posts\/49475","targetHints":{"allow":["GET"]}}],"collection":[{"href":"https:\/\/eltrabajo.cl\/portal\/wp-json\/wp\/v2\/posts"}],"about":[{"href":"https:\/\/eltrabajo.cl\/portal\/wp-json\/wp\/v2\/types\/post"}],"author":[{"embeddable":true,"href":"https:\/\/eltrabajo.cl\/portal\/wp-json\/wp\/v2\/users\/482"}],"replies":[{"embeddable":true,"href":"https:\/\/eltrabajo.cl\/portal\/wp-json\/wp\/v2\/comments?post=49475"}],"version-history":[{"count":0,"href":"https:\/\/eltrabajo.cl\/portal\/wp-json\/wp\/v2\/posts\/49475\/revisions"}],"wp:featuredmedia":[{"embeddable":true,"href":"https:\/\/eltrabajo.cl\/portal\/wp-json\/wp\/v2\/media\/49476"}],"wp:attachment":[{"href":"https:\/\/eltrabajo.cl\/portal\/wp-json\/wp\/v2\/media?parent=49475"}],"wp:term":[{"taxonomy":"category","embeddable":true,"href":"https:\/\/eltrabajo.cl\/portal\/wp-json\/wp\/v2\/categories?post=49475"},{"taxonomy":"post_tag","embeddable":true,"href":"https:\/\/eltrabajo.cl\/portal\/wp-json\/wp\/v2\/tags?post=49475"}],"curies":[{"name":"wp","href":"https:\/\/api.w.org\/{rel}","templated":true}]}}