{"id":49479,"date":"2014-07-31T09:25:17","date_gmt":"2014-07-31T13:25:17","guid":{"rendered":"http:\/\/www.eltrabajo.cl\/portal\/?p=49479"},"modified":"2014-07-31T09:25:17","modified_gmt":"2014-07-31T13:25:17","slug":"carcel-andina-con-calendario-artistico-cultural-para-sus-internos","status":"publish","type":"post","link":"https:\/\/eltrabajo.cl\/portal\/carcel-andina-con-calendario-artistico-cultural-para-sus-internos\/","title":{"rendered":"C\u00e1rcel andina con calendario art\u00edstico-cultural para sus internos"},"content":{"rendered":"<figure id=\"attachment_49480\" aria-describedby=\"caption-attachment-49480\" style=\"width: 529px\" class=\"wp-caption alignnone\"><a href=\"https:\/\/i0.wp.com\/www.eltrabajo.cl\/portal\/wp-content\/uploads\/2014\/07\/TIMOTEO1.jpg\"><img data-recalc-dims=\"1\" loading=\"lazy\" decoding=\"async\" class=\"size-full wp-image-49480\" alt=\"A RE\u00cdR.- Gracias a gestiones efectuadas por el \u00c1rea T\u00e9cnica de la unidad, se logr\u00f3 que el Circo Timoteo realizara una funci\u00f3n en el sector de la multi-cancha del recinto.\" src=\"https:\/\/i0.wp.com\/www.eltrabajo.cl\/portal\/wp-content\/uploads\/2014\/07\/TIMOTEO1.jpg?resize=529%2C350\" width=\"529\" height=\"350\" srcset=\"https:\/\/i0.wp.com\/eltrabajo.cl\/portal\/wp-content\/uploads\/2014\/07\/TIMOTEO1.jpg?w=529&amp;ssl=1 529w, https:\/\/i0.wp.com\/eltrabajo.cl\/portal\/wp-content\/uploads\/2014\/07\/TIMOTEO1.jpg?resize=200%2C132&amp;ssl=1 200w, https:\/\/i0.wp.com\/eltrabajo.cl\/portal\/wp-content\/uploads\/2014\/07\/TIMOTEO1.jpg?resize=300%2C198&amp;ssl=1 300w, https:\/\/i0.wp.com\/eltrabajo.cl\/portal\/wp-content\/uploads\/2014\/07\/TIMOTEO1.jpg?resize=150%2C99&amp;ssl=1 150w, https:\/\/i0.wp.com\/eltrabajo.cl\/portal\/wp-content\/uploads\/2014\/07\/TIMOTEO1.jpg?resize=400%2C264&amp;ssl=1 400w\" sizes=\"auto, (max-width: 529px) 100vw, 529px\" \/><\/a><figcaption id=\"caption-attachment-49480\" class=\"wp-caption-text\">A RE\u00cdR.- Gracias a gestiones efectuadas por el \u00c1rea T\u00e9cnica de la unidad, se logr\u00f3 que el Circo Timoteo realizara una funci\u00f3n en el sector de la multi-cancha del recinto.<\/figcaption><\/figure>\n<p><strong>LOS ANDES<\/strong>.- Durante los \u00faltimos meses se han desarrollado una serie de actividades que van en beneficio de la poblaci\u00f3n penal. Entregar una variada gama de actividades art\u00edsticas y culturales.<\/p>\n<figure id=\"attachment_49481\" aria-describedby=\"caption-attachment-49481\" style=\"width: 370px\" class=\"wp-caption alignright\"><a href=\"https:\/\/i0.wp.com\/www.eltrabajo.cl\/portal\/wp-content\/uploads\/2014\/07\/TIMOTEO-6.jpg\"><img data-recalc-dims=\"1\" loading=\"lazy\" decoding=\"async\" class=\" wp-image-49481 \" alt=\"NO TODO ES AMARGURA.- En la ocasi\u00f3n la poblaci\u00f3n femenina y masculina pudo disfrutar del espect\u00e1culo que se extendi\u00f3 por cerca de dos horas.\" src=\"https:\/\/i0.wp.com\/www.eltrabajo.cl\/portal\/wp-content\/uploads\/2014\/07\/TIMOTEO-6.jpg?resize=370%2C240\" width=\"370\" height=\"240\" srcset=\"https:\/\/i0.wp.com\/eltrabajo.cl\/portal\/wp-content\/uploads\/2014\/07\/TIMOTEO-6.jpg?w=529&amp;ssl=1 529w, https:\/\/i0.wp.com\/eltrabajo.cl\/portal\/wp-content\/uploads\/2014\/07\/TIMOTEO-6.jpg?resize=200%2C129&amp;ssl=1 200w, https:\/\/i0.wp.com\/eltrabajo.cl\/portal\/wp-content\/uploads\/2014\/07\/TIMOTEO-6.jpg?resize=300%2C194&amp;ssl=1 300w, https:\/\/i0.wp.com\/eltrabajo.cl\/portal\/wp-content\/uploads\/2014\/07\/TIMOTEO-6.jpg?resize=150%2C97&amp;ssl=1 150w, https:\/\/i0.wp.com\/eltrabajo.cl\/portal\/wp-content\/uploads\/2014\/07\/TIMOTEO-6.jpg?resize=400%2C259&amp;ssl=1 400w\" sizes=\"auto, (max-width: 370px) 100vw, 370px\" \/><\/a><figcaption id=\"caption-attachment-49481\" class=\"wp-caption-text\">NO TODO ES AMARGURA.- En la ocasi\u00f3n la poblaci\u00f3n femenina y masculina pudo disfrutar del espect\u00e1culo que se extendi\u00f3 por cerca de dos horas.<\/figcaption><\/figure>\n<p>Este es el objetivo que se lleva adelante en el Centro de Cumplimiento Penitenciario (CCP) de Los Andes y que parti\u00f3 con el concierto realizado en el mes de junio por el m\u00fasico nacional \u00c1lvaro Scaramelli. El Jefe (S) de la unidad andina, Mayor Brallan Silva, destac\u00f3 que iniciativas de este tipo abogan por la mantenci\u00f3n del orden al interior del recinto penal. \u201cDentro de los objetivos que se buscan es mantener a la poblaci\u00f3n ocupada y que reciba actividades que vienen del exterior de la unidad y que sirvan para la distracci\u00f3n y para evitar conflictos\u201d.<\/p>\n<p><strong>CIRCO TIMOTEO<\/strong><\/p>\n<p>Gracias a gestiones efectuadas por el \u00c1rea T\u00e9cnica de la unidad, se logr\u00f3 que el Circo Timoteo realizara una funci\u00f3n en el sector de la multi-cancha del recinto. En la ocasi\u00f3n la poblaci\u00f3n femenina y masculina pudo disfrutar del espect\u00e1culo que se extendi\u00f3 por cerca de dos horas.<\/p>\n<p>\u201cEl comportamiento de los privados de libertad fue ejemplar. Se pudo desarrollar la actividad de buena manera. En un principio se hab\u00eda pactado una presentaci\u00f3n de 40 minutos, pero, a ra\u00edz del buen comportamiento, esta se extendi\u00f3 a casi dos horas\u201d, expres\u00f3 Silva. Fue tan bien recibido este show, que al t\u00e9rmino de la presentaci\u00f3n un interno, en representaci\u00f3n de los dem\u00e1s reclusos, entreg\u00f3 al due\u00f1o del circo un presente como muestra de cari\u00f1o y aprecio.<\/p>\n<p>Se espera que en las pr\u00f3ximas semanas se realice un show a cargo de artistas de la zona, actividad que ya est\u00e1 siendo gestionada por el \u00c1rea T\u00e9cnica. A esto hay que agregar que durante el presente mes comenz\u00f3 a funcionar un taller de teatro a cargo de la Escuela de Teatro y Artes Antupillan.<\/p>\n<p>&nbsp;<\/p>\n","protected":false},"excerpt":{"rendered":"<p>LOS ANDES.- Durante los \u00faltimos meses se han desarrollado una serie de actividades que van en beneficio de la poblaci\u00f3n penal. Entregar una variada gama de actividades art\u00edsticas y culturales. Este es&#8230;<\/p>\n","protected":false},"author":482,"featured_media":49480,"comment_status":"open","ping_status":"closed","sticky":false,"template":"","format":"standard","meta":{"advanced_seo_description":"","jetpack_seo_html_title":"","jetpack_seo_noindex":false,"_jetpack_memberships_contains_paid_content":false,"footnotes":""},"categories":[15],"tags":[],"class_list":["post-49479","post","type-post","status-publish","format-standard","has-post-thumbnail","hentry","category-comunidad"],"jetpack_featured_media_url":"https:\/\/i0.wp.com\/eltrabajo.cl\/portal\/wp-content\/uploads\/2014\/07\/TIMOTEO1.jpg?fit=529%2C350&ssl=1","jetpack_sharing_enabled":true,"jetpack_likes_enabled":true,"jetpack-related-posts":[],"_links":{"self":[{"href":"https:\/\/eltrabajo.cl\/portal\/wp-json\/wp\/v2\/posts\/49479","targetHints":{"allow":["GET"]}}],"collection":[{"href":"https:\/\/eltrabajo.cl\/portal\/wp-json\/wp\/v2\/posts"}],"about":[{"href":"https:\/\/eltrabajo.cl\/portal\/wp-json\/wp\/v2\/types\/post"}],"author":[{"embeddable":true,"href":"https:\/\/eltrabajo.cl\/portal\/wp-json\/wp\/v2\/users\/482"}],"replies":[{"embeddable":true,"href":"https:\/\/eltrabajo.cl\/portal\/wp-json\/wp\/v2\/comments?post=49479"}],"version-history":[{"count":0,"href":"https:\/\/eltrabajo.cl\/portal\/wp-json\/wp\/v2\/posts\/49479\/revisions"}],"wp:featuredmedia":[{"embeddable":true,"href":"https:\/\/eltrabajo.cl\/portal\/wp-json\/wp\/v2\/media\/49480"}],"wp:attachment":[{"href":"https:\/\/eltrabajo.cl\/portal\/wp-json\/wp\/v2\/media?parent=49479"}],"wp:term":[{"taxonomy":"category","embeddable":true,"href":"https:\/\/eltrabajo.cl\/portal\/wp-json\/wp\/v2\/categories?post=49479"},{"taxonomy":"post_tag","embeddable":true,"href":"https:\/\/eltrabajo.cl\/portal\/wp-json\/wp\/v2\/tags?post=49479"}],"curies":[{"name":"wp","href":"https:\/\/api.w.org\/{rel}","templated":true}]}}