{"id":49484,"date":"2014-07-31T09:28:41","date_gmt":"2014-07-31T13:28:41","guid":{"rendered":"http:\/\/www.eltrabajo.cl\/portal\/?p=49484"},"modified":"2014-07-31T09:28:41","modified_gmt":"2014-07-31T13:28:41","slug":"este-domingo-es-la-fiesta-de-la-virgen-de-las-nieves-de-pocuro","status":"publish","type":"post","link":"https:\/\/eltrabajo.cl\/portal\/este-domingo-es-la-fiesta-de-la-virgen-de-las-nieves-de-pocuro\/","title":{"rendered":"Este domingo es la Fiesta de la Virgen de las Nieves de Pocuro"},"content":{"rendered":"<figure id=\"attachment_49485\" aria-describedby=\"caption-attachment-49485\" style=\"width: 259px\" class=\"wp-caption alignleft\"><a href=\"https:\/\/i0.wp.com\/www.eltrabajo.cl\/portal\/wp-content\/uploads\/2014\/07\/Virgen11.jpg\"><img data-recalc-dims=\"1\" loading=\"lazy\" decoding=\"async\" class=\" wp-image-49485  \" alt=\"Este domingo 3 de agosto a partir de las 14:30 horas, se realizar\u00e1 la tradicional Fiesta de la Virgen de las Nieves en dependencias de la Capilla Nuestra Se\u00f1ora de las Nieves de Pocuro.\" src=\"https:\/\/i0.wp.com\/www.eltrabajo.cl\/portal\/wp-content\/uploads\/2014\/07\/Virgen11.jpg?resize=259%2C343\" width=\"259\" height=\"343\" srcset=\"https:\/\/i0.wp.com\/eltrabajo.cl\/portal\/wp-content\/uploads\/2014\/07\/Virgen11.jpg?w=529&amp;ssl=1 529w, https:\/\/i0.wp.com\/eltrabajo.cl\/portal\/wp-content\/uploads\/2014\/07\/Virgen11.jpg?resize=113%2C150&amp;ssl=1 113w, https:\/\/i0.wp.com\/eltrabajo.cl\/portal\/wp-content\/uploads\/2014\/07\/Virgen11.jpg?resize=226%2C300&amp;ssl=1 226w, https:\/\/i0.wp.com\/eltrabajo.cl\/portal\/wp-content\/uploads\/2014\/07\/Virgen11.jpg?resize=400%2C529&amp;ssl=1 400w\" sizes=\"auto, (max-width: 259px) 100vw, 259px\" \/><\/a><figcaption id=\"caption-attachment-49485\" class=\"wp-caption-text\">Este domingo 3 de agosto a partir de las 14:30 horas, se realizar\u00e1 la tradicional Fiesta de la Virgen de las Nieves en dependencias de la Capilla Nuestra Se\u00f1ora de las Nieves de Pocuro.<\/figcaption><\/figure>\n<p><strong>CALLE LARGA<\/strong>.- Este domingo 3 de agosto a partir de las 14:30 horas, se realizar\u00e1 la tradicional Fiesta de la Virgen de las Nieves en dependencias de la Capilla Nuestra Se\u00f1ora de las Nieves de Pocuro, en la comuna de Calle Larga. En esta ocasi\u00f3n la Misa ser\u00e1 presidida por el Obispo Cristi\u00e1n Contreras, quien estar\u00e1 acompa\u00f1ado de los curas Roberto Gilbo, Ferm\u00edn Donoso y Gerardo Papen.<\/p>\n<figure id=\"attachment_49486\" aria-describedby=\"caption-attachment-49486\" style=\"width: 296px\" class=\"wp-caption alignright\"><a href=\"https:\/\/i0.wp.com\/www.eltrabajo.cl\/portal\/wp-content\/uploads\/2014\/07\/Chinos1.jpg\"><img data-recalc-dims=\"1\" loading=\"lazy\" decoding=\"async\" class=\" wp-image-49486  \" alt=\"Tal como se ha realizado en a\u00f1os anteriores, en esta actividad participar\u00e1n diversas agrupaciones de bailes chinos.\" src=\"https:\/\/i0.wp.com\/www.eltrabajo.cl\/portal\/wp-content\/uploads\/2014\/07\/Chinos1.jpg?resize=296%2C440\" width=\"296\" height=\"440\" srcset=\"https:\/\/i0.wp.com\/eltrabajo.cl\/portal\/wp-content\/uploads\/2014\/07\/Chinos1.jpg?w=529&amp;ssl=1 529w, https:\/\/i0.wp.com\/eltrabajo.cl\/portal\/wp-content\/uploads\/2014\/07\/Chinos1.jpg?resize=100%2C150&amp;ssl=1 100w, https:\/\/i0.wp.com\/eltrabajo.cl\/portal\/wp-content\/uploads\/2014\/07\/Chinos1.jpg?resize=201%2C300&amp;ssl=1 201w, https:\/\/i0.wp.com\/eltrabajo.cl\/portal\/wp-content\/uploads\/2014\/07\/Chinos1.jpg?resize=400%2C594&amp;ssl=1 400w\" sizes=\"auto, (max-width: 296px) 100vw, 296px\" \/><\/a><figcaption id=\"caption-attachment-49486\" class=\"wp-caption-text\">Tal como se ha realizado en a\u00f1os anteriores, en esta actividad participar\u00e1n diversas agrupaciones de bailes chinos.<\/figcaption><\/figure>\n<p>Tal como se ha realizado en a\u00f1os anteriores, en esta actividad participar\u00e1n diversas agrupaciones de bailes chinos tales como Ensamble Andino; agrupaci\u00f3n compuesta por Callawallas Andinas; Compa\u00f1\u00eda Art\u00edstica Or\u00edgenes de Aconcagua y Renacer Primavera entre otras agrupaciones de bailes religiosos.<\/p>\n<p>Debido a la sequ\u00eda que afecta a nuestra zona, en esta tradicional actividad se realizar\u00e1 una rogativa a la virgen para que aumente la cantidad de lluvias en el Valle de Aconcagua. Paralelamente a la realizaci\u00f3n de esta actividad, se exhibir\u00e1 en dependencias del Centro Cultural y Museo Presidente Pedro Aguirre Cerda, una muestra de fotograf\u00edas de esta festividad, del fot\u00f3grafo Leonardo Aguirre.<\/p>\n<p>&nbsp;<\/p>\n","protected":false},"excerpt":{"rendered":"<p>CALLE LARGA.- Este domingo 3 de agosto a partir de las 14:30 horas, se realizar\u00e1 la tradicional Fiesta de la Virgen de las Nieves en dependencias de la Capilla Nuestra Se\u00f1ora de&#8230;<\/p>\n","protected":false},"author":482,"featured_media":49485,"comment_status":"open","ping_status":"closed","sticky":false,"template":"","format":"standard","meta":{"advanced_seo_description":"","jetpack_seo_html_title":"","jetpack_seo_noindex":false,"_jetpack_memberships_contains_paid_content":false,"footnotes":""},"categories":[15],"tags":[],"class_list":["post-49484","post","type-post","status-publish","format-standard","has-post-thumbnail","hentry","category-comunidad"],"jetpack_featured_media_url":"https:\/\/i0.wp.com\/eltrabajo.cl\/portal\/wp-content\/uploads\/2014\/07\/Virgen11.jpg?fit=529%2C700&ssl=1","jetpack_sharing_enabled":true,"jetpack_likes_enabled":true,"jetpack-related-posts":[],"_links":{"self":[{"href":"https:\/\/eltrabajo.cl\/portal\/wp-json\/wp\/v2\/posts\/49484","targetHints":{"allow":["GET"]}}],"collection":[{"href":"https:\/\/eltrabajo.cl\/portal\/wp-json\/wp\/v2\/posts"}],"about":[{"href":"https:\/\/eltrabajo.cl\/portal\/wp-json\/wp\/v2\/types\/post"}],"author":[{"embeddable":true,"href":"https:\/\/eltrabajo.cl\/portal\/wp-json\/wp\/v2\/users\/482"}],"replies":[{"embeddable":true,"href":"https:\/\/eltrabajo.cl\/portal\/wp-json\/wp\/v2\/comments?post=49484"}],"version-history":[{"count":0,"href":"https:\/\/eltrabajo.cl\/portal\/wp-json\/wp\/v2\/posts\/49484\/revisions"}],"wp:featuredmedia":[{"embeddable":true,"href":"https:\/\/eltrabajo.cl\/portal\/wp-json\/wp\/v2\/media\/49485"}],"wp:attachment":[{"href":"https:\/\/eltrabajo.cl\/portal\/wp-json\/wp\/v2\/media?parent=49484"}],"wp:term":[{"taxonomy":"category","embeddable":true,"href":"https:\/\/eltrabajo.cl\/portal\/wp-json\/wp\/v2\/categories?post=49484"},{"taxonomy":"post_tag","embeddable":true,"href":"https:\/\/eltrabajo.cl\/portal\/wp-json\/wp\/v2\/tags?post=49484"}],"curies":[{"name":"wp","href":"https:\/\/api.w.org\/{rel}","templated":true}]}}