{"id":49491,"date":"2014-07-31T09:31:59","date_gmt":"2014-07-31T13:31:59","guid":{"rendered":"http:\/\/www.eltrabajo.cl\/portal\/?p=49491"},"modified":"2014-07-31T09:31:59","modified_gmt":"2014-07-31T13:31:59","slug":"mop-entrego-obras-de-restauracion-del-santuario-santa-filomena","status":"publish","type":"post","link":"https:\/\/eltrabajo.cl\/portal\/mop-entrego-obras-de-restauracion-del-santuario-santa-filomena\/","title":{"rendered":"MOP entreg\u00f3 obras de restauraci\u00f3n del Santuario Santa Filomena"},"content":{"rendered":"<figure id=\"attachment_49492\" aria-describedby=\"caption-attachment-49492\" style=\"width: 528px\" class=\"wp-caption alignnone\"><a href=\"https:\/\/i0.wp.com\/www.eltrabajo.cl\/portal\/wp-content\/uploads\/2014\/07\/Iglesia1.jpg\"><img data-recalc-dims=\"1\" loading=\"lazy\" decoding=\"async\" class=\"size-full wp-image-49492\" alt=\"Este a\u00f1o la Fiesta de Santa Filomena se podr\u00e1 realizar en el mejorado templo, trabajo que incluy\u00f3 las obras de restauraci\u00f3n del santuario y todos los elementos relacionados al complejo religioso.\" src=\"https:\/\/i0.wp.com\/www.eltrabajo.cl\/portal\/wp-content\/uploads\/2014\/07\/Iglesia1.jpg?resize=528%2C349\" width=\"528\" height=\"349\" srcset=\"https:\/\/i0.wp.com\/eltrabajo.cl\/portal\/wp-content\/uploads\/2014\/07\/Iglesia1.jpg?w=528&amp;ssl=1 528w, https:\/\/i0.wp.com\/eltrabajo.cl\/portal\/wp-content\/uploads\/2014\/07\/Iglesia1.jpg?resize=200%2C132&amp;ssl=1 200w, https:\/\/i0.wp.com\/eltrabajo.cl\/portal\/wp-content\/uploads\/2014\/07\/Iglesia1.jpg?resize=300%2C198&amp;ssl=1 300w, https:\/\/i0.wp.com\/eltrabajo.cl\/portal\/wp-content\/uploads\/2014\/07\/Iglesia1.jpg?resize=150%2C99&amp;ssl=1 150w, https:\/\/i0.wp.com\/eltrabajo.cl\/portal\/wp-content\/uploads\/2014\/07\/Iglesia1.jpg?resize=400%2C264&amp;ssl=1 400w\" sizes=\"auto, (max-width: 528px) 100vw, 528px\" \/><\/a><figcaption id=\"caption-attachment-49492\" class=\"wp-caption-text\">Este a\u00f1o la Fiesta de Santa Filomena se podr\u00e1 realizar en el mejorado templo, trabajo que incluy\u00f3 las obras de restauraci\u00f3n del santuario y todos los elementos relacionados al complejo religioso.<\/figcaption><\/figure>\n<p><strong>SANTA MAR\u00cdA<\/strong>.- Con la presencia del Gobernador Provincial Eduardo Le\u00f3n; el Seremi de Obras Publicas Miguel Saavedra; el Director de la Direcci\u00f3n de Arquitectura Regional Rodrigo Pereira y del alcalde de Santa Mar\u00eda, Claudio Zurita, se hizo entrega de las obras de restauraci\u00f3n del templo de Santa Filomena.<\/p>\n<p>Esta obra de m\u00e1s de $1.200 millones y con una duraci\u00f3n de 560 d\u00edas, marca un hito en el modelo de gesti\u00f3n donde la participaci\u00f3n de la ciudadan\u00eda es un ejemplo para la provincia y la regi\u00f3n.<\/p>\n<p>El Seremi de Obras P\u00fablicas, Miguel Saavedra, destac\u00f3 que \u00abesto es parte de un programa que inici\u00f3 la Presidenta Michelle Bachelet en su primer mandato, en un convenio que se hizo con el BIDy financiado por el Gobierno Regional de Valpara\u00edso, adem\u00e1s quiero destacar la impecable ejecuci\u00f3n de las obras que permitieron recuperar un templo muy deteriorado que cobija una importante fiesta religiosa del sector, como lo es la Fiesta de Santa Filomena\u00bb.<\/p>\n<p>En tanto, el Alcalde Claudio Zurita destaco que \u00abuna vez m\u00e1s se est\u00e1 respondiendo a la gente, est\u00e1 todo bien hecho, bien pensado, esto nos llena de alegr\u00eda y estamos todos muy felices\u00bb.<\/p>\n<p>En su calidad de consejero regional, el actual Gobernador Eduardo Le\u00f3n, gestion\u00f3 este proyecto demandado por la comunidad de Jahuel y la Municipalidad de Santa Mar\u00eda, quien subrayo en forma especial que \u00abfelicito a la comuna de Santa Mar\u00eda, tienen una excelente gesti\u00f3n y hay que decirlo, este proyecto se logr\u00f3 gracias a la comunidad, fue uno de los proyectos m\u00e1s participativos. El patrimonio es un tema complejo, siempre tiene que haber modificaciones, adecuaciones, adaptaciones el sistema p\u00fablico no est\u00e1 hecho para esto, entonces se requiere de mucha voluntad de las personas que lo ejecutan, por eso tambi\u00e9n felicito a la Direcci\u00f3n de Arquitectura, porque tuvo que luchar mucho por sacarlo adelante\u00bb.<\/p>\n<p>El proyecto incluy\u00f3 las obras de restauraci\u00f3n del santuario conformado por el templo; la sacrist\u00eda y bodega; dependencias anexas de talleres; pavimentos exteriores y perimetrales del templo con cer\u00e1mico y restauraci\u00f3n de sala de usos m\u00faltiples.<\/p>\n<p>Adem\u00e1s, se ejecutaron obras en el entorno como paso cubierto y explanada de acceso al santuario, zona de estacionamientos cubiertos, senderos confeccionados con piedras de la zona, que dan forma y comunicaci\u00f3n al V\u00eda Crucis por el parque de olivos existente, entre otras obras.<\/p>\n<div class=\"tiled-gallery type-rectangular tiled-gallery-unresized\" data-original-width=\"640\" data-carousel-extra='null' itemscope itemtype=\"http:\/\/schema.org\/ImageGallery\" > <div class=\"gallery-row\" style=\"width: 640px; height: 218px;\" data-original-width=\"640\" data-original-height=\"218\" > <div class=\"gallery-group images-1\" style=\"width: 320px; height: 218px;\" data-original-width=\"320\" data-original-height=\"218\" > <div class=\"tiled-gallery-item tiled-gallery-item-large\" itemprop=\"associatedMedia\" itemscope itemtype=\"http:\/\/schema.org\/ImageObject\"> <a href=\"https:\/\/eltrabajo.cl\/portal\/mop-entrego-obras-de-restauracion-del-santuario-santa-filomena\/iglesia2\/\" border=\"0\" itemprop=\"url\"> <meta itemprop=\"width\" content=\"316\"> <meta itemprop=\"height\" content=\"214\"> <img decoding=\"async\" class=\"\" data-attachment-id=\"49493\" data-orig-file=\"https:\/\/eltrabajo.cl\/portal\/wp-content\/uploads\/2014\/07\/Iglesia2.jpg\" data-orig-size=\"529,358\" data-comments-opened=\"1\" data-image-meta=\"{&quot;aperture&quot;:&quot;5.6&quot;,&quot;credit&quot;:&quot;Gobernacion San Felipe&quot;,&quot;camera&quot;:&quot;Canon EOS REBEL T3i&quot;,&quot;caption&quot;:&quot;&quot;,&quot;created_timestamp&quot;:&quot;1406634042&quot;,&quot;copyright&quot;:&quot;&quot;,&quot;focal_length&quot;:&quot;18&quot;,&quot;iso&quot;:&quot;3200&quot;,&quot;shutter_speed&quot;:&quot;0.0125&quot;,&quot;title&quot;:&quot;&quot;}\" data-image-title=\"Iglesia2\" data-image-description=\"&lt;p&gt;UN NUEVO CICLO.- Esta obra de m\u00e1s de $1.200 millones y con una duraci\u00f3n de 560 d\u00edas, marca un hito en el modelo de gesti\u00f3n donde la participaci\u00f3n de la ciudadan\u00eda es un ejemplo para la provincia y la regi\u00f3n.&lt;\/p&gt; \" data-medium-file=\"https:\/\/i0.wp.com\/eltrabajo.cl\/portal\/wp-content\/uploads\/2014\/07\/Iglesia2.jpg?fit=300%2C203&#038;ssl=1\" data-large-file=\"https:\/\/i0.wp.com\/eltrabajo.cl\/portal\/wp-content\/uploads\/2014\/07\/Iglesia2.jpg?fit=529%2C358&#038;ssl=1\" src=\"https:\/\/i0.wp.com\/eltrabajo.cl\/portal\/wp-content\/uploads\/2014\/07\/Iglesia2.jpg?w=316&#038;h=214&#038;ssl=1\" srcset=\"https:\/\/i0.wp.com\/eltrabajo.cl\/portal\/wp-content\/uploads\/2014\/07\/Iglesia2.jpg?w=529&amp;ssl=1 529w, https:\/\/i0.wp.com\/eltrabajo.cl\/portal\/wp-content\/uploads\/2014\/07\/Iglesia2.jpg?resize=200%2C135&amp;ssl=1 200w, https:\/\/i0.wp.com\/eltrabajo.cl\/portal\/wp-content\/uploads\/2014\/07\/Iglesia2.jpg?resize=300%2C203&amp;ssl=1 300w, https:\/\/i0.wp.com\/eltrabajo.cl\/portal\/wp-content\/uploads\/2014\/07\/Iglesia2.jpg?resize=150%2C101&amp;ssl=1 150w, https:\/\/i0.wp.com\/eltrabajo.cl\/portal\/wp-content\/uploads\/2014\/07\/Iglesia2.jpg?resize=400%2C270&amp;ssl=1 400w\" width=\"316\" height=\"214\" loading=\"lazy\" data-original-width=\"316\" data-original-height=\"214\" itemprop=\"http:\/\/schema.org\/image\" title=\"Iglesia2\" alt=\"UN NUEVO CICLO.- Esta obra de m\u00e1s de $1.200 millones y con una duraci\u00f3n de 560 d\u00edas, marca un hito en el modelo de gesti\u00f3n donde la participaci\u00f3n de la ciudadan\u00eda es un ejemplo para la provincia y la regi\u00f3n.\" style=\"width: 316px; height: 214px;\" \/> <\/a> <div class=\"tiled-gallery-caption\" itemprop=\"caption description\"> UN NUEVO CICLO.- Esta obra de m\u00e1s de $1.200 millones y con una duraci\u00f3n de 560 d\u00edas, marca un hito en el modelo de gesti\u00f3n donde la participaci\u00f3n de la ciudadan\u00eda es un ejemplo para la provincia y la regi\u00f3n. <\/div> <\/div> <\/div> <!-- close group --> <div class=\"gallery-group images-1\" style=\"width: 320px; height: 218px;\" data-original-width=\"320\" data-original-height=\"218\" > <div class=\"tiled-gallery-item tiled-gallery-item-large\" itemprop=\"associatedMedia\" itemscope itemtype=\"http:\/\/schema.org\/ImageObject\"> <a href=\"https:\/\/eltrabajo.cl\/portal\/mop-entrego-obras-de-restauracion-del-santuario-santa-filomena\/iglesia3\/\" border=\"0\" itemprop=\"url\"> <meta itemprop=\"width\" content=\"316\"> <meta itemprop=\"height\" content=\"214\"> <img decoding=\"async\" class=\"\" data-attachment-id=\"49494\" data-orig-file=\"https:\/\/eltrabajo.cl\/portal\/wp-content\/uploads\/2014\/07\/Iglesia3.jpg\" data-orig-size=\"529,358\" data-comments-opened=\"1\" data-image-meta=\"{&quot;aperture&quot;:&quot;8&quot;,&quot;credit&quot;:&quot;Gobernacion San Felipe&quot;,&quot;camera&quot;:&quot;Canon EOS REBEL T3i&quot;,&quot;caption&quot;:&quot;&quot;,&quot;created_timestamp&quot;:&quot;1406631769&quot;,&quot;copyright&quot;:&quot;&quot;,&quot;focal_length&quot;:&quot;18&quot;,&quot;iso&quot;:&quot;3200&quot;,&quot;shutter_speed&quot;:&quot;0.00625&quot;,&quot;title&quot;:&quot;&quot;}\" data-image-title=\"Iglesia3\" data-image-description=\"&lt;p&gt;TODO NUEVO.- Tambi\u00e9n se ejecutaron obras en el entorno como paso cubierto y explanada de acceso al santuario, zona de estacionamientos cubiertos, senderos confeccionados con piedras de la zona.&lt;\/p&gt; \" data-medium-file=\"https:\/\/i0.wp.com\/eltrabajo.cl\/portal\/wp-content\/uploads\/2014\/07\/Iglesia3.jpg?fit=300%2C203&#038;ssl=1\" data-large-file=\"https:\/\/i0.wp.com\/eltrabajo.cl\/portal\/wp-content\/uploads\/2014\/07\/Iglesia3.jpg?fit=529%2C358&#038;ssl=1\" src=\"https:\/\/i0.wp.com\/eltrabajo.cl\/portal\/wp-content\/uploads\/2014\/07\/Iglesia3.jpg?w=316&#038;h=214&#038;ssl=1\" srcset=\"https:\/\/i0.wp.com\/eltrabajo.cl\/portal\/wp-content\/uploads\/2014\/07\/Iglesia3.jpg?w=529&amp;ssl=1 529w, https:\/\/i0.wp.com\/eltrabajo.cl\/portal\/wp-content\/uploads\/2014\/07\/Iglesia3.jpg?resize=200%2C135&amp;ssl=1 200w, https:\/\/i0.wp.com\/eltrabajo.cl\/portal\/wp-content\/uploads\/2014\/07\/Iglesia3.jpg?resize=300%2C203&amp;ssl=1 300w, https:\/\/i0.wp.com\/eltrabajo.cl\/portal\/wp-content\/uploads\/2014\/07\/Iglesia3.jpg?resize=150%2C101&amp;ssl=1 150w, https:\/\/i0.wp.com\/eltrabajo.cl\/portal\/wp-content\/uploads\/2014\/07\/Iglesia3.jpg?resize=400%2C270&amp;ssl=1 400w\" width=\"316\" height=\"214\" loading=\"lazy\" data-original-width=\"316\" data-original-height=\"214\" itemprop=\"http:\/\/schema.org\/image\" title=\"Iglesia3\" alt=\"TODO NUEVO.- Tambi\u00e9n se ejecutaron obras en el entorno como paso cubierto y explanada de acceso al santuario, zona de estacionamientos cubiertos, senderos confeccionados con piedras de la zona.\" style=\"width: 316px; height: 214px;\" \/> <\/a> <div class=\"tiled-gallery-caption\" itemprop=\"caption description\"> TODO NUEVO.- Tambi\u00e9n se ejecutaron obras en el entorno como paso cubierto y explanada de acceso al santuario, zona de estacionamientos cubiertos, senderos confeccionados con piedras de la zona. <\/div> <\/div> <\/div> <!-- close group --> <\/div> <!-- close row --> <\/div>\n","protected":false},"excerpt":{"rendered":"<p>SANTA MAR\u00cdA.- Con la presencia del Gobernador Provincial Eduardo Le\u00f3n; el Seremi de Obras Publicas Miguel Saavedra; el Director de la Direcci\u00f3n de Arquitectura Regional Rodrigo Pereira y del alcalde de Santa&#8230;<\/p>\n","protected":false},"author":482,"featured_media":49492,"comment_status":"open","ping_status":"closed","sticky":false,"template":"","format":"standard","meta":{"advanced_seo_description":"","jetpack_seo_html_title":"","jetpack_seo_noindex":false,"_jetpack_memberships_contains_paid_content":false,"footnotes":""},"categories":[15],"tags":[],"class_list":["post-49491","post","type-post","status-publish","format-standard","has-post-thumbnail","hentry","category-comunidad"],"jetpack_featured_media_url":"https:\/\/i0.wp.com\/eltrabajo.cl\/portal\/wp-content\/uploads\/2014\/07\/Iglesia1.jpg?fit=528%2C349&ssl=1","jetpack_sharing_enabled":true,"jetpack_likes_enabled":true,"jetpack-related-posts":[],"_links":{"self":[{"href":"https:\/\/eltrabajo.cl\/portal\/wp-json\/wp\/v2\/posts\/49491","targetHints":{"allow":["GET"]}}],"collection":[{"href":"https:\/\/eltrabajo.cl\/portal\/wp-json\/wp\/v2\/posts"}],"about":[{"href":"https:\/\/eltrabajo.cl\/portal\/wp-json\/wp\/v2\/types\/post"}],"author":[{"embeddable":true,"href":"https:\/\/eltrabajo.cl\/portal\/wp-json\/wp\/v2\/users\/482"}],"replies":[{"embeddable":true,"href":"https:\/\/eltrabajo.cl\/portal\/wp-json\/wp\/v2\/comments?post=49491"}],"version-history":[{"count":0,"href":"https:\/\/eltrabajo.cl\/portal\/wp-json\/wp\/v2\/posts\/49491\/revisions"}],"wp:featuredmedia":[{"embeddable":true,"href":"https:\/\/eltrabajo.cl\/portal\/wp-json\/wp\/v2\/media\/49492"}],"wp:attachment":[{"href":"https:\/\/eltrabajo.cl\/portal\/wp-json\/wp\/v2\/media?parent=49491"}],"wp:term":[{"taxonomy":"category","embeddable":true,"href":"https:\/\/eltrabajo.cl\/portal\/wp-json\/wp\/v2\/categories?post=49491"},{"taxonomy":"post_tag","embeddable":true,"href":"https:\/\/eltrabajo.cl\/portal\/wp-json\/wp\/v2\/tags?post=49491"}],"curies":[{"name":"wp","href":"https:\/\/api.w.org\/{rel}","templated":true}]}}