{"id":49497,"date":"2014-07-31T09:36:22","date_gmt":"2014-07-31T13:36:22","guid":{"rendered":"http:\/\/www.eltrabajo.cl\/portal\/?p=49497"},"modified":"2014-07-31T09:36:22","modified_gmt":"2014-07-31T13:36:22","slug":"liceo-dario-salas-organizo-importante-feria-universitaria","status":"publish","type":"post","link":"https:\/\/eltrabajo.cl\/portal\/liceo-dario-salas-organizo-importante-feria-universitaria\/","title":{"rendered":"Liceo Dar\u00edo Salas organiz\u00f3 importante feria universitaria"},"content":{"rendered":"<figure id=\"attachment_49498\" aria-describedby=\"caption-attachment-49498\" style=\"width: 529px\" class=\"wp-caption alignnone\"><a href=\"https:\/\/i0.wp.com\/www.eltrabajo.cl\/portal\/wp-content\/uploads\/2014\/07\/Feria11.jpg\"><img data-recalc-dims=\"1\" loading=\"lazy\" decoding=\"async\" class=\"size-full wp-image-49498\" alt=\"Con bastante \u00e9xito se realiz\u00f3 este martes 29 de julio la Primera Feria Universitaria en la comuna de Santa Mar\u00eda.\" src=\"https:\/\/i0.wp.com\/www.eltrabajo.cl\/portal\/wp-content\/uploads\/2014\/07\/Feria11.jpg?resize=529%2C467\" width=\"529\" height=\"467\" srcset=\"https:\/\/i0.wp.com\/eltrabajo.cl\/portal\/wp-content\/uploads\/2014\/07\/Feria11.jpg?w=529&amp;ssl=1 529w, https:\/\/i0.wp.com\/eltrabajo.cl\/portal\/wp-content\/uploads\/2014\/07\/Feria11.jpg?resize=169%2C150&amp;ssl=1 169w, https:\/\/i0.wp.com\/eltrabajo.cl\/portal\/wp-content\/uploads\/2014\/07\/Feria11.jpg?resize=300%2C264&amp;ssl=1 300w, https:\/\/i0.wp.com\/eltrabajo.cl\/portal\/wp-content\/uploads\/2014\/07\/Feria11.jpg?resize=150%2C132&amp;ssl=1 150w, https:\/\/i0.wp.com\/eltrabajo.cl\/portal\/wp-content\/uploads\/2014\/07\/Feria11.jpg?resize=400%2C353&amp;ssl=1 400w\" sizes=\"auto, (max-width: 529px) 100vw, 529px\" \/><\/a><figcaption id=\"caption-attachment-49498\" class=\"wp-caption-text\">Con bastante \u00e9xito se realiz\u00f3 este martes 29 de julio la Primera Feria Universitaria en la comuna de Santa Mar\u00eda.<\/figcaption><\/figure>\n<p><strong>SANTA MAR\u00cdA.<\/strong>&#8211; Con bastante \u00e9xito se realiz\u00f3 este martes 29 de julio la Primera Feria Universitaria en la comuna de Santa Mar\u00eda. Evento organizado por el Liceo Dar\u00edo Salas. En la oportunidad se presentaron diferentes entidades universitarias; centros de formaci\u00f3n t\u00e9cnica; institutos profesionales, preuniversitarios de la provincia y Regi\u00f3n de Valpara\u00edso, que desplegaron toda su oferta educativa, adem\u00e1s algunas instituciones de las Fuerzas Armadas, (el Ej\u00e9rcito de Chile representado por miembros del Regimiento Yungay de la ciudad de Los Andes y la rama de orden y seguridad, representado por la instituci\u00f3n de Carabineros de Chile.<\/p>\n<p>Los organizadores del evento, en voz de la Orientadora del liceo, Margarita Vald\u00e9s Pasten, se\u00f1al\u00f3 que se cumpli\u00f3 el objetivo de la muestra, el cual era que los diferentes alumnos, tanto del Liceo Dar\u00edo Salas, como de los otros colegios de la comuna, invitados todos a la feria universitaria pudiesen recibir informaci\u00f3n de las diferentes ofertas acad\u00e9micas de la provincia y de la regi\u00f3n, con el prop\u00f3sito \u00faltimo de que al momento de decidir su futuro universitario y\/o continuaci\u00f3n de estudios, esta decisi\u00f3n la hagan con conocimientos acabados de lo que ofrece este mercado y las posibilidades econ\u00f3micas claras.<\/p>\n<p><strong>OTRAS OPCIONES<\/strong><\/p>\n<p>Vald\u00e9s indic\u00f3 que no s\u00f3lo hay posibilidades de insertase en universidades para continuar estudios superiores, sino que tambi\u00e9n hay otras posibilidades como son los institutos profesionales y centros de formaci\u00f3n t\u00e9cnica, mismos que ofrecen carreras m\u00e1s cortas y muchas de ellas acordes a las necesidades del mercado. Indic\u00f3 adem\u00e1s que no s\u00f3lo es exitoso aquel alumno que llega a la universidad, tambi\u00e9n est\u00e1n estas otras posibilidades, \u00bfy por qu\u00e9 no poder seguir alguna de las carreras que ofrecen las Fuerzas Armadas y de orden presentes en esta feria?<\/p>\n<p>Por su parte el director del establecimiento Walter Arancibia, indic\u00f3 sentirse muy orgulloso de los logros del liceo, ya que organizar un evento de esta magnitud requiere de una log\u00edstica y operaci\u00f3n de varios meses de antelaci\u00f3n. Adem\u00e1s mencion\u00f3 que esta es otra de las estrategias implementadas para motivar a los alumnos del liceo y de la comuna, para que no lleguen s\u00f3lo a cuarto medio y se queden con un t\u00edtulo t\u00e9cnico de mando medio. Hoy existen muchas posibilidades de estudiar, s\u00f3lo depende de la responsabilidad e inter\u00e9s de cada alumno y del apoyo de entreguen las propias familias.<\/p>\n<p>Indic\u00f3 que la muestra organizada tiene ese fin, acercar las alternativas acad\u00e9micas a los alumnos, considerando que actualmente muchos ex-alumnos del liceo han decidido continuar estudios superiores para salir del c\u00edrculo de la pobreza y tener nuevas y mejores herramientas para enfrentar el mundo laboral, logrando un c\u00edrculo virtuoso. Puntualiz\u00f3 que \u201cesta es otra oportunidad que entrega el Liceo Dar\u00edo Salas a nuestros alumnos\u201d.<\/p>\n<p>Adem\u00e1s en la oportunidad el liceo present\u00f3 una muestra de sus tres especialidades t\u00e9cnico profesional que imparte en el presente a\u00f1o, como son Especialidad de Administraci\u00f3n, que para el a\u00f1o 2015 entregar\u00e1 la menci\u00f3n en Log\u00edstica, Especialidad de Contabilidad, y la especialidad de Explotaci\u00f3n Minera, recientemente inaugurada. Las tres especialidades con las posibilidad de sacar adem\u00e1s un licenciamiento internacional de Microsoft, \u00fanico establecimiento de la provincia certificado por Microsoft para entregar este licenciamiento.<\/p>\n<div class=\"tiled-gallery type-rectangular tiled-gallery-unresized\" data-original-width=\"640\" data-carousel-extra='null' itemscope itemtype=\"http:\/\/schema.org\/ImageGallery\" > <div class=\"gallery-row\" style=\"width: 640px; height: 241px;\" data-original-width=\"640\" data-original-height=\"241\" > <div class=\"gallery-group images-1\" style=\"width: 324px; height: 241px;\" data-original-width=\"324\" data-original-height=\"241\" > <div class=\"tiled-gallery-item tiled-gallery-item-large\" itemprop=\"associatedMedia\" itemscope itemtype=\"http:\/\/schema.org\/ImageObject\"> <a href=\"https:\/\/eltrabajo.cl\/portal\/liceo-dario-salas-organizo-importante-feria-universitaria\/feria2-5\/\" border=\"0\" itemprop=\"url\"> <meta itemprop=\"width\" content=\"320\"> <meta itemprop=\"height\" content=\"237\"> <img decoding=\"async\" class=\"\" data-attachment-id=\"49499\" data-orig-file=\"https:\/\/eltrabajo.cl\/portal\/wp-content\/uploads\/2014\/07\/Feria2.jpg\" data-orig-size=\"529,392\" data-comments-opened=\"1\" data-image-meta=\"{&quot;aperture&quot;:&quot;3.1&quot;,&quot;credit&quot;:&quot;&quot;,&quot;camera&quot;:&quot;COOLPIX L120&quot;,&quot;caption&quot;:&quot;&quot;,&quot;created_timestamp&quot;:&quot;1406556249&quot;,&quot;copyright&quot;:&quot;&quot;,&quot;focal_length&quot;:&quot;4.5&quot;,&quot;iso&quot;:&quot;200&quot;,&quot;shutter_speed&quot;:&quot;0.033333333333333&quot;,&quot;title&quot;:&quot;&quot;}\" data-image-title=\"Feria2\" data-image-description=\"&lt;p&gt;Los organizadores del evento se cumplieron el objetivo de la muestra, el cual era que los diferentes alumnos pudiesen recibir informaci\u00f3n de las diferentes ofertas acad\u00e9micas de la provincia.&lt;\/p&gt; \" data-medium-file=\"https:\/\/i0.wp.com\/eltrabajo.cl\/portal\/wp-content\/uploads\/2014\/07\/Feria2.jpg?fit=300%2C222&#038;ssl=1\" data-large-file=\"https:\/\/i0.wp.com\/eltrabajo.cl\/portal\/wp-content\/uploads\/2014\/07\/Feria2.jpg?fit=529%2C392&#038;ssl=1\" src=\"https:\/\/i0.wp.com\/eltrabajo.cl\/portal\/wp-content\/uploads\/2014\/07\/Feria2.jpg?w=320&#038;h=237&#038;ssl=1\" srcset=\"https:\/\/i0.wp.com\/eltrabajo.cl\/portal\/wp-content\/uploads\/2014\/07\/Feria2.jpg?w=529&amp;ssl=1 529w, https:\/\/i0.wp.com\/eltrabajo.cl\/portal\/wp-content\/uploads\/2014\/07\/Feria2.jpg?resize=200%2C148&amp;ssl=1 200w, https:\/\/i0.wp.com\/eltrabajo.cl\/portal\/wp-content\/uploads\/2014\/07\/Feria2.jpg?resize=300%2C222&amp;ssl=1 300w, https:\/\/i0.wp.com\/eltrabajo.cl\/portal\/wp-content\/uploads\/2014\/07\/Feria2.jpg?resize=150%2C111&amp;ssl=1 150w, https:\/\/i0.wp.com\/eltrabajo.cl\/portal\/wp-content\/uploads\/2014\/07\/Feria2.jpg?resize=400%2C296&amp;ssl=1 400w\" width=\"320\" height=\"237\" loading=\"lazy\" data-original-width=\"320\" data-original-height=\"237\" itemprop=\"http:\/\/schema.org\/image\" title=\"Feria2\" alt=\"Los organizadores del evento se cumplieron el objetivo de la muestra, el cual era que los diferentes alumnos pudiesen recibir informaci\u00f3n de las diferentes ofertas acad\u00e9micas de la provincia.\" style=\"width: 320px; height: 237px;\" \/> <\/a> <div class=\"tiled-gallery-caption\" itemprop=\"caption description\"> Los organizadores del evento se cumplieron el objetivo de la muestra, el cual era que los diferentes alumnos pudiesen recibir informaci\u00f3n de las diferentes ofertas acad\u00e9micas de la provincia. <\/div> <\/div> <\/div> <!-- close group --> <div class=\"gallery-group images-1\" style=\"width: 316px; height: 241px;\" data-original-width=\"316\" data-original-height=\"241\" > <div class=\"tiled-gallery-item tiled-gallery-item-large\" itemprop=\"associatedMedia\" itemscope itemtype=\"http:\/\/schema.org\/ImageObject\"> <a href=\"https:\/\/eltrabajo.cl\/portal\/liceo-dario-salas-organizo-importante-feria-universitaria\/feria3-2\/\" border=\"0\" itemprop=\"url\"> <meta itemprop=\"width\" content=\"312\"> <meta itemprop=\"height\" content=\"237\"> <img decoding=\"async\" class=\"\" data-attachment-id=\"49500\" data-orig-file=\"https:\/\/eltrabajo.cl\/portal\/wp-content\/uploads\/2014\/07\/Feria3.jpg\" data-orig-size=\"529,401\" data-comments-opened=\"1\" data-image-meta=\"{&quot;aperture&quot;:&quot;3.1&quot;,&quot;credit&quot;:&quot;&quot;,&quot;camera&quot;:&quot;COOLPIX L120&quot;,&quot;caption&quot;:&quot;&quot;,&quot;created_timestamp&quot;:&quot;1406548221&quot;,&quot;copyright&quot;:&quot;&quot;,&quot;focal_length&quot;:&quot;4.5&quot;,&quot;iso&quot;:&quot;400&quot;,&quot;shutter_speed&quot;:&quot;0.1&quot;,&quot;title&quot;:&quot;&quot;}\" data-image-title=\"Feria3\" data-image-description=\"&lt;p&gt;Este a\u00f1o se entregar\u00e1 la menci\u00f3n en Log\u00edstica, Especialidad de Contabilidad, y la especialidad de Explotaci\u00f3n Minera.&lt;\/p&gt; \" data-medium-file=\"https:\/\/i0.wp.com\/eltrabajo.cl\/portal\/wp-content\/uploads\/2014\/07\/Feria3.jpg?fit=300%2C227&#038;ssl=1\" data-large-file=\"https:\/\/i0.wp.com\/eltrabajo.cl\/portal\/wp-content\/uploads\/2014\/07\/Feria3.jpg?fit=529%2C401&#038;ssl=1\" src=\"https:\/\/i0.wp.com\/eltrabajo.cl\/portal\/wp-content\/uploads\/2014\/07\/Feria3.jpg?w=312&#038;h=237&#038;ssl=1\" srcset=\"https:\/\/i0.wp.com\/eltrabajo.cl\/portal\/wp-content\/uploads\/2014\/07\/Feria3.jpg?w=529&amp;ssl=1 529w, https:\/\/i0.wp.com\/eltrabajo.cl\/portal\/wp-content\/uploads\/2014\/07\/Feria3.jpg?resize=197%2C150&amp;ssl=1 197w, https:\/\/i0.wp.com\/eltrabajo.cl\/portal\/wp-content\/uploads\/2014\/07\/Feria3.jpg?resize=300%2C227&amp;ssl=1 300w, https:\/\/i0.wp.com\/eltrabajo.cl\/portal\/wp-content\/uploads\/2014\/07\/Feria3.jpg?resize=150%2C113&amp;ssl=1 150w, https:\/\/i0.wp.com\/eltrabajo.cl\/portal\/wp-content\/uploads\/2014\/07\/Feria3.jpg?resize=400%2C303&amp;ssl=1 400w\" width=\"312\" height=\"237\" loading=\"lazy\" data-original-width=\"312\" data-original-height=\"237\" itemprop=\"http:\/\/schema.org\/image\" title=\"Feria3\" alt=\"Este a\u00f1o se entregar\u00e1 la menci\u00f3n en Log\u00edstica, Especialidad de Contabilidad, y la especialidad de Explotaci\u00f3n Minera.\" style=\"width: 312px; height: 237px;\" \/> <\/a> <div class=\"tiled-gallery-caption\" itemprop=\"caption description\"> Este a\u00f1o se entregar\u00e1 la menci\u00f3n en Log\u00edstica, Especialidad de Contabilidad, y la especialidad de Explotaci\u00f3n Minera. <\/div> <\/div> <\/div> <!-- close group --> <\/div> <!-- close row --> <\/div>\n","protected":false},"excerpt":{"rendered":"<p>SANTA MAR\u00cdA.&#8211; Con bastante \u00e9xito se realiz\u00f3 este martes 29 de julio la Primera Feria Universitaria en la comuna de Santa Mar\u00eda. Evento organizado por el Liceo Dar\u00edo Salas. En la oportunidad&#8230;<\/p>\n","protected":false},"author":482,"featured_media":49498,"comment_status":"open","ping_status":"closed","sticky":false,"template":"","format":"standard","meta":{"advanced_seo_description":"","jetpack_seo_html_title":"","jetpack_seo_noindex":false,"_jetpack_memberships_contains_paid_content":false,"footnotes":""},"categories":[15],"tags":[],"class_list":["post-49497","post","type-post","status-publish","format-standard","has-post-thumbnail","hentry","category-comunidad"],"jetpack_featured_media_url":"https:\/\/i0.wp.com\/eltrabajo.cl\/portal\/wp-content\/uploads\/2014\/07\/Feria11.jpg?fit=529%2C467&ssl=1","jetpack_sharing_enabled":true,"jetpack_likes_enabled":true,"jetpack-related-posts":[],"_links":{"self":[{"href":"https:\/\/eltrabajo.cl\/portal\/wp-json\/wp\/v2\/posts\/49497","targetHints":{"allow":["GET"]}}],"collection":[{"href":"https:\/\/eltrabajo.cl\/portal\/wp-json\/wp\/v2\/posts"}],"about":[{"href":"https:\/\/eltrabajo.cl\/portal\/wp-json\/wp\/v2\/types\/post"}],"author":[{"embeddable":true,"href":"https:\/\/eltrabajo.cl\/portal\/wp-json\/wp\/v2\/users\/482"}],"replies":[{"embeddable":true,"href":"https:\/\/eltrabajo.cl\/portal\/wp-json\/wp\/v2\/comments?post=49497"}],"version-history":[{"count":0,"href":"https:\/\/eltrabajo.cl\/portal\/wp-json\/wp\/v2\/posts\/49497\/revisions"}],"wp:featuredmedia":[{"embeddable":true,"href":"https:\/\/eltrabajo.cl\/portal\/wp-json\/wp\/v2\/media\/49498"}],"wp:attachment":[{"href":"https:\/\/eltrabajo.cl\/portal\/wp-json\/wp\/v2\/media?parent=49497"}],"wp:term":[{"taxonomy":"category","embeddable":true,"href":"https:\/\/eltrabajo.cl\/portal\/wp-json\/wp\/v2\/categories?post=49497"},{"taxonomy":"post_tag","embeddable":true,"href":"https:\/\/eltrabajo.cl\/portal\/wp-json\/wp\/v2\/tags?post=49497"}],"curies":[{"name":"wp","href":"https:\/\/api.w.org\/{rel}","templated":true}]}}