{"id":49504,"date":"2014-07-31T09:37:15","date_gmt":"2014-07-31T13:37:15","guid":{"rendered":"http:\/\/www.eltrabajo.cl\/portal\/?p=49504"},"modified":"2014-07-31T09:37:15","modified_gmt":"2014-07-31T13:37:15","slug":"industrialinos-ganan-inter-escolar-de-robotica-educativa","status":"publish","type":"post","link":"https:\/\/eltrabajo.cl\/portal\/industrialinos-ganan-inter-escolar-de-robotica-educativa\/","title":{"rendered":"Industrialinos ganan Inter-escolar de Rob\u00f3tica Educativa"},"content":{"rendered":"<figure id=\"attachment_49505\" aria-describedby=\"caption-attachment-49505\" style=\"width: 529px\" class=\"wp-caption alignnone\"><a href=\"https:\/\/i0.wp.com\/www.eltrabajo.cl\/portal\/wp-content\/uploads\/2014\/07\/Industrial1.jpg\"><img data-recalc-dims=\"1\" loading=\"lazy\" decoding=\"async\" class=\"size-full wp-image-49505\" alt=\"INDUSTRIALINOS DE PRIMERA.- Vicente Chaparro, Sergio Meza y Bryan Santander de La Escuela Industrial, realizaron una destacada participaci\u00f3n en el evento.\" src=\"https:\/\/i0.wp.com\/www.eltrabajo.cl\/portal\/wp-content\/uploads\/2014\/07\/Industrial1.jpg?resize=529%2C358\" width=\"529\" height=\"358\" srcset=\"https:\/\/i0.wp.com\/eltrabajo.cl\/portal\/wp-content\/uploads\/2014\/07\/Industrial1.jpg?w=529&amp;ssl=1 529w, https:\/\/i0.wp.com\/eltrabajo.cl\/portal\/wp-content\/uploads\/2014\/07\/Industrial1.jpg?resize=200%2C135&amp;ssl=1 200w, https:\/\/i0.wp.com\/eltrabajo.cl\/portal\/wp-content\/uploads\/2014\/07\/Industrial1.jpg?resize=300%2C203&amp;ssl=1 300w, https:\/\/i0.wp.com\/eltrabajo.cl\/portal\/wp-content\/uploads\/2014\/07\/Industrial1.jpg?resize=150%2C101&amp;ssl=1 150w, https:\/\/i0.wp.com\/eltrabajo.cl\/portal\/wp-content\/uploads\/2014\/07\/Industrial1.jpg?resize=400%2C270&amp;ssl=1 400w\" sizes=\"auto, (max-width: 529px) 100vw, 529px\" \/><\/a><figcaption id=\"caption-attachment-49505\" class=\"wp-caption-text\">INDUSTRIALINOS DE PRIMERA.- Vicente Chaparro, Sergio Meza y Bryan Santander de La Escuela Industrial, realizaron una destacada participaci\u00f3n en el evento.<\/figcaption><\/figure>\n<p>El s\u00e1bado 19 de julio se llev\u00f3 a cabo el Inter-escolar de Rob\u00f3tica Educativa en Valpara\u00edso, certamen organizado por la Universidad T\u00e9cnica Federico Santa Mar\u00eda. Participantes de 22 establecimientos educacionales de la V Regi\u00f3n y la Regi\u00f3n Metropolitana se dieron cita para poner a prueba sus habilidades en la materia.<\/p>\n<p>Una delegaci\u00f3n de la Escuela Industrial de San Felipe, compuesta por los alumnos Vicente Chaparro, Sergio Meza y Bryan Santander, tuvo una destacada participaci\u00f3n en el evento, logrando lugares en m\u00e1s de una categor\u00eda, dentro de los que destaca el Primer Lugar obtenido en el desaf\u00edo de completar con un robot el complejo circuito solicitado por los jueces. Los industrialinos se prepararon durante ocho semanas para esta competencia, logrando gracias a su esfuerzo una certificaci\u00f3n como Programadores IRE (Inter-escolar de rob\u00f3tica educativa), lo que les permitir\u00e1 compartir sus conocimientos con el resto de la comunidad industrialina.<\/p>\n<p>&nbsp;<\/p>\n","protected":false},"excerpt":{"rendered":"<p>El s\u00e1bado 19 de julio se llev\u00f3 a cabo el Inter-escolar de Rob\u00f3tica Educativa en Valpara\u00edso, certamen organizado por la Universidad T\u00e9cnica Federico Santa Mar\u00eda. Participantes de 22 establecimientos educacionales de la&#8230;<\/p>\n","protected":false},"author":482,"featured_media":49505,"comment_status":"open","ping_status":"closed","sticky":false,"template":"","format":"standard","meta":{"advanced_seo_description":"","jetpack_seo_html_title":"","jetpack_seo_noindex":false,"_jetpack_memberships_contains_paid_content":false,"footnotes":""},"categories":[15],"tags":[],"class_list":["post-49504","post","type-post","status-publish","format-standard","has-post-thumbnail","hentry","category-comunidad"],"jetpack_featured_media_url":"https:\/\/i0.wp.com\/eltrabajo.cl\/portal\/wp-content\/uploads\/2014\/07\/Industrial1.jpg?fit=529%2C358&ssl=1","jetpack_sharing_enabled":true,"jetpack_likes_enabled":true,"jetpack-related-posts":[],"_links":{"self":[{"href":"https:\/\/eltrabajo.cl\/portal\/wp-json\/wp\/v2\/posts\/49504","targetHints":{"allow":["GET"]}}],"collection":[{"href":"https:\/\/eltrabajo.cl\/portal\/wp-json\/wp\/v2\/posts"}],"about":[{"href":"https:\/\/eltrabajo.cl\/portal\/wp-json\/wp\/v2\/types\/post"}],"author":[{"embeddable":true,"href":"https:\/\/eltrabajo.cl\/portal\/wp-json\/wp\/v2\/users\/482"}],"replies":[{"embeddable":true,"href":"https:\/\/eltrabajo.cl\/portal\/wp-json\/wp\/v2\/comments?post=49504"}],"version-history":[{"count":0,"href":"https:\/\/eltrabajo.cl\/portal\/wp-json\/wp\/v2\/posts\/49504\/revisions"}],"wp:featuredmedia":[{"embeddable":true,"href":"https:\/\/eltrabajo.cl\/portal\/wp-json\/wp\/v2\/media\/49505"}],"wp:attachment":[{"href":"https:\/\/eltrabajo.cl\/portal\/wp-json\/wp\/v2\/media?parent=49504"}],"wp:term":[{"taxonomy":"category","embeddable":true,"href":"https:\/\/eltrabajo.cl\/portal\/wp-json\/wp\/v2\/categories?post=49504"},{"taxonomy":"post_tag","embeddable":true,"href":"https:\/\/eltrabajo.cl\/portal\/wp-json\/wp\/v2\/tags?post=49504"}],"curies":[{"name":"wp","href":"https:\/\/api.w.org\/{rel}","templated":true}]}}