{"id":49516,"date":"2014-07-31T09:44:53","date_gmt":"2014-07-31T13:44:53","guid":{"rendered":"http:\/\/www.eltrabajo.cl\/portal\/?p=49516"},"modified":"2014-07-31T09:44:53","modified_gmt":"2014-07-31T13:44:53","slug":"nueve-heridos-deja-violenta-colision-en-carretera-putaendo-san-felipe","status":"publish","type":"post","link":"https:\/\/eltrabajo.cl\/portal\/nueve-heridos-deja-violenta-colision-en-carretera-putaendo-san-felipe\/","title":{"rendered":"Nueve heridos deja violenta colisi\u00f3n en carretera Putaendo-San Felipe"},"content":{"rendered":"<figure id=\"attachment_49517\" aria-describedby=\"caption-attachment-49517\" style=\"width: 529px\" class=\"wp-caption alignnone\"><a href=\"https:\/\/i0.wp.com\/www.eltrabajo.cl\/portal\/wp-content\/uploads\/2014\/07\/ACCIDENTE-3.jpg\"><img data-recalc-dims=\"1\" loading=\"lazy\" decoding=\"async\" class=\"size-full wp-image-49517\" alt=\"El furg\u00f3n result\u00f3 con serios da\u00f1os tras la violenta colisi\u00f3n frontal.\" src=\"https:\/\/i0.wp.com\/www.eltrabajo.cl\/portal\/wp-content\/uploads\/2014\/07\/ACCIDENTE-3.jpg?resize=529%2C305\" width=\"529\" height=\"305\" srcset=\"https:\/\/i0.wp.com\/eltrabajo.cl\/portal\/wp-content\/uploads\/2014\/07\/ACCIDENTE-3.jpg?w=529&amp;ssl=1 529w, https:\/\/i0.wp.com\/eltrabajo.cl\/portal\/wp-content\/uploads\/2014\/07\/ACCIDENTE-3.jpg?resize=200%2C115&amp;ssl=1 200w, https:\/\/i0.wp.com\/eltrabajo.cl\/portal\/wp-content\/uploads\/2014\/07\/ACCIDENTE-3.jpg?resize=300%2C172&amp;ssl=1 300w, https:\/\/i0.wp.com\/eltrabajo.cl\/portal\/wp-content\/uploads\/2014\/07\/ACCIDENTE-3.jpg?resize=150%2C86&amp;ssl=1 150w, https:\/\/i0.wp.com\/eltrabajo.cl\/portal\/wp-content\/uploads\/2014\/07\/ACCIDENTE-3.jpg?resize=400%2C230&amp;ssl=1 400w\" sizes=\"auto, (max-width: 529px) 100vw, 529px\" \/><\/a><figcaption id=\"caption-attachment-49517\" class=\"wp-caption-text\">El furg\u00f3n result\u00f3 con serios da\u00f1os tras la violenta colisi\u00f3n frontal.<\/figcaption><\/figure>\n<p><strong>PUTAENDO.<\/strong>&#8211; Un violento accidente de tr\u00e1nsito se registr\u00f3 la ma\u00f1ana de este mi\u00e9rcoles en la carretera que une Putaendo con San Felipe en las inmediaciones del Centro de Eventos Casa Grande.<\/p>\n<p>El hecho se registr\u00f3 a eso de las 07:20 horas, cuando dos veh\u00edculos colisionaron casi en forma frontal en ese lugar.<\/p>\n<p>En el \u00e1mbito extraoficial, el accidente se habr\u00eda registrado cuando el conductor de la camioneta Chevrolet, color blanco, patente SX-30 84, identificado como \u00c1ngelo Sa\u00e1 Gallardo, se dirig\u00eda desde Putaendo hacia San Felipe y se encontr\u00f3 con una micro que se dispon\u00eda a subir pasajeros, por lo que habr\u00eda decidido adelantarla, lo que eventualmente no fue advertido por el conductor de la micro que inici\u00f3 su marcha. Debido a lo anterior, el conductor de la camioneta Chevrolet gui\u00f3 el m\u00f3vil hacia la berma izquierda, siendo impactado frontalmente por un veh\u00edculo JAC, color rojo, patente SK HK-46 conducido por C\u00e9sar Urquieta Mu\u00f1oz.<\/p>\n<p>A consecuencia del fuerte impacto resultaron lesionadas 9 personas, entre ellas los conductores de ambos veh\u00edculos y una menor de edad.<\/p>\n<p>Hasta el cierre de esta edici\u00f3n Carabineros confirmaba que los 9 involucrados en este accidente presentar\u00edan lesiones de car\u00e1cter leve, por lo que tras el arribo de personal del SAMU y de Bomberos de Putaendo, fueron trasladados hasta los hospitales San Camilo de San Felipe y San Antonio de Putaendo.<\/p>\n<p>Durante el trabajo de las unidades de rescate, el tr\u00e1nsito en la carretera Putaendo-San Felipe permaneci\u00f3 suspendido por varios minutos.<\/p>\n<p>Patricio Gallardo M.<\/p>\n<div class=\"tiled-gallery type-rectangular tiled-gallery-unresized\" data-original-width=\"640\" data-carousel-extra='null' itemscope itemtype=\"http:\/\/schema.org\/ImageGallery\" > <div class=\"gallery-row\" style=\"width: 640px; height: 186px;\" data-original-width=\"640\" data-original-height=\"186\" > <div class=\"gallery-group images-1\" style=\"width: 320px; height: 186px;\" data-original-width=\"320\" data-original-height=\"186\" > <div class=\"tiled-gallery-item tiled-gallery-item-large\" itemprop=\"associatedMedia\" itemscope itemtype=\"http:\/\/schema.org\/ImageObject\"> <a href=\"https:\/\/eltrabajo.cl\/portal\/nueve-heridos-deja-violenta-colision-en-carretera-putaendo-san-felipe\/accidente-5\/\" border=\"0\" itemprop=\"url\"> <meta itemprop=\"width\" content=\"316\"> <meta itemprop=\"height\" content=\"182\"> <img decoding=\"async\" class=\"\" data-attachment-id=\"49518\" data-orig-file=\"https:\/\/eltrabajo.cl\/portal\/wp-content\/uploads\/2014\/07\/ACCIDENTE-5.jpg\" data-orig-size=\"529,305\" data-comments-opened=\"1\" data-image-meta=\"{&quot;aperture&quot;:&quot;3.5&quot;,&quot;credit&quot;:&quot;&quot;,&quot;camera&quot;:&quot;Canon EOS REBEL T3i&quot;,&quot;caption&quot;:&quot;&quot;,&quot;created_timestamp&quot;:&quot;1406705803&quot;,&quot;copyright&quot;:&quot;[wopmind]&quot;,&quot;focal_length&quot;:&quot;18&quot;,&quot;iso&quot;:&quot;3200&quot;,&quot;shutter_speed&quot;:&quot;0.04&quot;,&quot;title&quot;:&quot;&quot;}\" data-image-title=\"ACCIDENTE (5)\" data-image-description=\"&lt;p&gt;La imagen muestra la magnitud de los da\u00f1os sufridos por el autom\u00f3vil JAC.&lt;\/p&gt; \" data-medium-file=\"https:\/\/i0.wp.com\/eltrabajo.cl\/portal\/wp-content\/uploads\/2014\/07\/ACCIDENTE-5.jpg?fit=300%2C172&#038;ssl=1\" data-large-file=\"https:\/\/i0.wp.com\/eltrabajo.cl\/portal\/wp-content\/uploads\/2014\/07\/ACCIDENTE-5.jpg?fit=529%2C305&#038;ssl=1\" src=\"https:\/\/i0.wp.com\/eltrabajo.cl\/portal\/wp-content\/uploads\/2014\/07\/ACCIDENTE-5.jpg?w=316&#038;h=182&#038;ssl=1\" srcset=\"https:\/\/i0.wp.com\/eltrabajo.cl\/portal\/wp-content\/uploads\/2014\/07\/ACCIDENTE-5.jpg?w=529&amp;ssl=1 529w, https:\/\/i0.wp.com\/eltrabajo.cl\/portal\/wp-content\/uploads\/2014\/07\/ACCIDENTE-5.jpg?resize=200%2C115&amp;ssl=1 200w, https:\/\/i0.wp.com\/eltrabajo.cl\/portal\/wp-content\/uploads\/2014\/07\/ACCIDENTE-5.jpg?resize=300%2C172&amp;ssl=1 300w, https:\/\/i0.wp.com\/eltrabajo.cl\/portal\/wp-content\/uploads\/2014\/07\/ACCIDENTE-5.jpg?resize=150%2C86&amp;ssl=1 150w, https:\/\/i0.wp.com\/eltrabajo.cl\/portal\/wp-content\/uploads\/2014\/07\/ACCIDENTE-5.jpg?resize=400%2C230&amp;ssl=1 400w\" width=\"316\" height=\"182\" loading=\"lazy\" data-original-width=\"316\" data-original-height=\"182\" itemprop=\"http:\/\/schema.org\/image\" title=\"ACCIDENTE (5)\" alt=\"La imagen muestra la magnitud de los da\u00f1os sufridos por el autom\u00f3vil JAC.\" style=\"width: 316px; height: 182px;\" \/> <\/a> <div class=\"tiled-gallery-caption\" itemprop=\"caption description\"> La imagen muestra la magnitud de los da\u00f1os sufridos por el autom\u00f3vil JAC. <\/div> <\/div> <\/div> <!-- close group --> <div class=\"gallery-group images-1\" style=\"width: 320px; height: 186px;\" data-original-width=\"320\" data-original-height=\"186\" > <div class=\"tiled-gallery-item tiled-gallery-item-large\" itemprop=\"associatedMedia\" itemscope itemtype=\"http:\/\/schema.org\/ImageObject\"> <a href=\"https:\/\/eltrabajo.cl\/portal\/nueve-heridos-deja-violenta-colision-en-carretera-putaendo-san-felipe\/accidente-6\/\" border=\"0\" itemprop=\"url\"> <meta itemprop=\"width\" content=\"316\"> <meta itemprop=\"height\" content=\"182\"> <img decoding=\"async\" class=\"\" data-attachment-id=\"49519\" data-orig-file=\"https:\/\/eltrabajo.cl\/portal\/wp-content\/uploads\/2014\/07\/ACCIDENTE-6.jpg\" data-orig-size=\"529,305\" data-comments-opened=\"1\" data-image-meta=\"{&quot;aperture&quot;:&quot;3.5&quot;,&quot;credit&quot;:&quot;&quot;,&quot;camera&quot;:&quot;Canon EOS REBEL T3i&quot;,&quot;caption&quot;:&quot;&quot;,&quot;created_timestamp&quot;:&quot;1406706031&quot;,&quot;copyright&quot;:&quot;[wopmind]&quot;,&quot;focal_length&quot;:&quot;18&quot;,&quot;iso&quot;:&quot;2500&quot;,&quot;shutter_speed&quot;:&quot;0.025&quot;,&quot;title&quot;:&quot;&quot;}\" data-image-title=\"ACCIDENTE (6)\" data-image-description=\"&lt;p&gt;Uno de los heridos es atendido en el mismo furg\u00f3n en el que viajaba.&lt;\/p&gt; \" data-medium-file=\"https:\/\/i0.wp.com\/eltrabajo.cl\/portal\/wp-content\/uploads\/2014\/07\/ACCIDENTE-6.jpg?fit=300%2C172&#038;ssl=1\" data-large-file=\"https:\/\/i0.wp.com\/eltrabajo.cl\/portal\/wp-content\/uploads\/2014\/07\/ACCIDENTE-6.jpg?fit=529%2C305&#038;ssl=1\" src=\"https:\/\/i0.wp.com\/eltrabajo.cl\/portal\/wp-content\/uploads\/2014\/07\/ACCIDENTE-6.jpg?w=316&#038;h=182&#038;ssl=1\" srcset=\"https:\/\/i0.wp.com\/eltrabajo.cl\/portal\/wp-content\/uploads\/2014\/07\/ACCIDENTE-6.jpg?w=529&amp;ssl=1 529w, https:\/\/i0.wp.com\/eltrabajo.cl\/portal\/wp-content\/uploads\/2014\/07\/ACCIDENTE-6.jpg?resize=200%2C115&amp;ssl=1 200w, https:\/\/i0.wp.com\/eltrabajo.cl\/portal\/wp-content\/uploads\/2014\/07\/ACCIDENTE-6.jpg?resize=300%2C172&amp;ssl=1 300w, https:\/\/i0.wp.com\/eltrabajo.cl\/portal\/wp-content\/uploads\/2014\/07\/ACCIDENTE-6.jpg?resize=150%2C86&amp;ssl=1 150w, https:\/\/i0.wp.com\/eltrabajo.cl\/portal\/wp-content\/uploads\/2014\/07\/ACCIDENTE-6.jpg?resize=400%2C230&amp;ssl=1 400w\" width=\"316\" height=\"182\" loading=\"lazy\" data-original-width=\"316\" data-original-height=\"182\" itemprop=\"http:\/\/schema.org\/image\" title=\"ACCIDENTE (6)\" alt=\"Uno de los heridos es atendido en el mismo furg\u00f3n en el que viajaba.\" style=\"width: 316px; height: 182px;\" \/> <\/a> <div class=\"tiled-gallery-caption\" itemprop=\"caption description\"> Uno de los heridos es atendido en el mismo furg\u00f3n en el que viajaba. <\/div> <\/div> <\/div> <!-- close group --> <\/div> <!-- close row --> <\/div>\n","protected":false},"excerpt":{"rendered":"<p>PUTAENDO.&#8211; Un violento accidente de tr\u00e1nsito se registr\u00f3 la ma\u00f1ana de este mi\u00e9rcoles en la carretera que une Putaendo con San Felipe en las inmediaciones del Centro de Eventos Casa Grande. El&#8230;<\/p>\n","protected":false},"author":482,"featured_media":49517,"comment_status":"open","ping_status":"closed","sticky":false,"template":"","format":"standard","meta":{"advanced_seo_description":"","jetpack_seo_html_title":"","jetpack_seo_noindex":false,"_jetpack_memberships_contains_paid_content":false,"footnotes":""},"categories":[21],"tags":[],"class_list":["post-49516","post","type-post","status-publish","format-standard","has-post-thumbnail","hentry","category-policial"],"jetpack_featured_media_url":"https:\/\/i0.wp.com\/eltrabajo.cl\/portal\/wp-content\/uploads\/2014\/07\/ACCIDENTE-3.jpg?fit=529%2C305&ssl=1","jetpack_sharing_enabled":true,"jetpack_likes_enabled":true,"jetpack-related-posts":[],"_links":{"self":[{"href":"https:\/\/eltrabajo.cl\/portal\/wp-json\/wp\/v2\/posts\/49516","targetHints":{"allow":["GET"]}}],"collection":[{"href":"https:\/\/eltrabajo.cl\/portal\/wp-json\/wp\/v2\/posts"}],"about":[{"href":"https:\/\/eltrabajo.cl\/portal\/wp-json\/wp\/v2\/types\/post"}],"author":[{"embeddable":true,"href":"https:\/\/eltrabajo.cl\/portal\/wp-json\/wp\/v2\/users\/482"}],"replies":[{"embeddable":true,"href":"https:\/\/eltrabajo.cl\/portal\/wp-json\/wp\/v2\/comments?post=49516"}],"version-history":[{"count":0,"href":"https:\/\/eltrabajo.cl\/portal\/wp-json\/wp\/v2\/posts\/49516\/revisions"}],"wp:featuredmedia":[{"embeddable":true,"href":"https:\/\/eltrabajo.cl\/portal\/wp-json\/wp\/v2\/media\/49517"}],"wp:attachment":[{"href":"https:\/\/eltrabajo.cl\/portal\/wp-json\/wp\/v2\/media?parent=49516"}],"wp:term":[{"taxonomy":"category","embeddable":true,"href":"https:\/\/eltrabajo.cl\/portal\/wp-json\/wp\/v2\/categories?post=49516"},{"taxonomy":"post_tag","embeddable":true,"href":"https:\/\/eltrabajo.cl\/portal\/wp-json\/wp\/v2\/tags?post=49516"}],"curies":[{"name":"wp","href":"https:\/\/api.w.org\/{rel}","templated":true}]}}