{"id":49527,"date":"2014-07-31T09:48:04","date_gmt":"2014-07-31T13:48:04","guid":{"rendered":"http:\/\/www.eltrabajo.cl\/portal\/?p=49527"},"modified":"2014-07-31T09:48:04","modified_gmt":"2014-07-31T13:48:04","slug":"heroicos-carabineros-salvan-a-guaguita-que-se-ahogaba","status":"publish","type":"post","link":"https:\/\/eltrabajo.cl\/portal\/heroicos-carabineros-salvan-a-guaguita-que-se-ahogaba\/","title":{"rendered":"Heroicos carabineros salvan a guag\u00fcita que se ahogaba"},"content":{"rendered":"<figure id=\"attachment_49528\" aria-describedby=\"caption-attachment-49528\" style=\"width: 529px\" class=\"wp-caption alignnone\"><a href=\"https:\/\/i0.wp.com\/www.eltrabajo.cl\/portal\/wp-content\/uploads\/2014\/07\/MAMA-Y-CARABINERO.jpg\"><img data-recalc-dims=\"1\" loading=\"lazy\" decoding=\"async\" class=\"size-full wp-image-49528\" alt=\"Pamela Rombado junto a su madre y el Cabo 1\u00ba Rodrigo Sandoval, quien asisti\u00f3 junto con el Cabo 2\u00ba Gustavo Rombado a un reci\u00e9n nacido que no pod\u00eda respirar.\" src=\"https:\/\/i0.wp.com\/www.eltrabajo.cl\/portal\/wp-content\/uploads\/2014\/07\/MAMA-Y-CARABINERO.jpg?resize=529%2C305\" width=\"529\" height=\"305\" srcset=\"https:\/\/i0.wp.com\/eltrabajo.cl\/portal\/wp-content\/uploads\/2014\/07\/MAMA-Y-CARABINERO.jpg?w=529&amp;ssl=1 529w, https:\/\/i0.wp.com\/eltrabajo.cl\/portal\/wp-content\/uploads\/2014\/07\/MAMA-Y-CARABINERO.jpg?resize=200%2C115&amp;ssl=1 200w, https:\/\/i0.wp.com\/eltrabajo.cl\/portal\/wp-content\/uploads\/2014\/07\/MAMA-Y-CARABINERO.jpg?resize=300%2C172&amp;ssl=1 300w, https:\/\/i0.wp.com\/eltrabajo.cl\/portal\/wp-content\/uploads\/2014\/07\/MAMA-Y-CARABINERO.jpg?resize=150%2C86&amp;ssl=1 150w, https:\/\/i0.wp.com\/eltrabajo.cl\/portal\/wp-content\/uploads\/2014\/07\/MAMA-Y-CARABINERO.jpg?resize=400%2C230&amp;ssl=1 400w\" sizes=\"auto, (max-width: 529px) 100vw, 529px\" \/><\/a><figcaption id=\"caption-attachment-49528\" class=\"wp-caption-text\">Pamela Rombado junto a su madre y el Cabo 1\u00ba Rodrigo Sandoval, quien asisti\u00f3 junto con el Cabo 2\u00ba Gustavo Rombado a un reci\u00e9n nacido que no pod\u00eda respirar.<\/figcaption><\/figure>\n<p>Pamela Rombado no olvidar\u00e1 la tarde del pasado martes, cuando su peque\u00f1o beb\u00e9 de siete d\u00edas de nacido no respiraba. Trat\u00f3 de reanimarlo, pero no reaccionaba. En su desesperaci\u00f3n tom\u00f3 a su hijo y junto a su madre salieron de su domicilio en Callej\u00f3n El Bosque en el sector de San Rafael para pedir auxilio.<\/p>\n<p><strong>LA CRISIS<\/strong><\/p>\n<p>Angustiadas y con el peque\u00f1o en brazos, concurrieron hasta el Ret\u00e9n de Carabineros de Curim\u00f3n, acerc\u00e1ndose hasta el Cabo 1\u00ba Rodrigo Sandoval Ar\u00e9valo, a quien clam\u00f3 ayuda por el riesgo que corr\u00eda su hijo. En r\u00e1pido accionar el funcionario tom\u00f3 al menor junto a su madre y abuela para trasladarlas de urgencias hasta el Hospital San Camilo, esto junto con el Cabo 2\u00ba de Carabineros, Gustavo Rombado Ch\u00e1vez.<\/p>\n<p>Durante el recorrido, la patrulla activ\u00f3 las sirenas para desviar a los veh\u00edculos que se desplazaban a eso de las 19:00 horas por la Ruta 60 CH, mientras que el funcionario Sandoval le practicaba al beb\u00e9 maniobras de reanimaci\u00f3n por la falta de ox\u00edgeno, buscando lograr estabilizarlo, mientras que la madre del menor anunciaba la emergencia v\u00eda telef\u00f3nica al personal del Samu.<\/p>\n<p>Al concurrir hasta el servicio de urgencias, el beb\u00e9 fue atendido por m\u00e9dicos que le brindaron una r\u00e1pida recuperaci\u00f3n, adem\u00e1s de la toma de diversos ex\u00e1menes que afortunadamente resultaron positivos. De acuerdo a lo informado por Pamela Rombado, el menor podr\u00eda haber sido afectado por un cuadro de apnea, mismo que est\u00e1 siendo diagnosticado por los profesionales de la salud.<\/p>\n<p>Durante la ma\u00f1ana de ayer mi\u00e9rcoles, Pamela agradeci\u00f3 profundamente la labor policial en el rescate de su hijo, quienes pudieron salvarle la vida en cuesti\u00f3n de segundos: \u201cTratamos de reanimarlo y no funcion\u00f3 mucho, cuando los carabineros salieron tomaron el furg\u00f3n que estaba fuera y me tomaron a m\u00ed y al beb\u00e9, nos subimos al furg\u00f3n y en el camino con las sirenas esquivaron los autos para llegar m\u00e1s r\u00e1pido al hospital. La ni\u00f1a del Samu me estaba atendiendo por tel\u00e9fono y me preguntaba si el ni\u00f1o ten\u00eda signos vitales. Gracias a la acci\u00f3n de ellos que lo destaco. Para m\u00ed, Carabineros hace muy buenas labores como \u00e9stas\u201d, destac\u00f3 la madre del beb\u00e9.<\/p>\n<p>En tanto, el Comisario de Carabineros, Mayor V\u00edctor Del Valle, manifest\u00f3 que los funcionarios de su instituci\u00f3n est\u00e1n capacitados para asistir este tipo de labores de Primeros Auxilios, resaltando las acciones de los funcionarios policiales en salvar una vida.<\/p>\n<p>\u201cAfortunadamente hoy estamos muy contentos, porque en definitiva el menor logra salvarse y se encuentra estable. Es importante destacar que tambi\u00e9n los carabineros, aparte de entregar la prevenci\u00f3n, ayudan a la comunidad, porque estamos dispuestos a entregar el auxilio cuando podamos. Esta es una capacitaci\u00f3n que tiene nuestro personal dentro de su periodo de instrucci\u00f3n, tienen los conocimientos b\u00e1sicos de Primeros Auxilios y los pusieron en pr\u00e1ctica\u201d, puntualiz\u00f3 el oficial.<\/p>\n<p>Por su parte el Cabo 1\u00ba Rodrigo Sandoval, catalogado como h\u00e9roe, enfatiz\u00f3 su compromiso con la comunidad al momento de poder asistir una emergencia, como en este caso la vulnerabilidad de un reci\u00e9n nacido que no pod\u00eda respirar, entendiendo la desesperaci\u00f3n de la joven madre.<\/p>\n<p>\u201cBastante emocionado por salvar la vida a un beb\u00e9 de s\u00f3lo d\u00edas, los que somos pap\u00e1s sabemos lo que es estar en el lugar de la mam\u00e1 y la abuelita, fue a eso de las 19:00 horas cuando nos encontramos haciendo control vehicular, nosotros no la pensamos dos veces, con mi colega procedimos a sacar al ni\u00f1o y subirlo al dispositivo policial, concurriendo a Urgencias del Hospital San Camilo. Yo hice lo que cualquier carabinero podr\u00eda haber hecho, para nosotros es muy gratificante porque nos motiva m\u00e1s a seguir en nuestra labor policial\u201d, indic\u00f3 el funcionario de Carabineros.<\/p>\n<p>Pablo Salinas Sald\u00edas<\/p>\n<div class=\"tiled-gallery type-rectangular tiled-gallery-unresized\" data-original-width=\"640\" data-carousel-extra='null' itemscope itemtype=\"http:\/\/schema.org\/ImageGallery\" > <div class=\"gallery-row\" style=\"width: 640px; height: 323px;\" data-original-width=\"640\" data-original-height=\"323\" > <div class=\"gallery-group images-1\" style=\"width: 319px; height: 323px;\" data-original-width=\"319\" data-original-height=\"323\" > <div class=\"tiled-gallery-item tiled-gallery-item-large\" itemprop=\"associatedMedia\" itemscope itemtype=\"http:\/\/schema.org\/ImageObject\"> <a href=\"https:\/\/eltrabajo.cl\/portal\/heroicos-carabineros-salvan-a-guaguita-que-se-ahogaba\/cabo-rombado\/\" border=\"0\" itemprop=\"url\"> <meta itemprop=\"width\" content=\"315\"> <meta itemprop=\"height\" content=\"319\"> <img decoding=\"async\" class=\"\" data-attachment-id=\"49529\" data-orig-file=\"https:\/\/eltrabajo.cl\/portal\/wp-content\/uploads\/2014\/07\/Cabo-Rombado.jpg\" data-orig-size=\"529,535\" data-comments-opened=\"1\" data-image-meta=\"{&quot;aperture&quot;:&quot;0&quot;,&quot;credit&quot;:&quot;&quot;,&quot;camera&quot;:&quot;&quot;,&quot;caption&quot;:&quot;&quot;,&quot;created_timestamp&quot;:&quot;0&quot;,&quot;copyright&quot;:&quot;&quot;,&quot;focal_length&quot;:&quot;0&quot;,&quot;iso&quot;:&quot;0&quot;,&quot;shutter_speed&quot;:&quot;0&quot;,&quot;title&quot;:&quot;&quot;}\" data-image-title=\"Cabo Rombado\" data-image-description=\"&lt;p&gt;Cabo 2\u00ba de Carabineros, Gustavo Rombado Ch\u00e1vez.&lt;\/p&gt; \" data-medium-file=\"https:\/\/i0.wp.com\/eltrabajo.cl\/portal\/wp-content\/uploads\/2014\/07\/Cabo-Rombado.jpg?fit=296%2C300&#038;ssl=1\" data-large-file=\"https:\/\/i0.wp.com\/eltrabajo.cl\/portal\/wp-content\/uploads\/2014\/07\/Cabo-Rombado.jpg?fit=529%2C535&#038;ssl=1\" src=\"https:\/\/i0.wp.com\/eltrabajo.cl\/portal\/wp-content\/uploads\/2014\/07\/Cabo-Rombado.jpg?w=315&#038;h=319&#038;ssl=1\" srcset=\"https:\/\/i0.wp.com\/eltrabajo.cl\/portal\/wp-content\/uploads\/2014\/07\/Cabo-Rombado.jpg?w=529&amp;ssl=1 529w, https:\/\/i0.wp.com\/eltrabajo.cl\/portal\/wp-content\/uploads\/2014\/07\/Cabo-Rombado.jpg?resize=148%2C150&amp;ssl=1 148w, https:\/\/i0.wp.com\/eltrabajo.cl\/portal\/wp-content\/uploads\/2014\/07\/Cabo-Rombado.jpg?resize=296%2C300&amp;ssl=1 296w, https:\/\/i0.wp.com\/eltrabajo.cl\/portal\/wp-content\/uploads\/2014\/07\/Cabo-Rombado.jpg?resize=400%2C404&amp;ssl=1 400w\" width=\"315\" height=\"319\" loading=\"lazy\" data-original-width=\"315\" data-original-height=\"319\" itemprop=\"http:\/\/schema.org\/image\" title=\"Cabo Rombado\" alt=\"Cabo 2\u00ba de Carabineros, Gustavo Rombado Ch\u00e1vez.\" style=\"width: 315px; height: 319px;\" \/> <\/a> <div class=\"tiled-gallery-caption\" itemprop=\"caption description\"> Cabo 2\u00ba de Carabineros, Gustavo Rombado Ch\u00e1vez. <\/div> <\/div> <\/div> <!-- close group --> <div class=\"gallery-group images-1\" style=\"width: 321px; height: 323px;\" data-original-width=\"321\" data-original-height=\"323\" > <div class=\"tiled-gallery-item tiled-gallery-item-large\" itemprop=\"associatedMedia\" itemscope itemtype=\"http:\/\/schema.org\/ImageObject\"> <a href=\"https:\/\/eltrabajo.cl\/portal\/heroicos-carabineros-salvan-a-guaguita-que-se-ahogaba\/cabo-sandobal\/\" border=\"0\" itemprop=\"url\"> <meta itemprop=\"width\" content=\"317\"> <meta itemprop=\"height\" content=\"319\"> <img decoding=\"async\" class=\"\" data-attachment-id=\"49530\" data-orig-file=\"https:\/\/eltrabajo.cl\/portal\/wp-content\/uploads\/2014\/07\/Cabo-Sandobal.jpg\" data-orig-size=\"529,533\" data-comments-opened=\"1\" data-image-meta=\"{&quot;aperture&quot;:&quot;0&quot;,&quot;credit&quot;:&quot;&quot;,&quot;camera&quot;:&quot;&quot;,&quot;caption&quot;:&quot;&quot;,&quot;created_timestamp&quot;:&quot;0&quot;,&quot;copyright&quot;:&quot;&quot;,&quot;focal_length&quot;:&quot;0&quot;,&quot;iso&quot;:&quot;0&quot;,&quot;shutter_speed&quot;:&quot;0&quot;,&quot;title&quot;:&quot;&quot;}\" data-image-title=\"Cabo Sandobal\" data-image-description=\"&lt;p&gt;Cabo 1\u00ba Rodrigo Sandoval Ar\u00e9valo.&lt;\/p&gt; \" data-medium-file=\"https:\/\/i0.wp.com\/eltrabajo.cl\/portal\/wp-content\/uploads\/2014\/07\/Cabo-Sandobal.jpg?fit=297%2C300&#038;ssl=1\" data-large-file=\"https:\/\/i0.wp.com\/eltrabajo.cl\/portal\/wp-content\/uploads\/2014\/07\/Cabo-Sandobal.jpg?fit=529%2C533&#038;ssl=1\" src=\"https:\/\/i0.wp.com\/eltrabajo.cl\/portal\/wp-content\/uploads\/2014\/07\/Cabo-Sandobal.jpg?w=317&#038;h=319&#038;ssl=1\" srcset=\"https:\/\/i0.wp.com\/eltrabajo.cl\/portal\/wp-content\/uploads\/2014\/07\/Cabo-Sandobal.jpg?w=529&amp;ssl=1 529w, https:\/\/i0.wp.com\/eltrabajo.cl\/portal\/wp-content\/uploads\/2014\/07\/Cabo-Sandobal.jpg?resize=148%2C150&amp;ssl=1 148w, https:\/\/i0.wp.com\/eltrabajo.cl\/portal\/wp-content\/uploads\/2014\/07\/Cabo-Sandobal.jpg?resize=297%2C300&amp;ssl=1 297w, https:\/\/i0.wp.com\/eltrabajo.cl\/portal\/wp-content\/uploads\/2014\/07\/Cabo-Sandobal.jpg?resize=400%2C403&amp;ssl=1 400w\" width=\"317\" height=\"319\" loading=\"lazy\" data-original-width=\"317\" data-original-height=\"319\" itemprop=\"http:\/\/schema.org\/image\" title=\"Cabo Sandobal\" alt=\"Cabo 1\u00ba Rodrigo Sandoval Ar\u00e9valo.\" style=\"width: 317px; height: 319px;\" \/> <\/a> <div class=\"tiled-gallery-caption\" itemprop=\"caption description\"> Cabo 1\u00ba Rodrigo Sandoval Ar\u00e9valo. <\/div> <\/div> <\/div> <!-- close group --> <\/div> <!-- close row --> <\/div>\n","protected":false},"excerpt":{"rendered":"<p>Pamela Rombado no olvidar\u00e1 la tarde del pasado martes, cuando su peque\u00f1o beb\u00e9 de siete d\u00edas de nacido no respiraba. Trat\u00f3 de reanimarlo, pero no reaccionaba. En su desesperaci\u00f3n tom\u00f3 a su&#8230;<\/p>\n","protected":false},"author":482,"featured_media":49528,"comment_status":"open","ping_status":"closed","sticky":false,"template":"","format":"standard","meta":{"advanced_seo_description":"","jetpack_seo_html_title":"","jetpack_seo_noindex":false,"_jetpack_memberships_contains_paid_content":false,"footnotes":""},"categories":[15],"tags":[],"class_list":["post-49527","post","type-post","status-publish","format-standard","has-post-thumbnail","hentry","category-comunidad"],"jetpack_featured_media_url":"https:\/\/i0.wp.com\/eltrabajo.cl\/portal\/wp-content\/uploads\/2014\/07\/MAMA-Y-CARABINERO.jpg?fit=529%2C305&ssl=1","jetpack_sharing_enabled":true,"jetpack_likes_enabled":true,"jetpack-related-posts":[],"_links":{"self":[{"href":"https:\/\/eltrabajo.cl\/portal\/wp-json\/wp\/v2\/posts\/49527","targetHints":{"allow":["GET"]}}],"collection":[{"href":"https:\/\/eltrabajo.cl\/portal\/wp-json\/wp\/v2\/posts"}],"about":[{"href":"https:\/\/eltrabajo.cl\/portal\/wp-json\/wp\/v2\/types\/post"}],"author":[{"embeddable":true,"href":"https:\/\/eltrabajo.cl\/portal\/wp-json\/wp\/v2\/users\/482"}],"replies":[{"embeddable":true,"href":"https:\/\/eltrabajo.cl\/portal\/wp-json\/wp\/v2\/comments?post=49527"}],"version-history":[{"count":0,"href":"https:\/\/eltrabajo.cl\/portal\/wp-json\/wp\/v2\/posts\/49527\/revisions"}],"wp:featuredmedia":[{"embeddable":true,"href":"https:\/\/eltrabajo.cl\/portal\/wp-json\/wp\/v2\/media\/49528"}],"wp:attachment":[{"href":"https:\/\/eltrabajo.cl\/portal\/wp-json\/wp\/v2\/media?parent=49527"}],"wp:term":[{"taxonomy":"category","embeddable":true,"href":"https:\/\/eltrabajo.cl\/portal\/wp-json\/wp\/v2\/categories?post=49527"},{"taxonomy":"post_tag","embeddable":true,"href":"https:\/\/eltrabajo.cl\/portal\/wp-json\/wp\/v2\/tags?post=49527"}],"curies":[{"name":"wp","href":"https:\/\/api.w.org\/{rel}","templated":true}]}}