{"id":49538,"date":"2014-08-01T09:27:35","date_gmt":"2014-08-01T13:27:35","guid":{"rendered":"http:\/\/www.eltrabajo.cl\/portal\/?p=49538"},"modified":"2014-08-01T09:27:35","modified_gmt":"2014-08-01T13:27:35","slug":"ninas-u-14-del-marie-poussepin-ganan-campeonato-regional-de-futbol-escolar","status":"publish","type":"post","link":"https:\/\/eltrabajo.cl\/portal\/ninas-u-14-del-marie-poussepin-ganan-campeonato-regional-de-futbol-escolar\/","title":{"rendered":"Ni\u00f1as U-14 del Marie Poussepin ganan Campeonato Regional de F\u00fatbol Escolar"},"content":{"rendered":"<figure id=\"attachment_49539\" aria-describedby=\"caption-attachment-49539\" style=\"width: 529px\" class=\"wp-caption alignnone\"><a href=\"https:\/\/i0.wp.com\/www.eltrabajo.cl\/portal\/wp-content\/uploads\/2014\/08\/Campeonas1.jpg\"><img data-recalc-dims=\"1\" loading=\"lazy\" decoding=\"async\" class=\"size-full wp-image-49539\" alt=\"IMPARABLES.- Estas son nuestras campeonas del Torneo Comunal de los Juegos Deportivos Escolares 2014, la Selecci\u00f3n U-14 del  Colegio Marie Poussepin de Putaendo.\" src=\"https:\/\/i0.wp.com\/www.eltrabajo.cl\/portal\/wp-content\/uploads\/2014\/08\/Campeonas1.jpg?resize=529%2C305\" width=\"529\" height=\"305\" srcset=\"https:\/\/i0.wp.com\/eltrabajo.cl\/portal\/wp-content\/uploads\/2014\/08\/Campeonas1.jpg?w=529&amp;ssl=1 529w, https:\/\/i0.wp.com\/eltrabajo.cl\/portal\/wp-content\/uploads\/2014\/08\/Campeonas1.jpg?resize=200%2C115&amp;ssl=1 200w, https:\/\/i0.wp.com\/eltrabajo.cl\/portal\/wp-content\/uploads\/2014\/08\/Campeonas1.jpg?resize=300%2C172&amp;ssl=1 300w, https:\/\/i0.wp.com\/eltrabajo.cl\/portal\/wp-content\/uploads\/2014\/08\/Campeonas1.jpg?resize=150%2C86&amp;ssl=1 150w, https:\/\/i0.wp.com\/eltrabajo.cl\/portal\/wp-content\/uploads\/2014\/08\/Campeonas1.jpg?resize=400%2C230&amp;ssl=1 400w\" sizes=\"auto, (max-width: 529px) 100vw, 529px\" \/><\/a><figcaption id=\"caption-attachment-49539\" class=\"wp-caption-text\">IMPARABLES.- Estas son nuestras campeonas del Torneo Comunal de los Juegos Deportivos Escolares 2014, la Selecci\u00f3n U-14 del Colegio Marie Poussepin de Putaendo.<\/figcaption><\/figure>\n<p><strong>PUTAENDO<\/strong>.- El Colegio Marie Poussepin, luego de ganar el Torneo Comunal de los Juegos Deportivos Escolares 2014 que organiza la IND, represent\u00f3 a su comuna en la etapa provincial, dejando en el camino a los poderosos equipos de San Felipe, gan\u00e1ndose el derecho a representar a la provincia en los Juegos Regionales, donde en el primer encuentro vencieron a San Antonio 9 a 1, pasando a semifinales, ah\u00ed vencen a Villa Alemana por 8 a 4, pasando a la final regional, enfrentado a Sagrados Corazones de Valpara\u00edso, donde en un re\u00f1ido encuentro, la Selecci\u00f3n femenina de f\u00fatbol U-14 de Putaendo, se coron\u00f3 Campeona al vencer por 3 tantos a 2. Siendo su goleadora m\u00e1xima la alumna Adriana Mart\u00ednez con 11 tantos, de 20 convertidos. De la valla putaendina recibi\u00f3 s\u00f3lo 7 goles en todo el evento, mismo que se disput\u00f3 \u00edntegramente en el Estadio Lucio Fari\u00f1a Fern\u00e1ndez de Quillota, el pasado lunes y mi\u00e9rcoles.<\/p>\n<p>Desde la Coordinaci\u00f3n Comunal de Educaci\u00f3n Extraescolar se inform\u00f3 que esta es la primera vez que una selecci\u00f3n de f\u00fatbol de nuestra comuna obtiene este t\u00edtulo en esta oportunidad, fueron las alumnas del Colegio Marie Poussepin, m\u00e1s refuerzos de Santa Mar\u00eda y colegios municipales de la comuna San Felipe, todos ellos bajo la direcci\u00f3n del Coordinador Comunal Deportivo, Profesor An\u00edbal Aros M.<\/p>\n<p>El Docente y Director T\u00e9cnico de la Selecci\u00f3n Mario Arcos, quien expres\u00f3 su satisfacci\u00f3n por este logro agradeciendo a sus dirigidas el esfuerzo y el compromiso mostrado durante el proceso, como tambi\u00e9n las gestiones y apoyo del departamento de educaci\u00f3n en la persona de su Director Patricio Moreno.<\/p>\n<p>El mi\u00e9rcoles a su retorno le esperaban en la comuna, Directivos de la Unidad Educativa, el Alcalde Guillermo Reyes, el Jefe de Daem y apoderados, quienes felicitaron a las j\u00f3venes deportistas por este importante logro.<\/p>\n<p>El Alcalde Reyes se\u00f1alo que \u00abes una inmensa alegr\u00eda tras el esfuerzo desplegado por los directivos, por la Coordinaci\u00f3n Comunal Extraescolar, el Coordinador Deportivo An\u00edbal Aros y el Profesor Mario Arcos en este proceso, hab\u00eda expectativas sobre su rendimiento por su gran t\u00e9cnica futbol\u00edstica. Un gran saludos a los padres de estas ni\u00f1as que nos han asombrado con su esfuerzo, compromiso, calidad y gran t\u00e9cnica. Felicitarlas por este logro, destacar este t\u00edtulo regional que nos llena de orgullo y satisfacci\u00f3n\u00bb, coment\u00f3 Reyes.<\/p>\n<div class=\"tiled-gallery type-rectangular tiled-gallery-unresized\" data-original-width=\"640\" data-carousel-extra='null' itemscope itemtype=\"http:\/\/schema.org\/ImageGallery\" > <div class=\"gallery-row\" style=\"width: 640px; height: 263px;\" data-original-width=\"640\" data-original-height=\"263\" > <div class=\"gallery-group images-1\" style=\"width: 387px; height: 263px;\" data-original-width=\"387\" data-original-height=\"263\" > <div class=\"tiled-gallery-item tiled-gallery-item-large\" itemprop=\"associatedMedia\" itemscope itemtype=\"http:\/\/schema.org\/ImageObject\"> <a href=\"https:\/\/eltrabajo.cl\/portal\/ninas-u-14-del-marie-poussepin-ganan-campeonato-regional-de-futbol-escolar\/copa1-5\/\" border=\"0\" itemprop=\"url\"> <meta itemprop=\"width\" content=\"383\"> <meta itemprop=\"height\" content=\"259\"> <img decoding=\"async\" class=\"\" data-attachment-id=\"49540\" data-orig-file=\"https:\/\/eltrabajo.cl\/portal\/wp-content\/uploads\/2014\/08\/Copa1.jpg\" data-orig-size=\"529,358\" data-comments-opened=\"1\" data-image-meta=\"{&quot;aperture&quot;:&quot;2.8&quot;,&quot;credit&quot;:&quot;&quot;,&quot;camera&quot;:&quot;iPhone 4&quot;,&quot;caption&quot;:&quot;&quot;,&quot;created_timestamp&quot;:&quot;1406753962&quot;,&quot;copyright&quot;:&quot;&quot;,&quot;focal_length&quot;:&quot;3.85&quot;,&quot;iso&quot;:&quot;800&quot;,&quot;shutter_speed&quot;:&quot;0.058823529411765&quot;,&quot;title&quot;:&quot;&quot;}\" data-image-title=\"Copa1\" data-image-description=\"&lt;p&gt;LA COPA.- Finalizada la peque\u00f1a manifestaci\u00f3n con las que les esperaban, el Alcalde Reyes entreg\u00f3 la copa de Campeonas a la Hermana Margarita Vergara, Directora de la Escuela Marie Poussepin.&lt;\/p&gt; \" data-medium-file=\"https:\/\/i0.wp.com\/eltrabajo.cl\/portal\/wp-content\/uploads\/2014\/08\/Copa1.jpg?fit=300%2C203&#038;ssl=1\" data-large-file=\"https:\/\/i0.wp.com\/eltrabajo.cl\/portal\/wp-content\/uploads\/2014\/08\/Copa1.jpg?fit=529%2C358&#038;ssl=1\" src=\"https:\/\/i0.wp.com\/eltrabajo.cl\/portal\/wp-content\/uploads\/2014\/08\/Copa1.jpg?w=383&#038;h=259&#038;ssl=1\" srcset=\"https:\/\/i0.wp.com\/eltrabajo.cl\/portal\/wp-content\/uploads\/2014\/08\/Copa1.jpg?w=529&amp;ssl=1 529w, https:\/\/i0.wp.com\/eltrabajo.cl\/portal\/wp-content\/uploads\/2014\/08\/Copa1.jpg?resize=200%2C135&amp;ssl=1 200w, https:\/\/i0.wp.com\/eltrabajo.cl\/portal\/wp-content\/uploads\/2014\/08\/Copa1.jpg?resize=300%2C203&amp;ssl=1 300w, https:\/\/i0.wp.com\/eltrabajo.cl\/portal\/wp-content\/uploads\/2014\/08\/Copa1.jpg?resize=150%2C101&amp;ssl=1 150w, https:\/\/i0.wp.com\/eltrabajo.cl\/portal\/wp-content\/uploads\/2014\/08\/Copa1.jpg?resize=400%2C270&amp;ssl=1 400w\" width=\"383\" height=\"259\" loading=\"lazy\" data-original-width=\"383\" data-original-height=\"259\" itemprop=\"http:\/\/schema.org\/image\" title=\"Copa1\" alt=\"LA COPA.- Finalizada la peque\u00f1a manifestaci\u00f3n con las que les esperaban, el Alcalde Reyes entreg\u00f3 la copa de Campeonas a la Hermana Margarita Vergara, Directora de la Escuela Marie Poussepin.\" style=\"width: 383px; height: 259px;\" \/> <\/a> <div class=\"tiled-gallery-caption\" itemprop=\"caption description\"> LA COPA.- Finalizada la peque\u00f1a manifestaci\u00f3n con las que les esperaban, el Alcalde Reyes entreg\u00f3 la copa de Campeonas a la Hermana Margarita Vergara, Directora de la Escuela Marie Poussepin. <\/div> <\/div> <\/div> <!-- close group --> <div class=\"gallery-group images-1\" style=\"width: 253px; height: 263px;\" data-original-width=\"253\" data-original-height=\"263\" > <div class=\"tiled-gallery-item tiled-gallery-item-small\" itemprop=\"associatedMedia\" itemscope itemtype=\"http:\/\/schema.org\/ImageObject\"> <a href=\"https:\/\/eltrabajo.cl\/portal\/ninas-u-14-del-marie-poussepin-ganan-campeonato-regional-de-futbol-escolar\/mejor1\/\" border=\"0\" itemprop=\"url\"> <meta itemprop=\"width\" content=\"249\"> <meta itemprop=\"height\" content=\"259\"> <img decoding=\"async\" class=\"\" data-attachment-id=\"49541\" data-orig-file=\"https:\/\/eltrabajo.cl\/portal\/wp-content\/uploads\/2014\/08\/Mejor1.jpg\" data-orig-size=\"529,552\" data-comments-opened=\"1\" data-image-meta=\"{&quot;aperture&quot;:&quot;2.8&quot;,&quot;credit&quot;:&quot;&quot;,&quot;camera&quot;:&quot;iPhone 4&quot;,&quot;caption&quot;:&quot;&quot;,&quot;created_timestamp&quot;:&quot;1406753615&quot;,&quot;copyright&quot;:&quot;&quot;,&quot;focal_length&quot;:&quot;3.85&quot;,&quot;iso&quot;:&quot;640&quot;,&quot;shutter_speed&quot;:&quot;0.058823529411765&quot;,&quot;title&quot;:&quot;&quot;}\" data-image-title=\"Mejor1\" data-image-description=\"&lt;p&gt;LA MEJOR DEL TORNEO.- Adrianita Mart\u00ednez se coron\u00f3 como la m\u00e1xima artillera del torneo.&lt;\/p&gt; \" data-medium-file=\"https:\/\/i0.wp.com\/eltrabajo.cl\/portal\/wp-content\/uploads\/2014\/08\/Mejor1.jpg?fit=287%2C300&#038;ssl=1\" data-large-file=\"https:\/\/i0.wp.com\/eltrabajo.cl\/portal\/wp-content\/uploads\/2014\/08\/Mejor1.jpg?fit=529%2C552&#038;ssl=1\" src=\"https:\/\/i0.wp.com\/eltrabajo.cl\/portal\/wp-content\/uploads\/2014\/08\/Mejor1.jpg?w=249&#038;h=259&#038;ssl=1\" srcset=\"https:\/\/i0.wp.com\/eltrabajo.cl\/portal\/wp-content\/uploads\/2014\/08\/Mejor1.jpg?w=529&amp;ssl=1 529w, https:\/\/i0.wp.com\/eltrabajo.cl\/portal\/wp-content\/uploads\/2014\/08\/Mejor1.jpg?resize=143%2C150&amp;ssl=1 143w, https:\/\/i0.wp.com\/eltrabajo.cl\/portal\/wp-content\/uploads\/2014\/08\/Mejor1.jpg?resize=287%2C300&amp;ssl=1 287w, https:\/\/i0.wp.com\/eltrabajo.cl\/portal\/wp-content\/uploads\/2014\/08\/Mejor1.jpg?resize=400%2C417&amp;ssl=1 400w\" width=\"249\" height=\"259\" loading=\"lazy\" data-original-width=\"249\" data-original-height=\"259\" itemprop=\"http:\/\/schema.org\/image\" title=\"Mejor1\" alt=\"LA MEJOR DEL TORNEO.- Adrianita Mart\u00ednez se coron\u00f3 como la m\u00e1xima artillera del torneo.\" style=\"width: 249px; height: 259px;\" \/> <\/a> <div class=\"tiled-gallery-caption\" itemprop=\"caption description\"> LA MEJOR DEL TORNEO.- Adrianita Mart\u00ednez se coron\u00f3 como la m\u00e1xima artillera del torneo. <\/div> <\/div> <\/div> <!-- close group --> <\/div> <!-- close row --> <\/div>\n","protected":false},"excerpt":{"rendered":"<p>PUTAENDO.- El Colegio Marie Poussepin, luego de ganar el Torneo Comunal de los Juegos Deportivos Escolares 2014 que organiza la IND, represent\u00f3 a su comuna en la etapa provincial, dejando en el&#8230;<\/p>\n","protected":false},"author":482,"featured_media":49539,"comment_status":"open","ping_status":"closed","sticky":false,"template":"","format":"standard","meta":{"advanced_seo_description":"","jetpack_seo_html_title":"","jetpack_seo_noindex":false,"_jetpack_memberships_contains_paid_content":false,"footnotes":""},"categories":[15],"tags":[],"class_list":["post-49538","post","type-post","status-publish","format-standard","has-post-thumbnail","hentry","category-comunidad"],"jetpack_featured_media_url":"https:\/\/i0.wp.com\/eltrabajo.cl\/portal\/wp-content\/uploads\/2014\/08\/Campeonas1.jpg?fit=529%2C305&ssl=1","jetpack_sharing_enabled":true,"jetpack_likes_enabled":true,"jetpack-related-posts":[],"_links":{"self":[{"href":"https:\/\/eltrabajo.cl\/portal\/wp-json\/wp\/v2\/posts\/49538","targetHints":{"allow":["GET"]}}],"collection":[{"href":"https:\/\/eltrabajo.cl\/portal\/wp-json\/wp\/v2\/posts"}],"about":[{"href":"https:\/\/eltrabajo.cl\/portal\/wp-json\/wp\/v2\/types\/post"}],"author":[{"embeddable":true,"href":"https:\/\/eltrabajo.cl\/portal\/wp-json\/wp\/v2\/users\/482"}],"replies":[{"embeddable":true,"href":"https:\/\/eltrabajo.cl\/portal\/wp-json\/wp\/v2\/comments?post=49538"}],"version-history":[{"count":0,"href":"https:\/\/eltrabajo.cl\/portal\/wp-json\/wp\/v2\/posts\/49538\/revisions"}],"wp:featuredmedia":[{"embeddable":true,"href":"https:\/\/eltrabajo.cl\/portal\/wp-json\/wp\/v2\/media\/49539"}],"wp:attachment":[{"href":"https:\/\/eltrabajo.cl\/portal\/wp-json\/wp\/v2\/media?parent=49538"}],"wp:term":[{"taxonomy":"category","embeddable":true,"href":"https:\/\/eltrabajo.cl\/portal\/wp-json\/wp\/v2\/categories?post=49538"},{"taxonomy":"post_tag","embeddable":true,"href":"https:\/\/eltrabajo.cl\/portal\/wp-json\/wp\/v2\/tags?post=49538"}],"curies":[{"name":"wp","href":"https:\/\/api.w.org\/{rel}","templated":true}]}}