{"id":49544,"date":"2014-08-01T09:31:57","date_gmt":"2014-08-01T13:31:57","guid":{"rendered":"http:\/\/www.eltrabajo.cl\/portal\/?p=49544"},"modified":"2014-08-01T09:32:24","modified_gmt":"2014-08-01T13:32:24","slug":"club-vida-nueva-celebro-sus-16-anos-de-trabajo-social-en-san-felipe","status":"publish","type":"post","link":"https:\/\/eltrabajo.cl\/portal\/club-vida-nueva-celebro-sus-16-anos-de-trabajo-social-en-san-felipe\/","title":{"rendered":"Club Vida Nueva celebr\u00f3 sus 16 a\u00f1os de trabajo social en San Felipe"},"content":{"rendered":"<figure id=\"attachment_49545\" aria-describedby=\"caption-attachment-49545\" style=\"width: 529px\" class=\"wp-caption alignnone\"><a href=\"https:\/\/i0.wp.com\/www.eltrabajo.cl\/portal\/wp-content\/uploads\/2014\/08\/Grupal1.jpg\"><img data-recalc-dims=\"1\" loading=\"lazy\" decoding=\"async\" class=\"size-full wp-image-49545\" alt=\"16 A\u00d1OS DE ALEGR\u00cdA.- Con alegre m\u00fasica, bebidas y pastel, este jueves se celebr\u00f3 el 16\u00ba aniversario del Club Rehabilitaci\u00f3n psicosocial Nueva Vida de San Felipe.\" src=\"https:\/\/i0.wp.com\/www.eltrabajo.cl\/portal\/wp-content\/uploads\/2014\/08\/Grupal1.jpg?resize=529%2C358\" width=\"529\" height=\"358\" srcset=\"https:\/\/i0.wp.com\/eltrabajo.cl\/portal\/wp-content\/uploads\/2014\/08\/Grupal1.jpg?w=529&amp;ssl=1 529w, https:\/\/i0.wp.com\/eltrabajo.cl\/portal\/wp-content\/uploads\/2014\/08\/Grupal1.jpg?resize=200%2C135&amp;ssl=1 200w, https:\/\/i0.wp.com\/eltrabajo.cl\/portal\/wp-content\/uploads\/2014\/08\/Grupal1.jpg?resize=300%2C203&amp;ssl=1 300w, https:\/\/i0.wp.com\/eltrabajo.cl\/portal\/wp-content\/uploads\/2014\/08\/Grupal1.jpg?resize=150%2C101&amp;ssl=1 150w, https:\/\/i0.wp.com\/eltrabajo.cl\/portal\/wp-content\/uploads\/2014\/08\/Grupal1.jpg?resize=400%2C270&amp;ssl=1 400w\" sizes=\"auto, (max-width: 529px) 100vw, 529px\" \/><\/a><figcaption id=\"caption-attachment-49545\" class=\"wp-caption-text\">16 A\u00d1OS DE ALEGR\u00cdA.- Con alegre m\u00fasica, bebidas y pastel, este jueves se celebr\u00f3 el 16\u00ba aniversario del Club Rehabilitaci\u00f3n psicosocial Nueva Vida de San Felipe.<\/figcaption><\/figure>\n<p>La ma\u00f1ana de este jueves se celebr\u00f3 el 16\u00ba aniversario del Club Rehabilitaci\u00f3n psicosocial Nueva Vida de San Felipe, acto al que tambi\u00e9n asistieron usuarios del Club Rehabilitaci\u00f3n psicosocial Esperanza de Los Andes, evento efectuado en Calle Freire N\u00ba24. Se trata de unas 36 personas que regularmente son atendidas en estas agrupaciones de bien social, mismas que se sostienen gracias a la cooperaci\u00f3n de amigos de los mismos proyectos, as\u00ed como de los recursos que logran recibir postulando a fondos concursables de Codelco, Fondeca y Presidente de la Rep\u00fablica entre otros.<\/p>\n<p>\u00abEstamos muy motivados con el trabajo logrado durante estos 16 a\u00f1os de estar al servicio de nuestros usuarios, ellos ac\u00e1 logran participar activamente en talleres de amasander\u00eda, manualidades y hasta la fabricaci\u00f3n de jabones, estoy muy agradecido tambi\u00e9n con todas aquellas personas que nos cooperan en tantas cosas\u00bb, coment\u00f3 a Diario El Trabajo el Presidente del Club Rehabilitaci\u00f3n psicosocial Nueva Vida de San Felipe, Juan Aguirre Salinas.<\/p>\n<p>Por su parte la Presidente del Club Esperanza de Los Andes, Luisa Sep\u00falveda Vivar, coment\u00f3 que \u00abagradezco profundamente la oportunidad que Dios me ha dado de estar al servicio de estar personas, creo que el Estado no ha cumplido a cabalidad con este segmento tan especial de nuestra poblaci\u00f3n\u00bb, coment\u00f3 Sep\u00falveda.<\/p>\n<p><strong>USUARIOS ALEGRES<\/strong><\/p>\n<p>Los usuarios de estos clubes son personas que por algunas condiciones especiales de su desarrollo biopsicosocial no han logrado disfrutar de condiciones ni oportunidades de igualdad para su pleno desarrollo como personas, por lo que han encontrado en estas agrupaciones un sitio ideal para socializar con sus pares y el entorno.<\/p>\n<p>\u00abAprend\u00ed a fabricar jabones perfumados, los vendo a $1.000 cada uno, amistades me los compran y con ellos me ayudo y a mi familia, estoy muy agradecido con estas oportunidades\u00bb, coment\u00f3 con optimismo Jorge Cabezas, usuario andino del Club Esperanza.<\/p>\n<p>Por su parte uno de los integrantes m\u00e1s avanzados del Club Nueva Vida de San Felipe, Marcos Montenegro Caballero, vecino de Villa El Se\u00f1orial, coment\u00f3 que \u00abrecientemente fui promovido de etapa, esto significa que varias metas en mi desarrollo social las he logrado, ahora voy por m\u00e1s en busca de nuevos derroteros para mi vida, agradezco a todos los usuarios y encargados del club, pues sin ellos no lo pude lograr solo\u00bb.<\/p>\n<p>Roberto Gonz\u00e1lez Short<\/p>\n<p>rgonzalez@eltrabajo.cl<\/p>\n<div class=\"tiled-gallery type-rectangular tiled-gallery-unresized\" data-original-width=\"640\" data-carousel-extra='null' itemscope itemtype=\"http:\/\/schema.org\/ImageGallery\" > <div class=\"gallery-row\" style=\"width: 640px; height: 429px;\" data-original-width=\"640\" data-original-height=\"429\" > <div class=\"gallery-group images-1\" style=\"width: 426px; height: 429px;\" data-original-width=\"426\" data-original-height=\"429\" > <div class=\"tiled-gallery-item tiled-gallery-item-large\" itemprop=\"associatedMedia\" itemscope itemtype=\"http:\/\/schema.org\/ImageObject\"> <a href=\"https:\/\/eltrabajo.cl\/portal\/club-vida-nueva-celebro-sus-16-anos-de-trabajo-social-en-san-felipe\/juan-aguirre-salinas\/\" border=\"0\" itemprop=\"url\"> <meta itemprop=\"width\" content=\"422\"> <meta itemprop=\"height\" content=\"425\"> <img decoding=\"async\" class=\"\" data-attachment-id=\"49547\" data-orig-file=\"https:\/\/eltrabajo.cl\/portal\/wp-content\/uploads\/2014\/08\/Juan-Aguirre-Salinas.jpg\" data-orig-size=\"529,533\" data-comments-opened=\"1\" data-image-meta=\"{&quot;aperture&quot;:&quot;4.5&quot;,&quot;credit&quot;:&quot;&quot;,&quot;camera&quot;:&quot;Canon EOS REBEL T1i&quot;,&quot;caption&quot;:&quot;&quot;,&quot;created_timestamp&quot;:&quot;1406816775&quot;,&quot;copyright&quot;:&quot;&quot;,&quot;focal_length&quot;:&quot;32&quot;,&quot;iso&quot;:&quot;400&quot;,&quot;shutter_speed&quot;:&quot;0.016666666666667&quot;,&quot;title&quot;:&quot;&quot;}\" data-image-title=\"Juan Aguirre Salinas\" data-image-description=\"&lt;p&gt;Presidente del Club Rehabilitaci\u00f3n psicosocial Nueva Vida de San Felipe, Juan Aguirre Salinas.&lt;\/p&gt; \" data-medium-file=\"https:\/\/i0.wp.com\/eltrabajo.cl\/portal\/wp-content\/uploads\/2014\/08\/Juan-Aguirre-Salinas.jpg?fit=297%2C300&#038;ssl=1\" data-large-file=\"https:\/\/i0.wp.com\/eltrabajo.cl\/portal\/wp-content\/uploads\/2014\/08\/Juan-Aguirre-Salinas.jpg?fit=529%2C533&#038;ssl=1\" src=\"https:\/\/i0.wp.com\/eltrabajo.cl\/portal\/wp-content\/uploads\/2014\/08\/Juan-Aguirre-Salinas.jpg?w=422&#038;h=425&#038;ssl=1\" srcset=\"https:\/\/i0.wp.com\/eltrabajo.cl\/portal\/wp-content\/uploads\/2014\/08\/Juan-Aguirre-Salinas.jpg?w=529&amp;ssl=1 529w, https:\/\/i0.wp.com\/eltrabajo.cl\/portal\/wp-content\/uploads\/2014\/08\/Juan-Aguirre-Salinas.jpg?resize=148%2C150&amp;ssl=1 148w, https:\/\/i0.wp.com\/eltrabajo.cl\/portal\/wp-content\/uploads\/2014\/08\/Juan-Aguirre-Salinas.jpg?resize=297%2C300&amp;ssl=1 297w, https:\/\/i0.wp.com\/eltrabajo.cl\/portal\/wp-content\/uploads\/2014\/08\/Juan-Aguirre-Salinas.jpg?resize=400%2C403&amp;ssl=1 400w\" width=\"422\" height=\"425\" loading=\"lazy\" data-original-width=\"422\" data-original-height=\"425\" itemprop=\"http:\/\/schema.org\/image\" title=\"Juan Aguirre Salinas\" alt=\"Presidente del Club Rehabilitaci\u00f3n psicosocial Nueva Vida de San Felipe, Juan Aguirre Salinas.\" style=\"width: 422px; height: 425px;\" \/> <\/a> <div class=\"tiled-gallery-caption\" itemprop=\"caption description\"> Presidente del Club Rehabilitaci\u00f3n psicosocial Nueva Vida de San Felipe, Juan Aguirre Salinas. <\/div> <\/div> <\/div> <!-- close group --> <div class=\"gallery-group images-2\" style=\"width: 214px; height: 429px;\" data-original-width=\"214\" data-original-height=\"429\" > <div class=\"tiled-gallery-item tiled-gallery-item-small\" itemprop=\"associatedMedia\" itemscope itemtype=\"http:\/\/schema.org\/ImageObject\"> <a href=\"https:\/\/eltrabajo.cl\/portal\/club-vida-nueva-celebro-sus-16-anos-de-trabajo-social-en-san-felipe\/jorge-cabezas\/\" border=\"0\" itemprop=\"url\"> <meta itemprop=\"width\" content=\"210\"> <meta itemprop=\"height\" content=\"206\"> <img decoding=\"async\" class=\"\" data-attachment-id=\"49546\" data-orig-file=\"https:\/\/eltrabajo.cl\/portal\/wp-content\/uploads\/2014\/08\/Jorge-Cabezas.jpg\" data-orig-size=\"529,519\" data-comments-opened=\"1\" data-image-meta=\"{&quot;aperture&quot;:&quot;4&quot;,&quot;credit&quot;:&quot;&quot;,&quot;camera&quot;:&quot;Canon EOS REBEL T1i&quot;,&quot;caption&quot;:&quot;&quot;,&quot;created_timestamp&quot;:&quot;1406817068&quot;,&quot;copyright&quot;:&quot;&quot;,&quot;focal_length&quot;:&quot;23&quot;,&quot;iso&quot;:&quot;400&quot;,&quot;shutter_speed&quot;:&quot;0.016666666666667&quot;,&quot;title&quot;:&quot;&quot;}\" data-image-title=\"Jorge Cabezas\" data-image-description=\"&lt;p&gt;Jorge Cabezas, usuario andino del Club Esperanza de Los Andes.&lt;\/p&gt; \" data-medium-file=\"https:\/\/i0.wp.com\/eltrabajo.cl\/portal\/wp-content\/uploads\/2014\/08\/Jorge-Cabezas.jpg?fit=300%2C294&#038;ssl=1\" data-large-file=\"https:\/\/i0.wp.com\/eltrabajo.cl\/portal\/wp-content\/uploads\/2014\/08\/Jorge-Cabezas.jpg?fit=529%2C519&#038;ssl=1\" src=\"https:\/\/i0.wp.com\/eltrabajo.cl\/portal\/wp-content\/uploads\/2014\/08\/Jorge-Cabezas.jpg?w=210&#038;h=206&#038;ssl=1\" srcset=\"https:\/\/i0.wp.com\/eltrabajo.cl\/portal\/wp-content\/uploads\/2014\/08\/Jorge-Cabezas.jpg?w=529&amp;ssl=1 529w, https:\/\/i0.wp.com\/eltrabajo.cl\/portal\/wp-content\/uploads\/2014\/08\/Jorge-Cabezas.jpg?resize=152%2C150&amp;ssl=1 152w, https:\/\/i0.wp.com\/eltrabajo.cl\/portal\/wp-content\/uploads\/2014\/08\/Jorge-Cabezas.jpg?resize=300%2C294&amp;ssl=1 300w, https:\/\/i0.wp.com\/eltrabajo.cl\/portal\/wp-content\/uploads\/2014\/08\/Jorge-Cabezas.jpg?resize=150%2C147&amp;ssl=1 150w, https:\/\/i0.wp.com\/eltrabajo.cl\/portal\/wp-content\/uploads\/2014\/08\/Jorge-Cabezas.jpg?resize=400%2C392&amp;ssl=1 400w\" width=\"210\" height=\"206\" loading=\"lazy\" data-original-width=\"210\" data-original-height=\"206\" itemprop=\"http:\/\/schema.org\/image\" title=\"Jorge Cabezas\" alt=\"Jorge Cabezas, usuario andino del Club Esperanza de Los Andes.\" style=\"width: 210px; height: 206px;\" \/> <\/a> <div class=\"tiled-gallery-caption\" itemprop=\"caption description\"> Jorge Cabezas, usuario andino del Club Esperanza de Los Andes. <\/div> <\/div> <div class=\"tiled-gallery-item tiled-gallery-item-small\" itemprop=\"associatedMedia\" itemscope itemtype=\"http:\/\/schema.org\/ImageObject\"> <a href=\"https:\/\/eltrabajo.cl\/portal\/club-vida-nueva-celebro-sus-16-anos-de-trabajo-social-en-san-felipe\/luisa-sepulveda-vivar\/\" border=\"0\" itemprop=\"url\"> <meta itemprop=\"width\" content=\"210\"> <meta itemprop=\"height\" content=\"215\"> <img decoding=\"async\" class=\"\" data-attachment-id=\"49548\" data-orig-file=\"https:\/\/eltrabajo.cl\/portal\/wp-content\/uploads\/2014\/08\/Luisa-Sepulveda-Vivar.jpg\" data-orig-size=\"529,540\" data-comments-opened=\"1\" data-image-meta=\"{&quot;aperture&quot;:&quot;4.5&quot;,&quot;credit&quot;:&quot;&quot;,&quot;camera&quot;:&quot;Canon EOS REBEL T1i&quot;,&quot;caption&quot;:&quot;&quot;,&quot;created_timestamp&quot;:&quot;1406816799&quot;,&quot;copyright&quot;:&quot;&quot;,&quot;focal_length&quot;:&quot;34&quot;,&quot;iso&quot;:&quot;400&quot;,&quot;shutter_speed&quot;:&quot;0.016666666666667&quot;,&quot;title&quot;:&quot;&quot;}\" data-image-title=\"Luisa Sepulveda Vivar\" data-image-description=\"&lt;p&gt;Presidente del Club Esperanza de Los Andes, Luisa Sep\u00falveda Vivar.&lt;\/p&gt; \" data-medium-file=\"https:\/\/i0.wp.com\/eltrabajo.cl\/portal\/wp-content\/uploads\/2014\/08\/Luisa-Sepulveda-Vivar.jpg?fit=293%2C300&#038;ssl=1\" data-large-file=\"https:\/\/i0.wp.com\/eltrabajo.cl\/portal\/wp-content\/uploads\/2014\/08\/Luisa-Sepulveda-Vivar.jpg?fit=529%2C540&#038;ssl=1\" src=\"https:\/\/i0.wp.com\/eltrabajo.cl\/portal\/wp-content\/uploads\/2014\/08\/Luisa-Sepulveda-Vivar.jpg?w=210&#038;h=215&#038;ssl=1\" srcset=\"https:\/\/i0.wp.com\/eltrabajo.cl\/portal\/wp-content\/uploads\/2014\/08\/Luisa-Sepulveda-Vivar.jpg?w=529&amp;ssl=1 529w, https:\/\/i0.wp.com\/eltrabajo.cl\/portal\/wp-content\/uploads\/2014\/08\/Luisa-Sepulveda-Vivar.jpg?resize=146%2C150&amp;ssl=1 146w, https:\/\/i0.wp.com\/eltrabajo.cl\/portal\/wp-content\/uploads\/2014\/08\/Luisa-Sepulveda-Vivar.jpg?resize=293%2C300&amp;ssl=1 293w, https:\/\/i0.wp.com\/eltrabajo.cl\/portal\/wp-content\/uploads\/2014\/08\/Luisa-Sepulveda-Vivar.jpg?resize=400%2C408&amp;ssl=1 400w\" width=\"210\" height=\"215\" loading=\"lazy\" data-original-width=\"210\" data-original-height=\"215\" itemprop=\"http:\/\/schema.org\/image\" title=\"Luisa Sepulveda Vivar\" alt=\"Presidente del Club Esperanza de Los Andes, Luisa Sep\u00falveda Vivar.\" style=\"width: 210px; height: 215px;\" \/> <\/a> <div class=\"tiled-gallery-caption\" itemprop=\"caption description\"> Presidente del Club Esperanza de Los Andes, Luisa Sep\u00falveda Vivar. <\/div> <\/div> <\/div> <!-- close group --> <\/div> <!-- close row --> <div class=\"gallery-row\" style=\"width: 640px; height: 624px;\" data-original-width=\"640\" data-original-height=\"624\" > <div class=\"gallery-group images-1\" style=\"width: 640px; height: 624px;\" data-original-width=\"640\" data-original-height=\"624\" > <div class=\"tiled-gallery-item tiled-gallery-item-large\" itemprop=\"associatedMedia\" itemscope itemtype=\"http:\/\/schema.org\/ImageObject\"> <a href=\"https:\/\/eltrabajo.cl\/portal\/club-vida-nueva-celebro-sus-16-anos-de-trabajo-social-en-san-felipe\/marcos-montenegro\/\" border=\"0\" itemprop=\"url\"> <meta itemprop=\"width\" content=\"636\"> <meta itemprop=\"height\" content=\"620\"> <img decoding=\"async\" class=\"\" data-attachment-id=\"49549\" data-orig-file=\"https:\/\/eltrabajo.cl\/portal\/wp-content\/uploads\/2014\/08\/Marcos-Montenegro.jpg\" data-orig-size=\"529,516\" data-comments-opened=\"1\" data-image-meta=\"{&quot;aperture&quot;:&quot;4&quot;,&quot;credit&quot;:&quot;&quot;,&quot;camera&quot;:&quot;Canon EOS REBEL T1i&quot;,&quot;caption&quot;:&quot;&quot;,&quot;created_timestamp&quot;:&quot;1406817189&quot;,&quot;copyright&quot;:&quot;&quot;,&quot;focal_length&quot;:&quot;23&quot;,&quot;iso&quot;:&quot;400&quot;,&quot;shutter_speed&quot;:&quot;0.016666666666667&quot;,&quot;title&quot;:&quot;&quot;}\" data-image-title=\"Marcos Montenegro\" data-image-description=\"&lt;p&gt;Uno de los integrantes m\u00e1s avanzados del Club Nueva Vida de San Felipe, Marcos Montenegro Caballero, vecino de Villa El Se\u00f1orial.&lt;\/p&gt; \" data-medium-file=\"https:\/\/i0.wp.com\/eltrabajo.cl\/portal\/wp-content\/uploads\/2014\/08\/Marcos-Montenegro.jpg?fit=300%2C292&#038;ssl=1\" data-large-file=\"https:\/\/i0.wp.com\/eltrabajo.cl\/portal\/wp-content\/uploads\/2014\/08\/Marcos-Montenegro.jpg?fit=529%2C516&#038;ssl=1\" src=\"https:\/\/i0.wp.com\/eltrabajo.cl\/portal\/wp-content\/uploads\/2014\/08\/Marcos-Montenegro.jpg?w=636&#038;h=620&#038;ssl=1\" srcset=\"https:\/\/i0.wp.com\/eltrabajo.cl\/portal\/wp-content\/uploads\/2014\/08\/Marcos-Montenegro.jpg?w=529&amp;ssl=1 529w, https:\/\/i0.wp.com\/eltrabajo.cl\/portal\/wp-content\/uploads\/2014\/08\/Marcos-Montenegro.jpg?resize=153%2C150&amp;ssl=1 153w, https:\/\/i0.wp.com\/eltrabajo.cl\/portal\/wp-content\/uploads\/2014\/08\/Marcos-Montenegro.jpg?resize=300%2C292&amp;ssl=1 300w, https:\/\/i0.wp.com\/eltrabajo.cl\/portal\/wp-content\/uploads\/2014\/08\/Marcos-Montenegro.jpg?resize=150%2C146&amp;ssl=1 150w, https:\/\/i0.wp.com\/eltrabajo.cl\/portal\/wp-content\/uploads\/2014\/08\/Marcos-Montenegro.jpg?resize=400%2C390&amp;ssl=1 400w\" width=\"636\" height=\"620\" loading=\"lazy\" data-original-width=\"636\" data-original-height=\"620\" itemprop=\"http:\/\/schema.org\/image\" title=\"Marcos Montenegro\" alt=\"Uno de los integrantes m\u00e1s avanzados del Club Nueva Vida de San Felipe, Marcos Montenegro Caballero, vecino de Villa El Se\u00f1orial.\" style=\"width: 636px; height: 620px;\" \/> <\/a> <div class=\"tiled-gallery-caption\" itemprop=\"caption description\"> Uno de los integrantes m\u00e1s avanzados del Club Nueva Vida de San Felipe, Marcos Montenegro Caballero, vecino de Villa El Se\u00f1orial. <\/div> <\/div> <\/div> <!-- close group --> <\/div> <!-- close row --> <\/div>\n","protected":false},"excerpt":{"rendered":"<p>La ma\u00f1ana de este jueves se celebr\u00f3 el 16\u00ba aniversario del Club Rehabilitaci\u00f3n psicosocial Nueva Vida de San Felipe, acto al que tambi\u00e9n asistieron usuarios del Club Rehabilitaci\u00f3n psicosocial Esperanza de Los&#8230;<\/p>\n","protected":false},"author":482,"featured_media":49545,"comment_status":"open","ping_status":"closed","sticky":false,"template":"","format":"standard","meta":{"advanced_seo_description":"","jetpack_seo_html_title":"","jetpack_seo_noindex":false,"_jetpack_memberships_contains_paid_content":false,"footnotes":""},"categories":[15],"tags":[],"class_list":["post-49544","post","type-post","status-publish","format-standard","has-post-thumbnail","hentry","category-comunidad"],"jetpack_featured_media_url":"https:\/\/i0.wp.com\/eltrabajo.cl\/portal\/wp-content\/uploads\/2014\/08\/Grupal1.jpg?fit=529%2C358&ssl=1","jetpack_sharing_enabled":true,"jetpack_likes_enabled":true,"jetpack-related-posts":[],"_links":{"self":[{"href":"https:\/\/eltrabajo.cl\/portal\/wp-json\/wp\/v2\/posts\/49544","targetHints":{"allow":["GET"]}}],"collection":[{"href":"https:\/\/eltrabajo.cl\/portal\/wp-json\/wp\/v2\/posts"}],"about":[{"href":"https:\/\/eltrabajo.cl\/portal\/wp-json\/wp\/v2\/types\/post"}],"author":[{"embeddable":true,"href":"https:\/\/eltrabajo.cl\/portal\/wp-json\/wp\/v2\/users\/482"}],"replies":[{"embeddable":true,"href":"https:\/\/eltrabajo.cl\/portal\/wp-json\/wp\/v2\/comments?post=49544"}],"version-history":[{"count":0,"href":"https:\/\/eltrabajo.cl\/portal\/wp-json\/wp\/v2\/posts\/49544\/revisions"}],"wp:featuredmedia":[{"embeddable":true,"href":"https:\/\/eltrabajo.cl\/portal\/wp-json\/wp\/v2\/media\/49545"}],"wp:attachment":[{"href":"https:\/\/eltrabajo.cl\/portal\/wp-json\/wp\/v2\/media?parent=49544"}],"wp:term":[{"taxonomy":"category","embeddable":true,"href":"https:\/\/eltrabajo.cl\/portal\/wp-json\/wp\/v2\/categories?post=49544"},{"taxonomy":"post_tag","embeddable":true,"href":"https:\/\/eltrabajo.cl\/portal\/wp-json\/wp\/v2\/tags?post=49544"}],"curies":[{"name":"wp","href":"https:\/\/api.w.org\/{rel}","templated":true}]}}