{"id":49554,"date":"2014-08-01T09:35:12","date_gmt":"2014-08-01T13:35:12","guid":{"rendered":"http:\/\/www.eltrabajo.cl\/portal\/?p=49554"},"modified":"2014-08-01T09:35:12","modified_gmt":"2014-08-01T13:35:12","slug":"concejal-denuncia-a-empresario-agricola-por-adulterar-cauce-de-estero","status":"publish","type":"post","link":"https:\/\/eltrabajo.cl\/portal\/concejal-denuncia-a-empresario-agricola-por-adulterar-cauce-de-estero\/","title":{"rendered":"Concejal denuncia a empresario agr\u00edcola por adulterar cauce de estero"},"content":{"rendered":"<figure id=\"attachment_49555\" aria-describedby=\"caption-attachment-49555\" style=\"width: 317px\" class=\"wp-caption alignleft\"><a href=\"https:\/\/i0.wp.com\/www.eltrabajo.cl\/portal\/wp-content\/uploads\/2014\/08\/CONCEJAL-CARLOS-GALLARDO.jpg\"><img data-recalc-dims=\"1\" loading=\"lazy\" decoding=\"async\" class=\" wp-image-49555 \" alt=\"El Concejal Carlos Gallardo denunci\u00f3 p\u00fablicamente al empresario que arroj\u00f3 escombros a la orilla del estero y que pretender\u00eda cerrar un camino p\u00fablico.\" src=\"https:\/\/i0.wp.com\/www.eltrabajo.cl\/portal\/wp-content\/uploads\/2014\/08\/CONCEJAL-CARLOS-GALLARDO.jpg?resize=317%2C215\" width=\"317\" height=\"215\" srcset=\"https:\/\/i0.wp.com\/eltrabajo.cl\/portal\/wp-content\/uploads\/2014\/08\/CONCEJAL-CARLOS-GALLARDO.jpg?w=529&amp;ssl=1 529w, https:\/\/i0.wp.com\/eltrabajo.cl\/portal\/wp-content\/uploads\/2014\/08\/CONCEJAL-CARLOS-GALLARDO.jpg?resize=200%2C135&amp;ssl=1 200w, https:\/\/i0.wp.com\/eltrabajo.cl\/portal\/wp-content\/uploads\/2014\/08\/CONCEJAL-CARLOS-GALLARDO.jpg?resize=300%2C203&amp;ssl=1 300w, https:\/\/i0.wp.com\/eltrabajo.cl\/portal\/wp-content\/uploads\/2014\/08\/CONCEJAL-CARLOS-GALLARDO.jpg?resize=150%2C101&amp;ssl=1 150w, https:\/\/i0.wp.com\/eltrabajo.cl\/portal\/wp-content\/uploads\/2014\/08\/CONCEJAL-CARLOS-GALLARDO.jpg?resize=400%2C270&amp;ssl=1 400w\" sizes=\"auto, (max-width: 317px) 100vw, 317px\" \/><\/a><figcaption id=\"caption-attachment-49555\" class=\"wp-caption-text\">El Concejal Carlos Gallardo denunci\u00f3 p\u00fablicamente al empresario que arroj\u00f3 escombros a la orilla del estero y que pretender\u00eda cerrar un camino p\u00fablico.<\/figcaption><\/figure>\n<ul>\n<li><strong>Edil asegura que adem\u00e1s intenta colocar un port\u00f3n para cerrar un camino que es p\u00fablico.<\/strong><\/li>\n<\/ul>\n<p><strong>PUTAENDO.<\/strong>&#8211; Una grave denuncia en contra del empresario Jos\u00e9 Manuel C\u00e1rter realiz\u00f3 el Concejal Carlos Gallardo Lobos, a quien acusa de haber adulterado el cauce de un estero y pretender adem\u00e1s instalar un port\u00f3n para prohibir el paso a un camino que en palabras del concejal, es totalmente p\u00fablico.<\/p>\n<p>Carlos Gallardo sostuvo que el empresario Jos\u00e9 Manuel C\u00e1rter mand\u00f3 a arrojar una gran cantidad de escombros y ramas al estero que pasa frente al Fundo La Quebrada, de propiedad de C\u00e1rter, y frente al Hospital Psiqui\u00e1trico, e indic\u00f3 que esto es sumamente grave, pues si eventualmente se registrara una crecida del estero por una intensa lluvia, todo ese material ser\u00e1 arrastrado aguas abajo, y ser\u00e1n los vecinos de Villa Los Olivos y calle Jos\u00e9 Antonio Salinas los que se ver\u00e1n perjudicados por la acci\u00f3n del empresario.<\/p>\n<p>Adem\u00e1s, el Concejal Gallardo se\u00f1al\u00f3 que hoy Jos\u00e9 Manuel C\u00e1rter ha mandado a instalar dos pilares de fierro, pues en los pr\u00f3ximos d\u00edas colocar\u00e1 un port\u00f3n un poco m\u00e1s arriba del Hospital Psiqui\u00e1trico para impedir el acceso de veh\u00edculos y peatones, lo que calific\u00f3 como un hecho ilegal, ya que ese camino es de libre acceso hasta el sector de Los Corrales que est\u00e1n mucho m\u00e1s arriba y sus propiedades est\u00e1n claramente reguladas por cierres perimetrales, ante lo cual el edil manifest\u00f3 que estos dos hechos son un abuso m\u00e1s del empresario Jos\u00e9 Manuel C\u00e1rter.<\/p>\n<p><strong>VERSI\u00d3N DEL MUNICIPIO<\/strong><\/p>\n<p>Indagamos sobre estos temas, espec\u00edficamente en la Direcci\u00f3n de Obras de la Municipalidad de Putaendo, y se nos confirm\u00f3 que hace un par de semanas el empresario Jos\u00e9 Manuel C\u00e1rter acudi\u00f3 a dicho departamento municipal, luego que fuera notificado por un inspector por estar arrojando arbustos y material a orilla de estero, y en aquella ocasi\u00f3n el empresario habr\u00eda indicado al Director de Obras que estaba en todo su derecho de arrojar ese material a orilla de estero, pues el camino lateral a su propiedad es un camino privado que tambi\u00e9n le pertenece, lo que es rebatido por el municipio que no descarta realizar una denuncia formal ante la Direcci\u00f3n de Obras Hidr\u00e1ulicas sobre este tema, agregando que tambi\u00e9n est\u00e1n atentos al eventual cierre del camino por parte del empresario.<\/p>\n<p><strong>\u00a0\u201cESTOY AUTORIZADO\u201d<\/strong><\/p>\n<p>Por su parte el empresario Jos\u00e9 Manuel C\u00e1rter, aunque no acept\u00f3 una entrevista formal con nuestro medio, escuetamente se\u00f1al\u00f3 que \u00e9l no ha alterado el cauce del estero y que su propiedad deslinda justamente con ese estero, por lo que todo el material que ah\u00ed arrojaron est\u00e1 dentro de su propiedad. Adem\u00e1s sostuvo que instalar\u00e1 un port\u00f3n para evitar que ingresen veh\u00edculos a ocasionar da\u00f1os, personas a consumir licor y a robar, y que la instalaci\u00f3n de ese port\u00f3n ha sido autorizada por otro particular que tiene abejas en ese sector y por la Serran\u00eda Campo La Quebrada San Antonio de Putaendo.<\/p>\n<p><strong>SERRAN\u00cdA NIEGA AUTORIZACI\u00d3N<\/strong><\/p>\n<p>Referente a la instalaci\u00f3n del port\u00f3n met\u00e1lico que el empresario Jos\u00e9 Manuel C\u00e1rter pretende instalar, el presidente de la Serran\u00eda Campo La Quebrada, Fabi\u00e1n Mu\u00f1oz, se\u00f1al\u00f3 que jam\u00e1s la serran\u00eda ha autorizado a Jos\u00e9 Manuel C\u00e1rter para instalar un port\u00f3n, y que incluso la asamblea de la serran\u00eda se opuso a esta petici\u00f3n, por lo que fue tajante en se\u00f1alar que no permitir\u00e1n que el empresario instale el port\u00f3n en ese lugar.<\/p>\n<p>Patricio Gallardo M.<\/p>\n<div class=\"tiled-gallery type-rectangular tiled-gallery-unresized\" data-original-width=\"640\" data-carousel-extra='null' itemscope itemtype=\"http:\/\/schema.org\/ImageGallery\" > <div class=\"gallery-row\" style=\"width: 640px; height: 233px;\" data-original-width=\"640\" data-original-height=\"233\" > <div class=\"gallery-group images-1\" style=\"width: 342px; height: 233px;\" data-original-width=\"342\" data-original-height=\"233\" > <div class=\"tiled-gallery-item tiled-gallery-item-large\" itemprop=\"associatedMedia\" itemscope itemtype=\"http:\/\/schema.org\/ImageObject\"> <a href=\"https:\/\/eltrabajo.cl\/portal\/concejal-denuncia-a-empresario-agricola-por-adulterar-cauce-de-estero\/denuncia-contra-empresario-3\/\" border=\"0\" itemprop=\"url\"> <meta itemprop=\"width\" content=\"338\"> <meta itemprop=\"height\" content=\"229\"> <img decoding=\"async\" class=\"\" data-attachment-id=\"49556\" data-orig-file=\"https:\/\/eltrabajo.cl\/portal\/wp-content\/uploads\/2014\/08\/DENUNCIA-CONTRA-EMPRESARIO-3.jpg\" data-orig-size=\"529,358\" data-comments-opened=\"1\" data-image-meta=\"{&quot;aperture&quot;:&quot;5&quot;,&quot;credit&quot;:&quot;&quot;,&quot;camera&quot;:&quot;Canon EOS REBEL T3i&quot;,&quot;caption&quot;:&quot;&quot;,&quot;created_timestamp&quot;:&quot;1406716974&quot;,&quot;copyright&quot;:&quot;[wopmind]&quot;,&quot;focal_length&quot;:&quot;31&quot;,&quot;iso&quot;:&quot;100&quot;,&quot;shutter_speed&quot;:&quot;0.016666666666667&quot;,&quot;title&quot;:&quot;&quot;}\" data-image-title=\"DENUNCIA CONTRA EMPRESARIO (3)\" data-image-description=\"&lt;p&gt;En la foto se puede apreciar los pilares ya instalados a ambos lados del camino y con los cuales se pretender\u00eda cerrarlo a pesar de ser p\u00fablico.&lt;\/p&gt; \" data-medium-file=\"https:\/\/i0.wp.com\/eltrabajo.cl\/portal\/wp-content\/uploads\/2014\/08\/DENUNCIA-CONTRA-EMPRESARIO-3.jpg?fit=300%2C203&#038;ssl=1\" data-large-file=\"https:\/\/i0.wp.com\/eltrabajo.cl\/portal\/wp-content\/uploads\/2014\/08\/DENUNCIA-CONTRA-EMPRESARIO-3.jpg?fit=529%2C358&#038;ssl=1\" src=\"https:\/\/i0.wp.com\/eltrabajo.cl\/portal\/wp-content\/uploads\/2014\/08\/DENUNCIA-CONTRA-EMPRESARIO-3.jpg?w=338&#038;h=229&#038;ssl=1\" srcset=\"https:\/\/i0.wp.com\/eltrabajo.cl\/portal\/wp-content\/uploads\/2014\/08\/DENUNCIA-CONTRA-EMPRESARIO-3.jpg?w=529&amp;ssl=1 529w, https:\/\/i0.wp.com\/eltrabajo.cl\/portal\/wp-content\/uploads\/2014\/08\/DENUNCIA-CONTRA-EMPRESARIO-3.jpg?resize=200%2C135&amp;ssl=1 200w, https:\/\/i0.wp.com\/eltrabajo.cl\/portal\/wp-content\/uploads\/2014\/08\/DENUNCIA-CONTRA-EMPRESARIO-3.jpg?resize=300%2C203&amp;ssl=1 300w, https:\/\/i0.wp.com\/eltrabajo.cl\/portal\/wp-content\/uploads\/2014\/08\/DENUNCIA-CONTRA-EMPRESARIO-3.jpg?resize=150%2C101&amp;ssl=1 150w, https:\/\/i0.wp.com\/eltrabajo.cl\/portal\/wp-content\/uploads\/2014\/08\/DENUNCIA-CONTRA-EMPRESARIO-3.jpg?resize=400%2C270&amp;ssl=1 400w\" width=\"338\" height=\"229\" loading=\"lazy\" data-original-width=\"338\" data-original-height=\"229\" itemprop=\"http:\/\/schema.org\/image\" title=\"DENUNCIA CONTRA EMPRESARIO (3)\" alt=\"En la foto se puede apreciar los pilares ya instalados a ambos lados del camino y con los cuales se pretender\u00eda cerrarlo a pesar de ser p\u00fablico.\" style=\"width: 338px; height: 229px;\" \/> <\/a> <div class=\"tiled-gallery-caption\" itemprop=\"caption description\"> En la foto se puede apreciar los pilares ya instalados a ambos lados del camino y con los cuales se pretender\u00eda cerrarlo a pesar de ser p\u00fablico. <\/div> <\/div> <\/div> <!-- close group --> <div class=\"gallery-group images-1\" style=\"width: 298px; height: 233px;\" data-original-width=\"298\" data-original-height=\"233\" > <div class=\"tiled-gallery-item tiled-gallery-item-large\" itemprop=\"associatedMedia\" itemscope itemtype=\"http:\/\/schema.org\/ImageObject\"> <a href=\"https:\/\/eltrabajo.cl\/portal\/concejal-denuncia-a-empresario-agricola-por-adulterar-cauce-de-estero\/jose-manuel-carter-7\/\" border=\"0\" itemprop=\"url\"> <meta itemprop=\"width\" content=\"294\"> <meta itemprop=\"height\" content=\"229\"> <img decoding=\"async\" class=\"\" data-attachment-id=\"49557\" data-orig-file=\"https:\/\/eltrabajo.cl\/portal\/wp-content\/uploads\/2014\/08\/jose-manuel-carter.jpg\" data-orig-size=\"529,411\" data-comments-opened=\"1\" data-image-meta=\"{&quot;aperture&quot;:&quot;3.8&quot;,&quot;credit&quot;:&quot;&quot;,&quot;camera&quot;:&quot;FinePix S2980&quot;,&quot;caption&quot;:&quot;&quot;,&quot;created_timestamp&quot;:&quot;1326420474&quot;,&quot;copyright&quot;:&quot;&quot;,&quot;focal_length&quot;:&quot;8.9&quot;,&quot;iso&quot;:&quot;400&quot;,&quot;shutter_speed&quot;:&quot;0.05&quot;,&quot;title&quot;:&quot;&quot;}\" data-image-title=\"jose-manuel-carter\" data-image-description=\"&lt;p&gt;El empresario Jos\u00e9 C\u00e1rter no quiso hablar con nuestro medio formalmente, no obstante se\u00f1al\u00f3 que no ha alterado el cauce del estero, reconociendo s\u00ed que instalar\u00e1 un port\u00f3n.&lt;\/p&gt; \" data-medium-file=\"https:\/\/i0.wp.com\/eltrabajo.cl\/portal\/wp-content\/uploads\/2014\/08\/jose-manuel-carter.jpg?fit=300%2C233&#038;ssl=1\" data-large-file=\"https:\/\/i0.wp.com\/eltrabajo.cl\/portal\/wp-content\/uploads\/2014\/08\/jose-manuel-carter.jpg?fit=529%2C411&#038;ssl=1\" src=\"https:\/\/i0.wp.com\/eltrabajo.cl\/portal\/wp-content\/uploads\/2014\/08\/jose-manuel-carter.jpg?w=294&#038;h=229&#038;ssl=1\" srcset=\"https:\/\/i0.wp.com\/eltrabajo.cl\/portal\/wp-content\/uploads\/2014\/08\/jose-manuel-carter.jpg?w=529&amp;ssl=1 529w, https:\/\/i0.wp.com\/eltrabajo.cl\/portal\/wp-content\/uploads\/2014\/08\/jose-manuel-carter.jpg?resize=193%2C150&amp;ssl=1 193w, https:\/\/i0.wp.com\/eltrabajo.cl\/portal\/wp-content\/uploads\/2014\/08\/jose-manuel-carter.jpg?resize=300%2C233&amp;ssl=1 300w, https:\/\/i0.wp.com\/eltrabajo.cl\/portal\/wp-content\/uploads\/2014\/08\/jose-manuel-carter.jpg?resize=150%2C116&amp;ssl=1 150w, https:\/\/i0.wp.com\/eltrabajo.cl\/portal\/wp-content\/uploads\/2014\/08\/jose-manuel-carter.jpg?resize=400%2C310&amp;ssl=1 400w\" width=\"294\" height=\"229\" loading=\"lazy\" data-original-width=\"294\" data-original-height=\"229\" itemprop=\"http:\/\/schema.org\/image\" title=\"jose-manuel-carter\" alt=\"El empresario Jos\u00e9 C\u00e1rter no quiso hablar con nuestro medio formalmente, no obstante se\u00f1al\u00f3 que no ha alterado el cauce del estero, reconociendo s\u00ed que instalar\u00e1 un port\u00f3n.\" style=\"width: 294px; height: 229px;\" \/> <\/a> <div class=\"tiled-gallery-caption\" itemprop=\"caption description\"> El empresario Jos\u00e9 C\u00e1rter no quiso hablar con nuestro medio formalmente, no obstante se\u00f1al\u00f3 que no ha alterado el cauce del estero, reconociendo s\u00ed que instalar\u00e1 un port\u00f3n. <\/div> <\/div> <\/div> <!-- close group --> <\/div> <!-- close row --> <\/div>\n","protected":false},"excerpt":{"rendered":"<p>Edil asegura que adem\u00e1s intenta colocar un port\u00f3n para cerrar un camino que es p\u00fablico. PUTAENDO.&#8211; Una grave denuncia en contra del empresario Jos\u00e9 Manuel C\u00e1rter realiz\u00f3 el Concejal Carlos Gallardo Lobos,&#8230;<\/p>\n","protected":false},"author":482,"featured_media":49555,"comment_status":"open","ping_status":"closed","sticky":false,"template":"","format":"standard","meta":{"advanced_seo_description":"","jetpack_seo_html_title":"","jetpack_seo_noindex":false,"_jetpack_memberships_contains_paid_content":false,"footnotes":""},"categories":[15],"tags":[],"class_list":["post-49554","post","type-post","status-publish","format-standard","has-post-thumbnail","hentry","category-comunidad"],"jetpack_featured_media_url":"https:\/\/i0.wp.com\/eltrabajo.cl\/portal\/wp-content\/uploads\/2014\/08\/CONCEJAL-CARLOS-GALLARDO.jpg?fit=529%2C358&ssl=1","jetpack_sharing_enabled":true,"jetpack_likes_enabled":true,"jetpack-related-posts":[],"_links":{"self":[{"href":"https:\/\/eltrabajo.cl\/portal\/wp-json\/wp\/v2\/posts\/49554","targetHints":{"allow":["GET"]}}],"collection":[{"href":"https:\/\/eltrabajo.cl\/portal\/wp-json\/wp\/v2\/posts"}],"about":[{"href":"https:\/\/eltrabajo.cl\/portal\/wp-json\/wp\/v2\/types\/post"}],"author":[{"embeddable":true,"href":"https:\/\/eltrabajo.cl\/portal\/wp-json\/wp\/v2\/users\/482"}],"replies":[{"embeddable":true,"href":"https:\/\/eltrabajo.cl\/portal\/wp-json\/wp\/v2\/comments?post=49554"}],"version-history":[{"count":0,"href":"https:\/\/eltrabajo.cl\/portal\/wp-json\/wp\/v2\/posts\/49554\/revisions"}],"wp:featuredmedia":[{"embeddable":true,"href":"https:\/\/eltrabajo.cl\/portal\/wp-json\/wp\/v2\/media\/49555"}],"wp:attachment":[{"href":"https:\/\/eltrabajo.cl\/portal\/wp-json\/wp\/v2\/media?parent=49554"}],"wp:term":[{"taxonomy":"category","embeddable":true,"href":"https:\/\/eltrabajo.cl\/portal\/wp-json\/wp\/v2\/categories?post=49554"},{"taxonomy":"post_tag","embeddable":true,"href":"https:\/\/eltrabajo.cl\/portal\/wp-json\/wp\/v2\/tags?post=49554"}],"curies":[{"name":"wp","href":"https:\/\/api.w.org\/{rel}","templated":true}]}}