{"id":4956,"date":"2011-10-19T09:09:13","date_gmt":"2011-10-19T13:09:13","guid":{"rendered":"http:\/\/www.eltrabajo.cl\/portal\/?p=4956"},"modified":"2011-10-19T09:09:13","modified_gmt":"2011-10-19T13:09:13","slug":"ancianos-y-embarazadas-en-fonasa-deben-hacer-fila-de-pie","status":"publish","type":"post","link":"https:\/\/eltrabajo.cl\/portal\/ancianos-y-embarazadas-en-fonasa-deben-hacer-fila-de-pie\/","title":{"rendered":"Ancianos y embarazadas en Fonasa deben hacer fila de pie"},"content":{"rendered":"<figure id=\"attachment_4957\" aria-describedby=\"caption-attachment-4957\" style=\"width: 600px\" class=\"wp-caption alignnone\"><a href=\"http:\/\/www.eltrabajo.cl\/portal\/archives\/4956\/adecuada1\" rel=\"attachment wp-att-4957\"><img data-recalc-dims=\"1\" loading=\"lazy\" decoding=\"async\" class=\"size-full wp-image-4957\" title=\"Adecuada1\" src=\"https:\/\/i0.wp.com\/www.eltrabajo.cl\/portal\/wp-content\/uploads\/2011\/10\/Adecuada1.jpg?resize=600%2C352\" alt=\"\" width=\"600\" height=\"352\" srcset=\"https:\/\/i0.wp.com\/eltrabajo.cl\/portal\/wp-content\/uploads\/2011\/10\/Adecuada1.jpg?w=600&amp;ssl=1 600w, https:\/\/i0.wp.com\/eltrabajo.cl\/portal\/wp-content\/uploads\/2011\/10\/Adecuada1.jpg?resize=200%2C117&amp;ssl=1 200w, https:\/\/i0.wp.com\/eltrabajo.cl\/portal\/wp-content\/uploads\/2011\/10\/Adecuada1.jpg?resize=300%2C176&amp;ssl=1 300w, https:\/\/i0.wp.com\/eltrabajo.cl\/portal\/wp-content\/uploads\/2011\/10\/Adecuada1.jpg?resize=150%2C88&amp;ssl=1 150w, https:\/\/i0.wp.com\/eltrabajo.cl\/portal\/wp-content\/uploads\/2011\/10\/Adecuada1.jpg?resize=400%2C234&amp;ssl=1 400w\" sizes=\"auto, (max-width: 600px) 100vw, 600px\" \/><\/a><figcaption id=\"caption-attachment-4957\" class=\"wp-caption-text\">Varias son las personas que, a ciertas horas del d\u00eda, deben esperar de pie en Fonasa para realizar sus tr\u00e1mites; las sillas fueron retiradas desde enero pasado.<\/figcaption><\/figure>\n<p>Por falta de sillas desde enero pasado<\/p>\n<p>Roberto Gonz\u00e1lez Short<\/p>\n<p>rgonzalez@eltrabajo.cl<\/p>\n<p>Muy molestos vienen reaccionando algunos adultos mayores y usuarias embarazadas en relaci\u00f3n a la falta de sillas que impera en las oficinas del Fonasa en San Felipe; por ello, Diario El Trabajo investig\u00f3 la veracidad de estas quejas.<\/p>\n<p>\u00abPor \u00f3rdenes superiores fueron retiradas al menos unas nueve sillas de estas oficinas, desconozco las razones de esa disposici\u00f3n y hasta cuando ser\u00e1n tra\u00eddas de nuevo, sin embargo, en oficinas como IPS los usuarios tambi\u00e9n pueden hacer algunos de sus tr\u00e1mites si fuese necesario\u00bb, coment\u00f3 Juan Puebla, Jefe subrogante de Fonasa en San Felipe.<\/p>\n<p>Aunque no se explic\u00f3 por parte de Puebla las razones para retirar el inmueble, la importancia de esta situaci\u00f3n radica en el hecho que algunas mujeres embarazadas y adultos mayores son afectados directamente al llegar a realizar sus diligencias en la entidad estatal.<\/p>\n<p>Consultada sobre este tema, la Gobernadora Patricia Boffa asegur\u00f3 estar muy preocupada por la manera en que este asunto se est\u00e1 manejando. \u00abDesde hace tiempo que tengo conocimiento de esta anomal\u00eda, sin embargo, hace unos 22 d\u00edas envi\u00e9 un correo electr\u00f3nico a las oficinas pertinentes de Fonasa, solicitando se me expliquen las razones del faltante de esas sillas, a\u00fan espero respuesta\u00bb.<\/p>\n<p>Boffa asegur\u00f3 estar consciente de la necesidad que esta clase de implementos tiene para adultos mayores y mujeres embarazadas, y prometi\u00f3 dar seguimiento al caso. En esa sucursal de Fonasa laboran cinco personas y abren al p\u00fablico desde las 8:40 horas hasta las 16:30 horas de lunes a viernes.<\/p>\n","protected":false},"excerpt":{"rendered":"<p>Por falta de sillas desde enero pasado Roberto Gonz\u00e1lez Short rgonzalez@eltrabajo.cl Muy molestos vienen reaccionando algunos adultos mayores y usuarias embarazadas en relaci\u00f3n a la falta de sillas que impera en las&#8230;<\/p>\n","protected":false},"author":482,"featured_media":4957,"comment_status":"open","ping_status":"open","sticky":false,"template":"","format":"standard","meta":{"advanced_seo_description":"","jetpack_seo_html_title":"","jetpack_seo_noindex":false,"_jetpack_memberships_contains_paid_content":false,"footnotes":""},"categories":[15],"tags":[],"class_list":["post-4956","post","type-post","status-publish","format-standard","has-post-thumbnail","hentry","category-comunidad"],"jetpack_featured_media_url":"https:\/\/i0.wp.com\/eltrabajo.cl\/portal\/wp-content\/uploads\/2011\/10\/Adecuada1.jpg?fit=600%2C352&ssl=1","jetpack_sharing_enabled":true,"jetpack_likes_enabled":true,"jetpack-related-posts":[],"_links":{"self":[{"href":"https:\/\/eltrabajo.cl\/portal\/wp-json\/wp\/v2\/posts\/4956","targetHints":{"allow":["GET"]}}],"collection":[{"href":"https:\/\/eltrabajo.cl\/portal\/wp-json\/wp\/v2\/posts"}],"about":[{"href":"https:\/\/eltrabajo.cl\/portal\/wp-json\/wp\/v2\/types\/post"}],"author":[{"embeddable":true,"href":"https:\/\/eltrabajo.cl\/portal\/wp-json\/wp\/v2\/users\/482"}],"replies":[{"embeddable":true,"href":"https:\/\/eltrabajo.cl\/portal\/wp-json\/wp\/v2\/comments?post=4956"}],"version-history":[{"count":0,"href":"https:\/\/eltrabajo.cl\/portal\/wp-json\/wp\/v2\/posts\/4956\/revisions"}],"wp:featuredmedia":[{"embeddable":true,"href":"https:\/\/eltrabajo.cl\/portal\/wp-json\/wp\/v2\/media\/4957"}],"wp:attachment":[{"href":"https:\/\/eltrabajo.cl\/portal\/wp-json\/wp\/v2\/media?parent=4956"}],"wp:term":[{"taxonomy":"category","embeddable":true,"href":"https:\/\/eltrabajo.cl\/portal\/wp-json\/wp\/v2\/categories?post=4956"},{"taxonomy":"post_tag","embeddable":true,"href":"https:\/\/eltrabajo.cl\/portal\/wp-json\/wp\/v2\/tags?post=4956"}],"curies":[{"name":"wp","href":"https:\/\/api.w.org\/{rel}","templated":true}]}}