{"id":49566,"date":"2014-08-01T09:38:35","date_gmt":"2014-08-01T13:38:35","guid":{"rendered":"http:\/\/www.eltrabajo.cl\/portal\/?p=49566"},"modified":"2014-08-01T09:38:35","modified_gmt":"2014-08-01T13:38:35","slug":"cuentos-de-la-vuelta-a-san-felipe-en-80-palabras-esperan-su-votacion","status":"publish","type":"post","link":"https:\/\/eltrabajo.cl\/portal\/cuentos-de-la-vuelta-a-san-felipe-en-80-palabras-esperan-su-votacion\/","title":{"rendered":"Cuentos de \u2018La vuelta a San Felipe en 80 palabras\u2019 esperan su votaci\u00f3n"},"content":{"rendered":"<figure id=\"attachment_49567\" aria-describedby=\"caption-attachment-49567\" style=\"width: 370px\" class=\"wp-caption alignleft\"><a href=\"https:\/\/i0.wp.com\/www.eltrabajo.cl\/portal\/wp-content\/uploads\/2014\/08\/Cuentos1.jpg\"><img data-recalc-dims=\"1\" loading=\"lazy\" decoding=\"async\" class=\" wp-image-49567 \" alt=\"En la \u00faltima etapa, antes de la premiaci\u00f3n que se realizar\u00e1 el pr\u00f3ximo martes 12 de agosto, se encuentra el concurso literario \u201cLa vuelta a San Felipe en 80 palabras\u201d.\" src=\"https:\/\/i0.wp.com\/www.eltrabajo.cl\/portal\/wp-content\/uploads\/2014\/08\/Cuentos1.jpg?resize=370%2C428\" width=\"370\" height=\"428\" srcset=\"https:\/\/i0.wp.com\/eltrabajo.cl\/portal\/wp-content\/uploads\/2014\/08\/Cuentos1.jpg?w=529&amp;ssl=1 529w, https:\/\/i0.wp.com\/eltrabajo.cl\/portal\/wp-content\/uploads\/2014\/08\/Cuentos1.jpg?resize=129%2C150&amp;ssl=1 129w, https:\/\/i0.wp.com\/eltrabajo.cl\/portal\/wp-content\/uploads\/2014\/08\/Cuentos1.jpg?resize=259%2C300&amp;ssl=1 259w, https:\/\/i0.wp.com\/eltrabajo.cl\/portal\/wp-content\/uploads\/2014\/08\/Cuentos1.jpg?resize=400%2C462&amp;ssl=1 400w\" sizes=\"auto, (max-width: 370px) 100vw, 370px\" \/><\/a><figcaption id=\"caption-attachment-49567\" class=\"wp-caption-text\">En la \u00faltima etapa, antes de la premiaci\u00f3n que se realizar\u00e1 el pr\u00f3ximo martes 12 de agosto, se encuentra el concurso literario \u201cLa vuelta a San Felipe en 80 palabras\u201d.<\/figcaption><\/figure>\n<p>En la \u00faltima etapa, antes de la premiaci\u00f3n que se realizar\u00e1 el pr\u00f3ximo martes 12 de agosto, se encuentra el concurso literario \u201cLa vuelta a San Felipe en 80 palabras\u201d, convocado en el mes de abril a trav\u00e9s de la Biblioteca Municipal y el Departamento de Cultura de la Municipalidad de San Felipe.<\/p>\n<p>Luego de realizarse en el mes de Julio una preselecci\u00f3n de 56 cuentos de un total de 198 participantes de todas las edades, y dado el buen nivel de la participaci\u00f3n en cuanto a calidad y convocatoria, se ha hecho una excepci\u00f3n a las Bases, aumentando a quince los seleccionados para el premio por \u201cvotaci\u00f3n del p\u00fablico\u201d, la que se har\u00e1 efectiva en el sitio www.municipalidaddesanfelipe.cl desde el 1 al 6 de agosto, donde quienes deseen pueden marcar su preferencia.<\/p>\n<p>Al respecto, el cuento con mayor votaci\u00f3n recibir\u00e1 como premio un tel\u00e9fono Samsung Galaxy Trend, gentileza del programa BiblioRedes de la Direcci\u00f3n de Bibliotecas Archivos y Museos. Dentro de estos 15 cuentos, el jurado elegir\u00e1 al primer, segundo y tercer lugar, m\u00e1s las tres menciones honrosas. Adem\u00e1s dentro de todos los participantes preseleccionados se otorgar\u00e1n premios especiales de participaci\u00f3n y premios a talentos por categor\u00eda.<\/p>\n<p>Cabe destacar que el jurado estuvo compuesto por el escritor de vasta trayectoria Sa\u00fal Schkolnik, la profesora de estado en castellano y magister en literatura, M\u00f3nica Montecinos, los escritores sanfelipe\u00f1os Le\u00f3n \u00c1lamos y Mercedes Pimentel y el Coordinador Comunal de Cultura de la Municipalidad de San Felipe, Ricardo Ruiz, quienes tanto en la preselecci\u00f3n como en la votaci\u00f3n final han realizado una acuciosa labor, adem\u00e1s del trabajo log\u00edstico de organizaci\u00f3n y de gesti\u00f3n de la encargada de la Biblioteca P\u00fablica Municipal, Macarena Blanca y del apoyo de Franco C\u00e1diz, en la convocatoria y recepci\u00f3n de trabajos.<\/p>\n<p>&nbsp;<\/p>\n","protected":false},"excerpt":{"rendered":"<p>En la \u00faltima etapa, antes de la premiaci\u00f3n que se realizar\u00e1 el pr\u00f3ximo martes 12 de agosto, se encuentra el concurso literario \u201cLa vuelta a San Felipe en 80 palabras\u201d, convocado en&#8230;<\/p>\n","protected":false},"author":482,"featured_media":49567,"comment_status":"open","ping_status":"closed","sticky":false,"template":"","format":"standard","meta":{"advanced_seo_description":"","jetpack_seo_html_title":"","jetpack_seo_noindex":false,"_jetpack_memberships_contains_paid_content":false,"footnotes":""},"categories":[15],"tags":[],"class_list":["post-49566","post","type-post","status-publish","format-standard","has-post-thumbnail","hentry","category-comunidad"],"jetpack_featured_media_url":"https:\/\/i0.wp.com\/eltrabajo.cl\/portal\/wp-content\/uploads\/2014\/08\/Cuentos1.jpg?fit=529%2C612&ssl=1","jetpack_sharing_enabled":true,"jetpack_likes_enabled":true,"jetpack-related-posts":[],"_links":{"self":[{"href":"https:\/\/eltrabajo.cl\/portal\/wp-json\/wp\/v2\/posts\/49566","targetHints":{"allow":["GET"]}}],"collection":[{"href":"https:\/\/eltrabajo.cl\/portal\/wp-json\/wp\/v2\/posts"}],"about":[{"href":"https:\/\/eltrabajo.cl\/portal\/wp-json\/wp\/v2\/types\/post"}],"author":[{"embeddable":true,"href":"https:\/\/eltrabajo.cl\/portal\/wp-json\/wp\/v2\/users\/482"}],"replies":[{"embeddable":true,"href":"https:\/\/eltrabajo.cl\/portal\/wp-json\/wp\/v2\/comments?post=49566"}],"version-history":[{"count":0,"href":"https:\/\/eltrabajo.cl\/portal\/wp-json\/wp\/v2\/posts\/49566\/revisions"}],"wp:featuredmedia":[{"embeddable":true,"href":"https:\/\/eltrabajo.cl\/portal\/wp-json\/wp\/v2\/media\/49567"}],"wp:attachment":[{"href":"https:\/\/eltrabajo.cl\/portal\/wp-json\/wp\/v2\/media?parent=49566"}],"wp:term":[{"taxonomy":"category","embeddable":true,"href":"https:\/\/eltrabajo.cl\/portal\/wp-json\/wp\/v2\/categories?post=49566"},{"taxonomy":"post_tag","embeddable":true,"href":"https:\/\/eltrabajo.cl\/portal\/wp-json\/wp\/v2\/tags?post=49566"}],"curies":[{"name":"wp","href":"https:\/\/api.w.org\/{rel}","templated":true}]}}