{"id":49578,"date":"2014-08-01T09:44:07","date_gmt":"2014-08-01T13:44:07","guid":{"rendered":"http:\/\/www.eltrabajo.cl\/portal\/?p=49578"},"modified":"2014-08-01T09:44:07","modified_gmt":"2014-08-01T13:44:07","slug":"pesar-por-muerte-de-joven-bombero-llayllaino-que-acabo-con-su-vida","status":"publish","type":"post","link":"https:\/\/eltrabajo.cl\/portal\/pesar-por-muerte-de-joven-bombero-llayllaino-que-acabo-con-su-vida\/","title":{"rendered":"Pesar por muerte de joven bombero llaylla\u00edno que acab\u00f3 con su vida"},"content":{"rendered":"<figure id=\"attachment_49579\" aria-describedby=\"caption-attachment-49579\" style=\"width: 317px\" class=\"wp-caption alignleft\"><a href=\"https:\/\/i0.wp.com\/www.eltrabajo.cl\/portal\/wp-content\/uploads\/2014\/08\/ariel-2.jpg\"><img data-recalc-dims=\"1\" loading=\"lazy\" decoding=\"async\" class=\" wp-image-49579 \" alt=\"Ariel Josu\u00e9 Ahumada Mu\u00f1oz, un joven llaylla\u00edno que estaba por cumplir 21 a\u00f1os de edad, lamentablemente tom\u00f3 la dr\u00e1stica decisi\u00f3n de acabar con su vida el pasado lunes.\" src=\"https:\/\/i0.wp.com\/www.eltrabajo.cl\/portal\/wp-content\/uploads\/2014\/08\/ariel-2.jpg?resize=317%2C335\" width=\"317\" height=\"335\" srcset=\"https:\/\/i0.wp.com\/eltrabajo.cl\/portal\/wp-content\/uploads\/2014\/08\/ariel-2.jpg?w=529&amp;ssl=1 529w, https:\/\/i0.wp.com\/eltrabajo.cl\/portal\/wp-content\/uploads\/2014\/08\/ariel-2.jpg?resize=142%2C150&amp;ssl=1 142w, https:\/\/i0.wp.com\/eltrabajo.cl\/portal\/wp-content\/uploads\/2014\/08\/ariel-2.jpg?resize=284%2C300&amp;ssl=1 284w, https:\/\/i0.wp.com\/eltrabajo.cl\/portal\/wp-content\/uploads\/2014\/08\/ariel-2.jpg?resize=400%2C421&amp;ssl=1 400w\" sizes=\"auto, (max-width: 317px) 100vw, 317px\" \/><\/a><figcaption id=\"caption-attachment-49579\" class=\"wp-caption-text\">Ariel Josu\u00e9 Ahumada Mu\u00f1oz, un joven llaylla\u00edno que estaba por cumplir 21 a\u00f1os de edad, lamentablemente tom\u00f3 la dr\u00e1stica decisi\u00f3n de acabar con su vida el pasado lunes.<\/figcaption><\/figure>\n<p>En medio de diversas muestras de cari\u00f1o y profunda tristeza entre sus familiares y amigos, fue despedido Ariel Josu\u00e9 Ahumada Mu\u00f1oz, un joven bombero activo de 20 a\u00f1os perteneciente a la Segunda Compa\u00f1\u00eda de Bomberos de Llay Llay, quien se quit\u00f3 la vida en la ciudad de Puerto Montt.<\/p>\n<p>El cuerpo de Ariel fue hallado sin vida el pasado lunes en el sector de Chinquihue a la orilla de la playa por un transe\u00fante, confirm\u00e1ndose el fatal deceso del muchacho, quien se encontraba desaparecido desde la ma\u00f1ana del domingo pasado.<\/p>\n<p>Su muerte conmocion\u00f3 a la comuna de Llay Llay por quienes lo vieron nacer un 20 de agosto de 1993 en la ciudad de San Felipe.<\/p>\n<p>Ariel Ahumada es hijo de Ang\u00e9lica Mu\u00f1oz y Humberto Ahumada, siendo el mayor de dos hermanos. Desde Kinder hasta 6\u00ba b\u00e1sico estudi\u00f3 en el Colegio de las Religiosas Filipenses de esa misma comuna, donde tuvo sus primeros amigos, con los que siempre mantuvo contacto.<\/p>\n<p>Posteriormente el destino lo traslad\u00f3 hasta la ciudad de Puerto Montt para terminar sus estudios en el Liceo Industrial de esa localidad, con la especialidad de Tripulante General de Cubierta de la Marina Mercante Nacional, navegando por las regiones X y XI.<\/p>\n<p>Luego de haber realizado su pr\u00e1ctica vuelve a su natal Llay Llay, donde complet\u00f3 la capacitaci\u00f3n para pertenecer al Cuerpo de Bomberos de la 2\u00aa Compa\u00f1\u00eda de Rescate de Bomberos, siendo miembro activo hasta agosto del a\u00f1o 2013, del cual siempre sinti\u00f3 mucho orgullo y que sus compa\u00f1eros hoy sintieron su partida, realizando una ceremonia simb\u00f3lica en se\u00f1al de duelo por su triste partida.<\/p>\n<p>\u201cAriel: En los corazones de los segundinos siempre estar\u00e1s presente. Te caracterizaba tu timidez y lo humilde que eras, estuviste muy poco en nuestras filas, un poco m\u00e1s de un a\u00f1o, pero tu recuerdo permanecer\u00e1 en nuestra compa\u00f1\u00eda. Vuela alto compa\u00f1ero, que nuestros compa\u00f1eros segundinos te recibir\u00e1n en el cuartel celestial\u201d, escribieron sus camaradas en el perfil de Facebook de la Segunda Compa\u00f1\u00eda de Bomberos de Llay Llay.<\/p>\n<p>Diario El Trabajo entrevist\u00f3 a la madre de Ariel, Ang\u00e9lica Mu\u00f1oz, quien recuerda a su hijo como un hombre con muchos conocimientos y deseos de aprender que en los \u00faltimos meses comenzaron a desmoronarse tras un diagn\u00f3stico de un primer brote de esquizofrenia que estaba siendo tratada desde el 2013.<\/p>\n<p>\u201cSu pasi\u00f3n tambi\u00e9n fue la inform\u00e1tica, siempre de manera autodidacta estudi\u00f3 herbolog\u00eda, horticultura, m\u00fasica, pol\u00edtica, todo era de su inter\u00e9s, teniendo una gran pasi\u00f3n por aprender, ten\u00eda curiosidad por adquirir conocimientos nuevos cada d\u00eda. Un hombre con una mirada honesta, con un coraz\u00f3n inmenso, de una sonrisa amplia y sincera, sent\u00eda cari\u00f1o y apego por los ni\u00f1os. Entre su lenta recuperaci\u00f3n sinti\u00f3 un alejamiento en la posibilidad de volver a navegar, trabajar y estudiar\u201d, lament\u00f3 Ang\u00e9lica. Ariel hoy descansa en paz en el Cementerio Parque Alerce de la ciudad de Puerto Montt.<\/p>\n<p>Pablo Salinas Sald\u00edas<\/p>\n","protected":false},"excerpt":{"rendered":"<p>En medio de diversas muestras de cari\u00f1o y profunda tristeza entre sus familiares y amigos, fue despedido Ariel Josu\u00e9 Ahumada Mu\u00f1oz, un joven bombero activo de 20 a\u00f1os perteneciente a la Segunda&#8230;<\/p>\n","protected":false},"author":482,"featured_media":49579,"comment_status":"open","ping_status":"closed","sticky":false,"template":"","format":"standard","meta":{"advanced_seo_description":"","jetpack_seo_html_title":"","jetpack_seo_noindex":false,"_jetpack_memberships_contains_paid_content":false,"footnotes":""},"categories":[21],"tags":[],"class_list":["post-49578","post","type-post","status-publish","format-standard","has-post-thumbnail","hentry","category-policial"],"jetpack_featured_media_url":"https:\/\/i0.wp.com\/eltrabajo.cl\/portal\/wp-content\/uploads\/2014\/08\/ariel-2.jpg?fit=529%2C558&ssl=1","jetpack_sharing_enabled":true,"jetpack_likes_enabled":true,"jetpack-related-posts":[],"_links":{"self":[{"href":"https:\/\/eltrabajo.cl\/portal\/wp-json\/wp\/v2\/posts\/49578","targetHints":{"allow":["GET"]}}],"collection":[{"href":"https:\/\/eltrabajo.cl\/portal\/wp-json\/wp\/v2\/posts"}],"about":[{"href":"https:\/\/eltrabajo.cl\/portal\/wp-json\/wp\/v2\/types\/post"}],"author":[{"embeddable":true,"href":"https:\/\/eltrabajo.cl\/portal\/wp-json\/wp\/v2\/users\/482"}],"replies":[{"embeddable":true,"href":"https:\/\/eltrabajo.cl\/portal\/wp-json\/wp\/v2\/comments?post=49578"}],"version-history":[{"count":0,"href":"https:\/\/eltrabajo.cl\/portal\/wp-json\/wp\/v2\/posts\/49578\/revisions"}],"wp:featuredmedia":[{"embeddable":true,"href":"https:\/\/eltrabajo.cl\/portal\/wp-json\/wp\/v2\/media\/49579"}],"wp:attachment":[{"href":"https:\/\/eltrabajo.cl\/portal\/wp-json\/wp\/v2\/media?parent=49578"}],"wp:term":[{"taxonomy":"category","embeddable":true,"href":"https:\/\/eltrabajo.cl\/portal\/wp-json\/wp\/v2\/categories?post=49578"},{"taxonomy":"post_tag","embeddable":true,"href":"https:\/\/eltrabajo.cl\/portal\/wp-json\/wp\/v2\/tags?post=49578"}],"curies":[{"name":"wp","href":"https:\/\/api.w.org\/{rel}","templated":true}]}}