{"id":49582,"date":"2014-08-01T09:45:39","date_gmt":"2014-08-01T13:45:39","guid":{"rendered":"http:\/\/www.eltrabajo.cl\/portal\/?p=49582"},"modified":"2014-08-01T09:46:26","modified_gmt":"2014-08-01T13:46:26","slug":"lo-nombran-hijo-ilustre-y-muere-solo-unos-minutos-despues","status":"publish","type":"post","link":"https:\/\/eltrabajo.cl\/portal\/lo-nombran-hijo-ilustre-y-muere-solo-unos-minutos-despues\/","title":{"rendered":"Lo nombran Hijo Ilustre y muere s\u00f3lo unos minutos despu\u00e9s"},"content":{"rendered":"<figure id=\"attachment_49583\" aria-describedby=\"caption-attachment-49583\" style=\"width: 370px\" class=\"wp-caption alignleft\"><a href=\"https:\/\/i0.wp.com\/www.eltrabajo.cl\/portal\/wp-content\/uploads\/2014\/08\/Rojas2.jpg\"><img data-recalc-dims=\"1\" loading=\"lazy\" decoding=\"async\" class=\" wp-image-49583 \" alt=\"Luis Rojas fue un activo impulsor de la recuperaci\u00f3n y puesta en valor del Mural El Abrazo de los Pueblos del muralista Gregorio de la Fuente, ubicado en la antigua estaci\u00f3n ferroviaria de Los Andes.\" src=\"https:\/\/i0.wp.com\/www.eltrabajo.cl\/portal\/wp-content\/uploads\/2014\/08\/Rojas2.jpg?resize=370%2C280\" width=\"370\" height=\"280\" srcset=\"https:\/\/i0.wp.com\/eltrabajo.cl\/portal\/wp-content\/uploads\/2014\/08\/Rojas2.jpg?w=528&amp;ssl=1 528w, https:\/\/i0.wp.com\/eltrabajo.cl\/portal\/wp-content\/uploads\/2014\/08\/Rojas2.jpg?resize=198%2C150&amp;ssl=1 198w, https:\/\/i0.wp.com\/eltrabajo.cl\/portal\/wp-content\/uploads\/2014\/08\/Rojas2.jpg?resize=300%2C227&amp;ssl=1 300w, https:\/\/i0.wp.com\/eltrabajo.cl\/portal\/wp-content\/uploads\/2014\/08\/Rojas2.jpg?resize=150%2C113&amp;ssl=1 150w, https:\/\/i0.wp.com\/eltrabajo.cl\/portal\/wp-content\/uploads\/2014\/08\/Rojas2.jpg?resize=400%2C303&amp;ssl=1 400w\" sizes=\"auto, (max-width: 370px) 100vw, 370px\" \/><\/a><figcaption id=\"caption-attachment-49583\" class=\"wp-caption-text\">Luis Rojas fue un activo impulsor de la recuperaci\u00f3n y puesta en valor del Mural El Abrazo de los Pueblos del muralista Gregorio de la Fuente, ubicado en la antigua estaci\u00f3n ferroviaria de Los Andes.<\/figcaption><\/figure>\n<p><strong>LOS ANDES<\/strong>.- S\u00f3lo minutos despu\u00e9s que su hija recibiera en su nombre la distinci\u00f3n de Hijo Ilustre de Los Andes, dej\u00f3 de existir la noche del mi\u00e9rcoles en su casa habitaci\u00f3n de Calle Rancagua, el Secretario Municipal de Los Andes, Profesor y \u2018Escribano de Centenario\u2019, Luis Rojas Jelvez (66), quien se encontraba aquejado de una enfermedad terminal. El deceso del escribano produjo un profundo pesar en la comunidad, sobre todo porque su partida se produjo momentos despu\u00e9s que la ciudad lo reconociera por su gran aporte y contribuci\u00f3n a la cultura local.<\/p>\n<figure id=\"attachment_49584\" aria-describedby=\"caption-attachment-49584\" style=\"width: 222px\" class=\"wp-caption alignright\"><a href=\"https:\/\/i0.wp.com\/www.eltrabajo.cl\/portal\/wp-content\/uploads\/2014\/08\/Luis-Rojas.jpg\"><img data-recalc-dims=\"1\" loading=\"lazy\" decoding=\"async\" class=\" wp-image-49584  \" alt=\"S\u00f3lo minutos despu\u00e9s que su hija recibiera en su nombre la distinci\u00f3n de Hijo Ilustre de Los Andes, dej\u00f3 de existir la noche del mi\u00e9rcoles en su casa  el Profesor y \u2018Escribano de Centenario\u2019, Luis Rojas Jelvez (66).\" src=\"https:\/\/i0.wp.com\/www.eltrabajo.cl\/portal\/wp-content\/uploads\/2014\/08\/Luis-Rojas.jpg?resize=222%2C275\" width=\"222\" height=\"275\" srcset=\"https:\/\/i0.wp.com\/eltrabajo.cl\/portal\/wp-content\/uploads\/2014\/08\/Luis-Rojas.jpg?w=529&amp;ssl=1 529w, https:\/\/i0.wp.com\/eltrabajo.cl\/portal\/wp-content\/uploads\/2014\/08\/Luis-Rojas.jpg?resize=121%2C150&amp;ssl=1 121w, https:\/\/i0.wp.com\/eltrabajo.cl\/portal\/wp-content\/uploads\/2014\/08\/Luis-Rojas.jpg?resize=242%2C300&amp;ssl=1 242w, https:\/\/i0.wp.com\/eltrabajo.cl\/portal\/wp-content\/uploads\/2014\/08\/Luis-Rojas.jpg?resize=400%2C495&amp;ssl=1 400w\" sizes=\"auto, (max-width: 222px) 100vw, 222px\" \/><\/a><figcaption id=\"caption-attachment-49584\" class=\"wp-caption-text\">S\u00f3lo minutos despu\u00e9s que su hija recibiera en su nombre la distinci\u00f3n de Hijo Ilustre de Los Andes, dej\u00f3 de existir la noche del mi\u00e9rcoles en su casa el Profesor y \u2018Escribano de Centenario\u2019, Luis Rojas Jelvez (66).<\/figcaption><\/figure>\n<p>El Profesor Rojas naci\u00f3 en la ciudad de Valpara\u00edso el 13 de agosto 1948. Estudi\u00f3 en la Escuela Parroquial y posteriormente en el Liceo Max Salas Marchan. Se titul\u00f3 como Profesor de castellano y se desempe\u00f1\u00f3 durante 20 a\u00f1os como profesor de la jornada vespertina del Liceo Max Salas. En el a\u00f1o 1973 ingres\u00f3 a la Municipalidad de Los Andes, desempe\u00f1\u00e1ndose hasta la fecha como Secretario Municipal.<\/p>\n<p><strong>SU LEGADO<\/strong><\/p>\n<p>Luis Rojas ha sido un activo impulsor de la recuperaci\u00f3n y puesta en valor del Mural El Abrazo de los Pueblos del muralista Gregorio de la Fuente, ubicado en la antigua estaci\u00f3n ferroviaria de Los Andes, siendo Don Luis quien gestion\u00f3 su venida a la ciudad para su restauraci\u00f3n en la d\u00e9cada del 90.<\/p>\n<p>Colabor\u00f3 activamente en el proyecto: Rescate y difusi\u00f3n del mural de la estaci\u00f3n ferroviaria de Los Andes, impulsado por el Centro de Estudios y Gesti\u00f3n del Patrimonio de la Universidad de Valpara\u00edso el a\u00f1o 2012.<\/p>\n<p>Tambi\u00e9n fue un activo promotor del patrimonio arquitect\u00f3nico y cultural de la ciudad de Los Andes, colaborando en la declaratoria de Zona T\u00edpica del Centro Hist\u00f3rico de la ciudad, promoviendo la creaci\u00f3n del Archivo Hist\u00f3rico de la Ciudad, para lo cual ha recopilado y custodiado valiosos textos municipales de alto valor hist\u00f3rico.<\/p>\n<p>Recopil\u00f3 en diversas fuentes el origen andino del vals \u201cSi vas para Chile\u201d del cantautor Chito Far\u00f3, de quien recuper\u00f3 diversos objetos creando un rinc\u00f3n hist\u00f3rico en la Sala del Concejo Municipal con objetos que pertenecieron al destacado artista nacional.<\/p>\n<p>Investigador y promotor de la presencia en nuestra ciudad de la Premio Nobel Gabriela Mistral entre 1912 y 1918, ha recopilado textos y fotograf\u00edas de la \u00e9poca de su presencia de Los Andes y especialmente de la publicaci\u00f3n de \u00abLos sonetos de la Muerte\u00bb en 1914, conmemoraci\u00f3n de la cual este a\u00f1o se cumplen 100 a\u00f1os. Justamente se encontraba preparando un libro con la historia de Gabriela Mistral en su paso por nuestra ciudad.<\/p>\n<p>Los restos de Luis Rojas Jelvez ser\u00e1n velados en la Iglesia de los Padres Pasionistas y sus funerales se comunicar\u00e1n oportunamente.<\/p>\n<p>&nbsp;<\/p>\n","protected":false},"excerpt":{"rendered":"<p>LOS ANDES.- S\u00f3lo minutos despu\u00e9s que su hija recibiera en su nombre la distinci\u00f3n de Hijo Ilustre de Los Andes, dej\u00f3 de existir la noche del mi\u00e9rcoles en su casa habitaci\u00f3n de&#8230;<\/p>\n","protected":false},"author":482,"featured_media":49583,"comment_status":"open","ping_status":"closed","sticky":false,"template":"","format":"standard","meta":{"advanced_seo_description":"","jetpack_seo_html_title":"","jetpack_seo_noindex":false,"_jetpack_memberships_contains_paid_content":false,"footnotes":""},"categories":[15],"tags":[],"class_list":["post-49582","post","type-post","status-publish","format-standard","has-post-thumbnail","hentry","category-comunidad"],"jetpack_featured_media_url":"https:\/\/i0.wp.com\/eltrabajo.cl\/portal\/wp-content\/uploads\/2014\/08\/Rojas2.jpg?fit=528%2C400&ssl=1","jetpack_sharing_enabled":true,"jetpack_likes_enabled":true,"jetpack-related-posts":[],"_links":{"self":[{"href":"https:\/\/eltrabajo.cl\/portal\/wp-json\/wp\/v2\/posts\/49582","targetHints":{"allow":["GET"]}}],"collection":[{"href":"https:\/\/eltrabajo.cl\/portal\/wp-json\/wp\/v2\/posts"}],"about":[{"href":"https:\/\/eltrabajo.cl\/portal\/wp-json\/wp\/v2\/types\/post"}],"author":[{"embeddable":true,"href":"https:\/\/eltrabajo.cl\/portal\/wp-json\/wp\/v2\/users\/482"}],"replies":[{"embeddable":true,"href":"https:\/\/eltrabajo.cl\/portal\/wp-json\/wp\/v2\/comments?post=49582"}],"version-history":[{"count":0,"href":"https:\/\/eltrabajo.cl\/portal\/wp-json\/wp\/v2\/posts\/49582\/revisions"}],"wp:featuredmedia":[{"embeddable":true,"href":"https:\/\/eltrabajo.cl\/portal\/wp-json\/wp\/v2\/media\/49583"}],"wp:attachment":[{"href":"https:\/\/eltrabajo.cl\/portal\/wp-json\/wp\/v2\/media?parent=49582"}],"wp:term":[{"taxonomy":"category","embeddable":true,"href":"https:\/\/eltrabajo.cl\/portal\/wp-json\/wp\/v2\/categories?post=49582"},{"taxonomy":"post_tag","embeddable":true,"href":"https:\/\/eltrabajo.cl\/portal\/wp-json\/wp\/v2\/tags?post=49582"}],"curies":[{"name":"wp","href":"https:\/\/api.w.org\/{rel}","templated":true}]}}