{"id":49591,"date":"2014-08-01T09:48:59","date_gmt":"2014-08-01T13:48:59","guid":{"rendered":"http:\/\/www.eltrabajo.cl\/portal\/?p=49591"},"modified":"2014-08-01T09:48:59","modified_gmt":"2014-08-01T13:48:59","slug":"millonario-atraco-ejecutan-hampones-en-un-minimarket","status":"publish","type":"post","link":"https:\/\/eltrabajo.cl\/portal\/millonario-atraco-ejecutan-hampones-en-un-minimarket\/","title":{"rendered":"Millonario atraco ejecutan hampones en un minimarket"},"content":{"rendered":"<figure id=\"attachment_49592\" aria-describedby=\"caption-attachment-49592\" style=\"width: 370px\" class=\"wp-caption alignleft\"><a href=\"https:\/\/i0.wp.com\/www.eltrabajo.cl\/portal\/wp-content\/uploads\/2014\/08\/asaltante-1-porta.jpg\"><img data-recalc-dims=\"1\" loading=\"lazy\" decoding=\"async\" class=\"wp-image-49592 \" alt=\"Los detenidos fueron trasladados hasta el Juzgado de Garant\u00eda de San Felipe, siendo formalizados por el delito de Robo con intimidaci\u00f3n por la fiscal\u00eda, decret\u00e1ndose la cautelar de Prisi\u00f3n Preventiva por la Magistrado. \" src=\"https:\/\/i0.wp.com\/www.eltrabajo.cl\/portal\/wp-content\/uploads\/2014\/08\/asaltante-1-porta.jpg?resize=370%2C258\" width=\"370\" height=\"258\" srcset=\"https:\/\/i0.wp.com\/eltrabajo.cl\/portal\/wp-content\/uploads\/2014\/08\/asaltante-1-porta.jpg?w=529&amp;ssl=1 529w, https:\/\/i0.wp.com\/eltrabajo.cl\/portal\/wp-content\/uploads\/2014\/08\/asaltante-1-porta.jpg?resize=200%2C139&amp;ssl=1 200w, https:\/\/i0.wp.com\/eltrabajo.cl\/portal\/wp-content\/uploads\/2014\/08\/asaltante-1-porta.jpg?resize=300%2C208&amp;ssl=1 300w, https:\/\/i0.wp.com\/eltrabajo.cl\/portal\/wp-content\/uploads\/2014\/08\/asaltante-1-porta.jpg?resize=150%2C104&amp;ssl=1 150w, https:\/\/i0.wp.com\/eltrabajo.cl\/portal\/wp-content\/uploads\/2014\/08\/asaltante-1-porta.jpg?resize=400%2C278&amp;ssl=1 400w\" sizes=\"auto, (max-width: 370px) 100vw, 370px\" \/><\/a><figcaption id=\"caption-attachment-49592\" class=\"wp-caption-text\">Los detenidos fueron trasladados hasta el Juzgado de Garant\u00eda de San Felipe, siendo formalizados por el delito de Robo con intimidaci\u00f3n por la fiscal\u00eda, decret\u00e1ndose la cautelar de Prisi\u00f3n Preventiva por la Magistrado.<\/figcaption><\/figure>\n<p>Premunidos de un arma de fuego, dos delincuentes a rostro cubierto asaltaron Minimarket Mastic ubicado en Villa El Carmen de San Felipe, intimidando a la propietaria y una vendedora para sustraer $550.000 desde la caja recaudadora de las ventas del d\u00eda y $1.365.000 desde la Caja Vecina de Banco Estado instalada en el lugar.<\/p>\n<figure id=\"attachment_49593\" aria-describedby=\"caption-attachment-49593\" style=\"width: 370px\" class=\"wp-caption alignright\"><a href=\"https:\/\/i0.wp.com\/www.eltrabajo.cl\/portal\/wp-content\/uploads\/2014\/08\/Asaltante-2.jpg\"><img data-recalc-dims=\"1\" loading=\"lazy\" decoding=\"async\" class=\" wp-image-49593 \" alt=\"Personal de Carabineros de San Felipe logr\u00f3 la captura de los antisociales que asaltaron a mano armada el Minimarket Mastic en Villa El Carmen.\" src=\"https:\/\/i0.wp.com\/www.eltrabajo.cl\/portal\/wp-content\/uploads\/2014\/08\/Asaltante-2.jpg?resize=370%2C357\" width=\"370\" height=\"357\" srcset=\"https:\/\/i0.wp.com\/eltrabajo.cl\/portal\/wp-content\/uploads\/2014\/08\/Asaltante-2.jpg?w=529&amp;ssl=1 529w, https:\/\/i0.wp.com\/eltrabajo.cl\/portal\/wp-content\/uploads\/2014\/08\/Asaltante-2.jpg?resize=155%2C150&amp;ssl=1 155w, https:\/\/i0.wp.com\/eltrabajo.cl\/portal\/wp-content\/uploads\/2014\/08\/Asaltante-2.jpg?resize=300%2C289&amp;ssl=1 300w, https:\/\/i0.wp.com\/eltrabajo.cl\/portal\/wp-content\/uploads\/2014\/08\/Asaltante-2.jpg?resize=150%2C144&amp;ssl=1 150w, https:\/\/i0.wp.com\/eltrabajo.cl\/portal\/wp-content\/uploads\/2014\/08\/Asaltante-2.jpg?resize=400%2C385&amp;ssl=1 400w\" sizes=\"auto, (max-width: 370px) 100vw, 370px\" \/><\/a><figcaption id=\"caption-attachment-49593\" class=\"wp-caption-text\">Personal de Carabineros de San Felipe logr\u00f3 la captura de los antisociales que asaltaron a mano armada el Minimarket Mastic en Villa El Carmen.<\/figcaption><\/figure>\n<p>Los hechos se produjeron a eso de las 20:10 horas del pasado mi\u00e9rcoles cuando la due\u00f1a del local comercial de iniciales V.A.C.M. de 37 a\u00f1os requiri\u00f3 la presencia de Carabineros denunciando ser v\u00edctima de este violento hecho delictual, indicando que dos sujetos encapuchados ingresaron hasta su establecimiento ubicado en Avenida Nicol\u00e1s Maruri 1530 de la citada villa en San Felipe para cometer el asalto.<\/p>\n<p>En esos momentos la v\u00edctima se encontraba junto a una trabajadora, quienes sorpresivamente presenciaron a los sujetos, uno de ellos portando una pistola apuntando directamente hacia el rostro de las mujeres, indicando que se quedaran calladas mientras realizaban su cometido. Durante el atraco, uno de los sujetos que portaba la pistola comenz\u00f3 a forcejear con una de las v\u00edctimas, arrebat\u00e1ndole una gargantilla de oro que colgaba en su cuello para luego empujarla contra la pared, llev\u00e1ndose consigo el millonario bot\u00edn y escapar hacia la v\u00eda p\u00fablica.<\/p>\n<p>De acuerdo al relato de testigos de los hechos, los antisociales abordaron un taxi colectivo marca Toyota Yaris de color negro para huir con el dinero hacia el sector poniente, entregando caracter\u00edsticas f\u00edsicas y vestimentas de los asaltantes.<\/p>\n<p>En tanto, Carabineros activ\u00f3 diversos patrullajes por distintos puntos de la comuna, arrojando resultados positivos cerca de las 22:20 horas, cuando se intercept\u00f3 un veh\u00edculo que se desplazaba por Calle Santiago Bueras esquina Manso de Velasco en esta comuna, para practicarle un control de tr\u00e1nsito, sorprendiendo en el interior a dos sujetos identificados como los hermanos Rey David E.N. de 18 a\u00f1os de edad, e Isaac Tabarex E.S. de 26 a\u00f1os, domiciliados en Villa 250 A\u00f1os de San Felipe.<\/p>\n<p>Tras una revisi\u00f3n de sus vestimentas, se incaut\u00f3 a uno de ellos, una pistola marca CZ calibre 9 mm. y siete municiones del mismo calibre, adem\u00e1s de $300.000 en efectivo, mientras que el segundo portaba $300.000 en uno de sus bolsillos, sin lograr explicar la procedencia del dinero a los efectivos policiales, por lo cual fueron detenidos, siendo reconocidos por las v\u00edctimas por sus vestimentas, altura y los labios gruesos de uno de ellos. Asimismo el dinero fue reconocido por los el\u00e1sticos utilizados para separar las cantidades de los billetes.<\/p>\n<p>Se descartar\u00eda la participaci\u00f3n del chofer del taxi colectivo, toda vez que asegur\u00f3 que trasladar\u00eda a los sujetos hasta el sector de Rinconada de Silva, desconociendo que sus pasajeros hab\u00edan cometido un delito horas antes.<\/p>\n<p>Posteriormente los malhechores fueron trasladados hasta el Juzgado de Garant\u00eda de San Felipe para ser formalizados por el delito de Robo con intimidaci\u00f3n por la Fiscal Daniela Quevedo Henr\u00edquez, representante del Ministerio P\u00fablico, a eso de las 13:00 horas de ayer jueves.<\/p>\n<p>Durante la audiencia la persecutora convenci\u00f3 a la Jueza Roc\u00edo Oscariz Collarte que los imputados representaban un peligro para la integridad f\u00edsica y ps\u00edquica de las personas, destacando que los acusados mantienen antecedentes delictivos de Robo con fuerza; Hurto y Robo en bienes nacionales de uso p\u00fablico, pudiendo arriesgar penas de c\u00e1rcel que parten desde los cinco a\u00f1os y un d\u00eda hasta los 20 a\u00f1os.<\/p>\n<p>Pese a debatir latamente entre la Defensa y el Ministerio P\u00fablico la formalizaci\u00f3n, la magistrado del tribunal accedi\u00f3 a la petici\u00f3n de la fiscal\u00eda, decretando la Prisi\u00f3n Preventiva de los imputados por un plazo de 45 d\u00edas para la investigaci\u00f3n.<\/p>\n<p>Pablo Salinas Sald\u00edas<\/p>\n","protected":false},"excerpt":{"rendered":"<p>Premunidos de un arma de fuego, dos delincuentes a rostro cubierto asaltaron Minimarket Mastic ubicado en Villa El Carmen de San Felipe, intimidando a la propietaria y una vendedora para sustraer $550.000&#8230;<\/p>\n","protected":false},"author":482,"featured_media":49592,"comment_status":"open","ping_status":"closed","sticky":false,"template":"","format":"standard","meta":{"advanced_seo_description":"","jetpack_seo_html_title":"","jetpack_seo_noindex":false,"_jetpack_memberships_contains_paid_content":false,"footnotes":""},"categories":[21],"tags":[],"class_list":["post-49591","post","type-post","status-publish","format-standard","has-post-thumbnail","hentry","category-policial"],"jetpack_featured_media_url":"https:\/\/i0.wp.com\/eltrabajo.cl\/portal\/wp-content\/uploads\/2014\/08\/asaltante-1-porta.jpg?fit=529%2C368&ssl=1","jetpack_sharing_enabled":true,"jetpack_likes_enabled":true,"jetpack-related-posts":[],"_links":{"self":[{"href":"https:\/\/eltrabajo.cl\/portal\/wp-json\/wp\/v2\/posts\/49591","targetHints":{"allow":["GET"]}}],"collection":[{"href":"https:\/\/eltrabajo.cl\/portal\/wp-json\/wp\/v2\/posts"}],"about":[{"href":"https:\/\/eltrabajo.cl\/portal\/wp-json\/wp\/v2\/types\/post"}],"author":[{"embeddable":true,"href":"https:\/\/eltrabajo.cl\/portal\/wp-json\/wp\/v2\/users\/482"}],"replies":[{"embeddable":true,"href":"https:\/\/eltrabajo.cl\/portal\/wp-json\/wp\/v2\/comments?post=49591"}],"version-history":[{"count":0,"href":"https:\/\/eltrabajo.cl\/portal\/wp-json\/wp\/v2\/posts\/49591\/revisions"}],"wp:featuredmedia":[{"embeddable":true,"href":"https:\/\/eltrabajo.cl\/portal\/wp-json\/wp\/v2\/media\/49592"}],"wp:attachment":[{"href":"https:\/\/eltrabajo.cl\/portal\/wp-json\/wp\/v2\/media?parent=49591"}],"wp:term":[{"taxonomy":"category","embeddable":true,"href":"https:\/\/eltrabajo.cl\/portal\/wp-json\/wp\/v2\/categories?post=49591"},{"taxonomy":"post_tag","embeddable":true,"href":"https:\/\/eltrabajo.cl\/portal\/wp-json\/wp\/v2\/tags?post=49591"}],"curies":[{"name":"wp","href":"https:\/\/api.w.org\/{rel}","templated":true}]}}