{"id":49612,"date":"2014-08-04T09:42:48","date_gmt":"2014-08-04T13:42:48","guid":{"rendered":"http:\/\/www.eltrabajo.cl\/portal\/?p=49612"},"modified":"2014-08-04T10:18:26","modified_gmt":"2014-08-04T14:18:26","slug":"sexto-encuentro-gastronomico-2014-con-nota-7-en-el-club-san-felipe","status":"publish","type":"post","link":"https:\/\/eltrabajo.cl\/portal\/sexto-encuentro-gastronomico-2014-con-nota-7-en-el-club-san-felipe\/","title":{"rendered":"Sexto Encuentro gastron\u00f3mico 2014 con Nota 7 en el Club San Felipe"},"content":{"rendered":"<p><a href=\"https:\/\/i0.wp.com\/www.eltrabajo.cl\/portal\/wp-content\/uploads\/2014\/08\/Bocadillos1.jpg\"><img data-recalc-dims=\"1\" loading=\"lazy\" decoding=\"async\" class=\"size-full wp-image-49613\" alt=\"LOS EXPERTOS.- Estos amigos del sabor hicieron de las suyas para deleitar a las m\u00e1s de 500 personas que asistieron al VI Encuentro Gastron\u00f3mico 2014, organizado por Colegio Horizonte.\" src=\"https:\/\/i0.wp.com\/www.eltrabajo.cl\/portal\/wp-content\/uploads\/2014\/08\/Bocadillos1.jpg?resize=529%2C358\" width=\"529\" height=\"358\" srcset=\"https:\/\/i0.wp.com\/eltrabajo.cl\/portal\/wp-content\/uploads\/2014\/08\/Bocadillos1.jpg?w=529&amp;ssl=1 529w, https:\/\/i0.wp.com\/eltrabajo.cl\/portal\/wp-content\/uploads\/2014\/08\/Bocadillos1.jpg?resize=200%2C135&amp;ssl=1 200w, https:\/\/i0.wp.com\/eltrabajo.cl\/portal\/wp-content\/uploads\/2014\/08\/Bocadillos1.jpg?resize=300%2C203&amp;ssl=1 300w, https:\/\/i0.wp.com\/eltrabajo.cl\/portal\/wp-content\/uploads\/2014\/08\/Bocadillos1.jpg?resize=150%2C101&amp;ssl=1 150w, https:\/\/i0.wp.com\/eltrabajo.cl\/portal\/wp-content\/uploads\/2014\/08\/Bocadillos1.jpg?resize=400%2C270&amp;ssl=1 400w\" sizes=\"auto, (max-width: 529px) 100vw, 529px\" \/><\/a><\/p>\n<dl class=\"wp-caption alignnone\" id=\"attachment_49613\" style=\"width: 539px;\">\n<dd class=\"wp-caption-dd\">LOS EXPERTOS.- Estos amigos del sabor hicieron de las suyas para deleitar a las m\u00e1s de 500 personas que asistieron al VI Encuentro Gastron\u00f3mico 2014, organizado por Colegio Horizonte.<\/dd>\n<\/dl>\n<p>Este viernes se realiz\u00f3 de forma impecable en el Club San Felipe, el VI Encuentro gastron\u00f3mico 2014, organizado por el Colegio Horizonte. La actividad se viene desarrollando anualmente con motivo del aniversario de nuestra ciudad, en la jornada participaron 26 expositores, el evento este a\u00f1o cont\u00f3 con 86 auspiciadores, entre ellos Codelco, Colbun, Lipigas, Inca Hoteles, Buses Ahumada, Buses JM y Vi\u00f1a San Esteban entre otros.<\/p>\n<p>A la actividad lleg\u00f3 el Alcalde Patricio Freire; el Core Iv\u00e1n Reyes; concejales y mucho p\u00fablico amigo y familiares de los participantes. El Colegio Horizonte atiende de manera gratuita a 97 alumnos que requieren de atenciones educativas especiales, uno de ellos y quien durante este a\u00f1o se incorpor\u00f3 al colegio, Alberto Araya, coment\u00f3 que \u00abyo estoy satisfecho y agradecido por esta oportunidad (\u2026) estoy aprendiendo mucho sobre cocina y otras cosas (\u2026) Dios cre\u00f3 el cielo, Colo Colo las Estrellas\u2026y tambi\u00e9n me cre\u00f3 a m\u00ed\u2026\u00bb.<\/p>\n<p>El Alcalde Patricio Freire por su parte, explic\u00f3 que \u00abla integraci\u00f3n tiene que llegar a todos los extremos de nuestra comuna, estos logros son parte de nuestros sue\u00f1os como sanfelipe\u00f1os, agradezco a todos los auspiciadores que apoyan esta iniciativa, ojala que cada a\u00f1o sea m\u00e1s grande\u00bb.<\/p>\n<p><strong>CRECIMIENTO<\/strong><\/p>\n<p>\u00abAl principio cuando iniciamos estos encuentros, fueron pocas las personas y empresas involucradas, en definitiva hoy la diferencia es muy grande, agradezco a cada uno de las personas naturales; peque\u00f1as, medianas y no tan medianas empresas que este a\u00f1o se han incorporado a nuestro encuentro, gracias a los estudiantes de nuestra escuela y especialmente a los alumnos del Taller de servicio de alimentaci\u00f3n colectiva, mismo que pretende desarrollar en ellos las competencias laborales y de empleabilidad en el \u00e1mbito de la manipulaci\u00f3n de alimentos\u00bb, coment\u00f3 Yamile Ruiz Sapaj a Diario El Trabajo, Directora del Colegio Horizonte.<\/p>\n<p>\u00abTambi\u00e9n destaco el trabajo de cada uno de los exponentes, ellos trabajaron de manera gratuita, las tres asociaciones de chefs que nos respaldaron, al Colegio Veneciano de Llay Llay entre tantos participantes\u00bb, agreg\u00f3 Ruiz.<\/p>\n<p>Las c\u00e1maras de nuestro medio registr\u00f3 cada detalle de la jornada, hubo ricas empanadas; refrescantes pruebas de vino; carne salteada, panes, pasteles, galletas, chocolates, tamal de choclo, ceviche y muchas otras delicias, todas preparadas por los estudiantes de Horizonte.<\/p>\n<p>Roberto Gonz\u00e1lez Short<\/p>\n<p>rgonzalez@eltrabajo.cl<\/p>\n<div class=\"tiled-gallery type-rectangular tiled-gallery-unresized\" data-original-width=\"640\" data-carousel-extra='null' itemscope itemtype=\"http:\/\/schema.org\/ImageGallery\" > <div class=\"gallery-row\" style=\"width: 640px; height: 158px;\" data-original-width=\"640\" data-original-height=\"158\" > <div class=\"gallery-group images-1\" style=\"width: 232px; height: 158px;\" data-original-width=\"232\" data-original-height=\"158\" > <div class=\"tiled-gallery-item tiled-gallery-item-small\" itemprop=\"associatedMedia\" itemscope itemtype=\"http:\/\/schema.org\/ImageObject\"> <a href=\"https:\/\/eltrabajo.cl\/portal\/sexto-encuentro-gastronomico-2014-con-nota-7-en-el-club-san-felipe\/honores1-2\/\" border=\"0\" itemprop=\"url\"> <meta itemprop=\"width\" content=\"228\"> <meta itemprop=\"height\" content=\"154\"> <img decoding=\"async\" class=\"\" data-attachment-id=\"49617\" data-orig-file=\"https:\/\/eltrabajo.cl\/portal\/wp-content\/uploads\/2014\/08\/Honores1.jpg\" data-orig-size=\"529,358\" data-comments-opened=\"1\" data-image-meta=\"{&quot;aperture&quot;:&quot;22&quot;,&quot;credit&quot;:&quot;&quot;,&quot;camera&quot;:&quot;Canon EOS REBEL T1i&quot;,&quot;caption&quot;:&quot;&quot;,&quot;created_timestamp&quot;:&quot;1406902102&quot;,&quot;copyright&quot;:&quot;&quot;,&quot;focal_length&quot;:&quot;18&quot;,&quot;iso&quot;:&quot;400&quot;,&quot;shutter_speed&quot;:&quot;0.005&quot;,&quot;title&quot;:&quot;&quot;}\" data-image-title=\"Honores1\" data-image-description=\"&lt;p&gt;MISI\u00d3N CUMPLIDA.- Varias escuelas gastron\u00f3micas fueron reconocidas por las autoridades de nuestra provincia.&lt;\/p&gt; \" data-medium-file=\"https:\/\/i0.wp.com\/eltrabajo.cl\/portal\/wp-content\/uploads\/2014\/08\/Honores1.jpg?fit=300%2C203&#038;ssl=1\" data-large-file=\"https:\/\/i0.wp.com\/eltrabajo.cl\/portal\/wp-content\/uploads\/2014\/08\/Honores1.jpg?fit=529%2C358&#038;ssl=1\" src=\"https:\/\/i0.wp.com\/eltrabajo.cl\/portal\/wp-content\/uploads\/2014\/08\/Honores1.jpg?w=228&#038;h=154&#038;ssl=1\" srcset=\"https:\/\/i0.wp.com\/eltrabajo.cl\/portal\/wp-content\/uploads\/2014\/08\/Honores1.jpg?w=529&amp;ssl=1 529w, https:\/\/i0.wp.com\/eltrabajo.cl\/portal\/wp-content\/uploads\/2014\/08\/Honores1.jpg?resize=200%2C135&amp;ssl=1 200w, https:\/\/i0.wp.com\/eltrabajo.cl\/portal\/wp-content\/uploads\/2014\/08\/Honores1.jpg?resize=300%2C203&amp;ssl=1 300w, https:\/\/i0.wp.com\/eltrabajo.cl\/portal\/wp-content\/uploads\/2014\/08\/Honores1.jpg?resize=150%2C101&amp;ssl=1 150w, https:\/\/i0.wp.com\/eltrabajo.cl\/portal\/wp-content\/uploads\/2014\/08\/Honores1.jpg?resize=400%2C270&amp;ssl=1 400w\" width=\"228\" height=\"154\" loading=\"lazy\" data-original-width=\"228\" data-original-height=\"154\" itemprop=\"http:\/\/schema.org\/image\" title=\"Honores1\" alt=\"MISI\u00d3N CUMPLIDA.- Varias escuelas gastron\u00f3micas fueron reconocidas por las autoridades de nuestra provincia.\" style=\"width: 228px; height: 154px;\" \/> <\/a> <div class=\"tiled-gallery-caption\" itemprop=\"caption description\"> MISI\u00d3N CUMPLIDA.- Varias escuelas gastron\u00f3micas fueron reconocidas por las autoridades de nuestra provincia. <\/div> <\/div> <\/div> <!-- close group --> <div class=\"gallery-group images-1\" style=\"width: 139px; height: 158px;\" data-original-width=\"139\" data-original-height=\"158\" > <div class=\"tiled-gallery-item tiled-gallery-item-small\" itemprop=\"associatedMedia\" itemscope itemtype=\"http:\/\/schema.org\/ImageObject\"> <a href=\"https:\/\/eltrabajo.cl\/portal\/sexto-encuentro-gastronomico-2014-con-nota-7-en-el-club-san-felipe\/carlos-luis-sandoval\/\" border=\"0\" itemprop=\"url\"> <meta itemprop=\"width\" content=\"135\"> <meta itemprop=\"height\" content=\"154\"> <img decoding=\"async\" class=\"\" data-attachment-id=\"49614\" data-orig-file=\"https:\/\/eltrabajo.cl\/portal\/wp-content\/uploads\/2014\/08\/Carlos-Luis-Sandoval.jpg\" data-orig-size=\"529,603\" data-comments-opened=\"1\" data-image-meta=\"{&quot;aperture&quot;:&quot;22&quot;,&quot;credit&quot;:&quot;&quot;,&quot;camera&quot;:&quot;Canon EOS REBEL T1i&quot;,&quot;caption&quot;:&quot;&quot;,&quot;created_timestamp&quot;:&quot;1406903056&quot;,&quot;copyright&quot;:&quot;&quot;,&quot;focal_length&quot;:&quot;25&quot;,&quot;iso&quot;:&quot;400&quot;,&quot;shutter_speed&quot;:&quot;0.005&quot;,&quot;title&quot;:&quot;&quot;}\" data-image-title=\"Carlos Luis Sandoval\" data-image-description=\"&lt;p&gt;EL EJEMPLO.- Carlos Luis Sandoval es uno de los exalumnos del Colegio Horizonte que ya est\u00e1 laborando en empresas. \u00c9l es un claro ejemplo de esfuerzo y coraje.&lt;\/p&gt; \" data-medium-file=\"https:\/\/i0.wp.com\/eltrabajo.cl\/portal\/wp-content\/uploads\/2014\/08\/Carlos-Luis-Sandoval.jpg?fit=263%2C300&#038;ssl=1\" data-large-file=\"https:\/\/i0.wp.com\/eltrabajo.cl\/portal\/wp-content\/uploads\/2014\/08\/Carlos-Luis-Sandoval.jpg?fit=529%2C603&#038;ssl=1\" src=\"https:\/\/i0.wp.com\/eltrabajo.cl\/portal\/wp-content\/uploads\/2014\/08\/Carlos-Luis-Sandoval.jpg?w=135&#038;h=154&#038;ssl=1\" srcset=\"https:\/\/i0.wp.com\/eltrabajo.cl\/portal\/wp-content\/uploads\/2014\/08\/Carlos-Luis-Sandoval.jpg?w=529&amp;ssl=1 529w, https:\/\/i0.wp.com\/eltrabajo.cl\/portal\/wp-content\/uploads\/2014\/08\/Carlos-Luis-Sandoval.jpg?resize=131%2C150&amp;ssl=1 131w, https:\/\/i0.wp.com\/eltrabajo.cl\/portal\/wp-content\/uploads\/2014\/08\/Carlos-Luis-Sandoval.jpg?resize=263%2C300&amp;ssl=1 263w, https:\/\/i0.wp.com\/eltrabajo.cl\/portal\/wp-content\/uploads\/2014\/08\/Carlos-Luis-Sandoval.jpg?resize=400%2C455&amp;ssl=1 400w\" width=\"135\" height=\"154\" loading=\"lazy\" data-original-width=\"135\" data-original-height=\"154\" itemprop=\"http:\/\/schema.org\/image\" title=\"Carlos Luis Sandoval\" alt=\"EL EJEMPLO.- Carlos Luis Sandoval es uno de los exalumnos del Colegio Horizonte que ya est\u00e1 laborando en empresas. \u00c9l es un claro ejemplo de esfuerzo y coraje.\" style=\"width: 135px; height: 154px;\" \/> <\/a> <div class=\"tiled-gallery-caption\" itemprop=\"caption description\"> EL EJEMPLO.- Carlos Luis Sandoval es uno de los exalumnos del Colegio Horizonte que ya est\u00e1 laborando en empresas. \u00c9l es un claro ejemplo de esfuerzo y coraje. <\/div> <\/div> <\/div> <!-- close group --> <div class=\"gallery-group images-1\" style=\"width: 157px; height: 158px;\" data-original-width=\"157\" data-original-height=\"158\" > <div class=\"tiled-gallery-item tiled-gallery-item-small\" itemprop=\"associatedMedia\" itemscope itemtype=\"http:\/\/schema.org\/ImageObject\"> <a href=\"https:\/\/eltrabajo.cl\/portal\/sexto-encuentro-gastronomico-2014-con-nota-7-en-el-club-san-felipe\/panes1\/\" border=\"0\" itemprop=\"url\"> <meta itemprop=\"width\" content=\"153\"> <meta itemprop=\"height\" content=\"154\"> <img decoding=\"async\" class=\"\" data-attachment-id=\"49615\" data-orig-file=\"https:\/\/eltrabajo.cl\/portal\/wp-content\/uploads\/2014\/08\/Panes1.jpg\" data-orig-size=\"529,533\" data-comments-opened=\"1\" data-image-meta=\"{&quot;aperture&quot;:&quot;5&quot;,&quot;credit&quot;:&quot;&quot;,&quot;camera&quot;:&quot;Canon EOS REBEL T1i&quot;,&quot;caption&quot;:&quot;&quot;,&quot;created_timestamp&quot;:&quot;1406901613&quot;,&quot;copyright&quot;:&quot;&quot;,&quot;focal_length&quot;:&quot;25&quot;,&quot;iso&quot;:&quot;100&quot;,&quot;shutter_speed&quot;:&quot;0.016666666666667&quot;,&quot;title&quot;:&quot;&quot;}\" data-image-title=\"Panes1\" data-image-description=\"&lt;p&gt;EL PAN NUESTRO.- Tanto el pan integran como el normal, fueron unos de los preferidos por el p\u00fablico en este evento culinario en la provincia.&lt;\/p&gt; \" data-medium-file=\"https:\/\/i0.wp.com\/eltrabajo.cl\/portal\/wp-content\/uploads\/2014\/08\/Panes1.jpg?fit=297%2C300&#038;ssl=1\" data-large-file=\"https:\/\/i0.wp.com\/eltrabajo.cl\/portal\/wp-content\/uploads\/2014\/08\/Panes1.jpg?fit=529%2C533&#038;ssl=1\" src=\"https:\/\/i0.wp.com\/eltrabajo.cl\/portal\/wp-content\/uploads\/2014\/08\/Panes1.jpg?w=153&#038;h=154&#038;ssl=1\" srcset=\"https:\/\/i0.wp.com\/eltrabajo.cl\/portal\/wp-content\/uploads\/2014\/08\/Panes1.jpg?w=529&amp;ssl=1 529w, https:\/\/i0.wp.com\/eltrabajo.cl\/portal\/wp-content\/uploads\/2014\/08\/Panes1.jpg?resize=148%2C150&amp;ssl=1 148w, https:\/\/i0.wp.com\/eltrabajo.cl\/portal\/wp-content\/uploads\/2014\/08\/Panes1.jpg?resize=297%2C300&amp;ssl=1 297w, https:\/\/i0.wp.com\/eltrabajo.cl\/portal\/wp-content\/uploads\/2014\/08\/Panes1.jpg?resize=400%2C403&amp;ssl=1 400w\" width=\"153\" height=\"154\" loading=\"lazy\" data-original-width=\"153\" data-original-height=\"154\" itemprop=\"http:\/\/schema.org\/image\" title=\"Panes1\" alt=\"EL PAN NUESTRO.- Tanto el pan integran como el normal, fueron unos de los preferidos por el p\u00fablico en este evento culinario en la provincia.\" style=\"width: 153px; height: 154px;\" \/> <\/a> <div class=\"tiled-gallery-caption\" itemprop=\"caption description\"> EL PAN NUESTRO.- Tanto el pan integran como el normal, fueron unos de los preferidos por el p\u00fablico en este evento culinario en la provincia. <\/div> <\/div> <\/div> <!-- close group --> <div class=\"gallery-group images-1\" style=\"width: 112px; height: 158px;\" data-original-width=\"112\" data-original-height=\"158\" > <div class=\"tiled-gallery-item tiled-gallery-item-small\" itemprop=\"associatedMedia\" itemscope itemtype=\"http:\/\/schema.org\/ImageObject\"> <a href=\"https:\/\/eltrabajo.cl\/portal\/sexto-encuentro-gastronomico-2014-con-nota-7-en-el-club-san-felipe\/sonia1-5\/\" border=\"0\" itemprop=\"url\"> <meta itemprop=\"width\" content=\"108\"> <meta itemprop=\"height\" content=\"154\"> <img decoding=\"async\" class=\"\" data-attachment-id=\"49616\" data-orig-file=\"https:\/\/eltrabajo.cl\/portal\/wp-content\/uploads\/2014\/08\/Sonia1.jpg\" data-orig-size=\"529,754\" data-comments-opened=\"1\" data-image-meta=\"{&quot;aperture&quot;:&quot;4&quot;,&quot;credit&quot;:&quot;&quot;,&quot;camera&quot;:&quot;Canon EOS REBEL T1i&quot;,&quot;caption&quot;:&quot;&quot;,&quot;created_timestamp&quot;:&quot;1406903706&quot;,&quot;copyright&quot;:&quot;&quot;,&quot;focal_length&quot;:&quot;24&quot;,&quot;iso&quot;:&quot;400&quot;,&quot;shutter_speed&quot;:&quot;0.016666666666667&quot;,&quot;title&quot;:&quot;&quot;}\" data-image-title=\"Sonia1\" data-image-description=\"&lt;p&gt;SONIA LA \u00daNICA.- Restaurante Social La \u00fanica tambi\u00e9n sorprendi\u00f3 a los presentes con sus platillos y muestras culinarias.&lt;\/p&gt; \" data-medium-file=\"https:\/\/i0.wp.com\/eltrabajo.cl\/portal\/wp-content\/uploads\/2014\/08\/Sonia1.jpg?fit=210%2C300&#038;ssl=1\" data-large-file=\"https:\/\/i0.wp.com\/eltrabajo.cl\/portal\/wp-content\/uploads\/2014\/08\/Sonia1.jpg?fit=529%2C754&#038;ssl=1\" src=\"https:\/\/i0.wp.com\/eltrabajo.cl\/portal\/wp-content\/uploads\/2014\/08\/Sonia1.jpg?w=108&#038;h=154&#038;ssl=1\" srcset=\"https:\/\/i0.wp.com\/eltrabajo.cl\/portal\/wp-content\/uploads\/2014\/08\/Sonia1.jpg?w=529&amp;ssl=1 529w, https:\/\/i0.wp.com\/eltrabajo.cl\/portal\/wp-content\/uploads\/2014\/08\/Sonia1.jpg?resize=105%2C150&amp;ssl=1 105w, https:\/\/i0.wp.com\/eltrabajo.cl\/portal\/wp-content\/uploads\/2014\/08\/Sonia1.jpg?resize=210%2C300&amp;ssl=1 210w, https:\/\/i0.wp.com\/eltrabajo.cl\/portal\/wp-content\/uploads\/2014\/08\/Sonia1.jpg?resize=400%2C570&amp;ssl=1 400w\" width=\"108\" height=\"154\" loading=\"lazy\" data-original-width=\"108\" data-original-height=\"154\" itemprop=\"http:\/\/schema.org\/image\" title=\"Sonia1\" alt=\"SONIA LA \u00daNICA.- Restaurante Social La \u00fanica tambi\u00e9n sorprendi\u00f3 a los presentes con sus platillos y muestras culinarias.\" style=\"width: 108px; height: 154px;\" \/> <\/a> <div class=\"tiled-gallery-caption\" itemprop=\"caption description\"> SONIA LA \u00daNICA.- Restaurante Social La \u00fanica tambi\u00e9n sorprendi\u00f3 a los presentes con sus platillos y muestras culinarias. <\/div> <\/div> <\/div> <!-- close group --> <\/div> <!-- close row --> <\/div>\n","protected":false},"excerpt":{"rendered":"<p>LOS EXPERTOS.- Estos amigos del sabor hicieron de las suyas para deleitar a las m\u00e1s de 500 personas que asistieron al VI Encuentro Gastron\u00f3mico 2014, organizado por Colegio Horizonte. Este viernes se&#8230;<\/p>\n","protected":false},"author":482,"featured_media":49613,"comment_status":"open","ping_status":"closed","sticky":false,"template":"","format":"standard","meta":{"advanced_seo_description":"","jetpack_seo_html_title":"","jetpack_seo_noindex":false,"_jetpack_memberships_contains_paid_content":false,"footnotes":""},"categories":[15],"tags":[],"class_list":["post-49612","post","type-post","status-publish","format-standard","has-post-thumbnail","hentry","category-comunidad"],"jetpack_featured_media_url":"https:\/\/i0.wp.com\/eltrabajo.cl\/portal\/wp-content\/uploads\/2014\/08\/Bocadillos1.jpg?fit=529%2C358&ssl=1","jetpack_sharing_enabled":true,"jetpack_likes_enabled":true,"jetpack-related-posts":[],"_links":{"self":[{"href":"https:\/\/eltrabajo.cl\/portal\/wp-json\/wp\/v2\/posts\/49612","targetHints":{"allow":["GET"]}}],"collection":[{"href":"https:\/\/eltrabajo.cl\/portal\/wp-json\/wp\/v2\/posts"}],"about":[{"href":"https:\/\/eltrabajo.cl\/portal\/wp-json\/wp\/v2\/types\/post"}],"author":[{"embeddable":true,"href":"https:\/\/eltrabajo.cl\/portal\/wp-json\/wp\/v2\/users\/482"}],"replies":[{"embeddable":true,"href":"https:\/\/eltrabajo.cl\/portal\/wp-json\/wp\/v2\/comments?post=49612"}],"version-history":[{"count":0,"href":"https:\/\/eltrabajo.cl\/portal\/wp-json\/wp\/v2\/posts\/49612\/revisions"}],"wp:featuredmedia":[{"embeddable":true,"href":"https:\/\/eltrabajo.cl\/portal\/wp-json\/wp\/v2\/media\/49613"}],"wp:attachment":[{"href":"https:\/\/eltrabajo.cl\/portal\/wp-json\/wp\/v2\/media?parent=49612"}],"wp:term":[{"taxonomy":"category","embeddable":true,"href":"https:\/\/eltrabajo.cl\/portal\/wp-json\/wp\/v2\/categories?post=49612"},{"taxonomy":"post_tag","embeddable":true,"href":"https:\/\/eltrabajo.cl\/portal\/wp-json\/wp\/v2\/tags?post=49612"}],"curies":[{"name":"wp","href":"https:\/\/api.w.org\/{rel}","templated":true}]}}