{"id":49620,"date":"2014-08-04T09:43:48","date_gmt":"2014-08-04T13:43:48","guid":{"rendered":"http:\/\/www.eltrabajo.cl\/portal\/?p=49620"},"modified":"2014-08-04T09:43:48","modified_gmt":"2014-08-04T13:43:48","slug":"con-cicletada-partio-programa-de-celebracion-de-56-anos-de-sanfecoop","status":"publish","type":"post","link":"https:\/\/eltrabajo.cl\/portal\/con-cicletada-partio-programa-de-celebracion-de-56-anos-de-sanfecoop\/","title":{"rendered":"Con cicletada parti\u00f3 programa de celebraci\u00f3n de 56 a\u00f1os de Sanfecoop"},"content":{"rendered":"<figure id=\"attachment_49621\" aria-describedby=\"caption-attachment-49621\" style=\"width: 529px\" class=\"wp-caption alignnone\"><a href=\"https:\/\/i0.wp.com\/www.eltrabajo.cl\/portal\/wp-content\/uploads\/2014\/08\/sanfecoop.jpg\"><img data-recalc-dims=\"1\" loading=\"lazy\" decoding=\"async\" class=\"size-full wp-image-49621\" alt=\"La Directiva del Consejo de Administraci\u00f3n de Sanfecoop dio a conocer el calendario de actividades en el marco de la celebraci\u00f3n de 56\u00aa aniversario de la cooperativa de San Felipe.  \" src=\"https:\/\/i0.wp.com\/www.eltrabajo.cl\/portal\/wp-content\/uploads\/2014\/08\/sanfecoop.jpg?resize=529%2C401\" width=\"529\" height=\"401\" srcset=\"https:\/\/i0.wp.com\/eltrabajo.cl\/portal\/wp-content\/uploads\/2014\/08\/sanfecoop.jpg?w=529&amp;ssl=1 529w, https:\/\/i0.wp.com\/eltrabajo.cl\/portal\/wp-content\/uploads\/2014\/08\/sanfecoop.jpg?resize=197%2C150&amp;ssl=1 197w, https:\/\/i0.wp.com\/eltrabajo.cl\/portal\/wp-content\/uploads\/2014\/08\/sanfecoop.jpg?resize=300%2C227&amp;ssl=1 300w, https:\/\/i0.wp.com\/eltrabajo.cl\/portal\/wp-content\/uploads\/2014\/08\/sanfecoop.jpg?resize=150%2C113&amp;ssl=1 150w, https:\/\/i0.wp.com\/eltrabajo.cl\/portal\/wp-content\/uploads\/2014\/08\/sanfecoop.jpg?resize=400%2C303&amp;ssl=1 400w\" sizes=\"auto, (max-width: 529px) 100vw, 529px\" \/><\/a><figcaption id=\"caption-attachment-49621\" class=\"wp-caption-text\">La Directiva del Consejo de Administraci\u00f3n de Sanfecoop dio a conocer el calendario de actividades en el marco de la celebraci\u00f3n de 56\u00aa aniversario de la cooperativa de San Felipe.<\/figcaption><\/figure>\n<p>Con diferentes actividades familiares, culturales y de salud, se tienen contempladas para este mes de agosto de la celebraci\u00f3n de los 56 a\u00f1os que celebra la Cooperativa Sanfecoop, misma que actualmente tiene 15.000 socios.<\/p>\n<p>El Consejo de Administraci\u00f3n de esta instituci\u00f3n, presidida por Rolando Stevenson y todo el cuerpo directivo, dieron a conocer el calendario para promover las actividades a fin de integrar a la comunidad, jornada que parti\u00f3 con una cicletada familiar el pasado s\u00e1bado, premiando el esfuerzo de los participantes que concurrieron hasta la casa matriz en Navarro 123 en San Felipe para competir en un circuito dentro de la cuatro alamedas.<\/p>\n<p><strong>EL CALENDARIO<\/strong><\/p>\n<p>Para hoy lunes 04 de agosto a partir de las 09:00 horas, la Feria de Productores Artesanos deleitar\u00e1n a los asistentes con la venta a bajo costo de sopaipillas, queques, k\u00fcchen, frutos secos, licores, pan amasado, tejidos y diversas artesan\u00edas en Calle Navarro 123 de San Felipe.<\/p>\n<p>En forma gratuita este jueves 07 en las mismas dependencias de la cooperativa se brindar\u00e1 atenci\u00f3n oftalmol\u00f3gica a partir de las 10:00 horas. Para el s\u00e1bado 09 en el sal\u00f3n de eventos de Sanfecoop, la comunidad podr\u00e1 asistir a la Gala T con Tango a partir de las 18:00 horas, donde se premiar\u00e1n a 50 parejas que competir\u00e1n con la invitaci\u00f3n de una rica once p\u00f3stuma.<\/p>\n<p>Para cerrar la primera semana en la Catedral de San Felipe a partir del mediod\u00eda del domingo 10 de agosto, se celebrar\u00e1 una Misa en memoria de los socios fallecidos. Las actividades continuar\u00e1n desde las 10:00 horas del d\u00eda lunes 11 con el acto de celebraci\u00f3n del aniversario, destac\u00e1ndose a cuatro socios activos mayores de 90 a\u00f1os.<\/p>\n<p>En materia de salud, para la tercera edad tras un convenio con el Centro de Salud Familiar San Felipe El Real, este mi\u00e9rcoles 13 desde las 10:00 horas se desplegar\u00e1 un operativo para quienes deseen consultar a los diversos profesionales, quienes atender\u00e1n a los asistentes a la misma cooperativa por alg\u00fan tipo de enfermedad.<\/p>\n<p>Asimismo, en forma gratuita se ofrecer\u00e1 atenci\u00f3n podol\u00f3gica este jueves 14 en Navarro 123 en San Felipe, desde las 10:00 horas a cargo del Instituto John Kennedy, se\u00f1al\u00f3 Stevenson, quien recalc\u00f3 la invitaci\u00f3n a la comunidad a participar de las actividades del aniversario de la cooperativa.<\/p>\n<p>Por su parte el consejero miembro de la honorable directiva, Luis Osvaldo Pino Rozas, agreg\u00f3 que \u201cesta cooperativa tiene m\u00e1s de 15.000 socios; 7.000 activos, es la empresa p\u00fablica privada m\u00e1s grande de San Felipe y se ha constituido en el motor del desarrollo de la gente que quiere emprender en la comuna, y quiero se\u00f1alarlo taxativamente, porque creo que los sanfelipe\u00f1os se den cuenta de que esta instituci\u00f3n debe perdurar, que cada vez debe ser m\u00e1s grande\u201d, puntualiz\u00f3 Pino.<\/p>\n<p>Pablo Salinas Sald\u00edas<\/p>\n<p>&nbsp;<\/p>\n","protected":false},"excerpt":{"rendered":"<p>Con diferentes actividades familiares, culturales y de salud, se tienen contempladas para este mes de agosto de la celebraci\u00f3n de los 56 a\u00f1os que celebra la Cooperativa Sanfecoop, misma que actualmente tiene&#8230;<\/p>\n","protected":false},"author":482,"featured_media":49621,"comment_status":"open","ping_status":"closed","sticky":false,"template":"","format":"standard","meta":{"advanced_seo_description":"","jetpack_seo_html_title":"","jetpack_seo_noindex":false,"_jetpack_memberships_contains_paid_content":false,"footnotes":""},"categories":[15],"tags":[],"class_list":["post-49620","post","type-post","status-publish","format-standard","has-post-thumbnail","hentry","category-comunidad"],"jetpack_featured_media_url":"https:\/\/i0.wp.com\/eltrabajo.cl\/portal\/wp-content\/uploads\/2014\/08\/sanfecoop.jpg?fit=529%2C401&ssl=1","jetpack_sharing_enabled":true,"jetpack_likes_enabled":true,"jetpack-related-posts":[],"_links":{"self":[{"href":"https:\/\/eltrabajo.cl\/portal\/wp-json\/wp\/v2\/posts\/49620","targetHints":{"allow":["GET"]}}],"collection":[{"href":"https:\/\/eltrabajo.cl\/portal\/wp-json\/wp\/v2\/posts"}],"about":[{"href":"https:\/\/eltrabajo.cl\/portal\/wp-json\/wp\/v2\/types\/post"}],"author":[{"embeddable":true,"href":"https:\/\/eltrabajo.cl\/portal\/wp-json\/wp\/v2\/users\/482"}],"replies":[{"embeddable":true,"href":"https:\/\/eltrabajo.cl\/portal\/wp-json\/wp\/v2\/comments?post=49620"}],"version-history":[{"count":0,"href":"https:\/\/eltrabajo.cl\/portal\/wp-json\/wp\/v2\/posts\/49620\/revisions"}],"wp:featuredmedia":[{"embeddable":true,"href":"https:\/\/eltrabajo.cl\/portal\/wp-json\/wp\/v2\/media\/49621"}],"wp:attachment":[{"href":"https:\/\/eltrabajo.cl\/portal\/wp-json\/wp\/v2\/media?parent=49620"}],"wp:term":[{"taxonomy":"category","embeddable":true,"href":"https:\/\/eltrabajo.cl\/portal\/wp-json\/wp\/v2\/categories?post=49620"},{"taxonomy":"post_tag","embeddable":true,"href":"https:\/\/eltrabajo.cl\/portal\/wp-json\/wp\/v2\/tags?post=49620"}],"curies":[{"name":"wp","href":"https:\/\/api.w.org\/{rel}","templated":true}]}}