{"id":49623,"date":"2014-08-04T09:54:55","date_gmt":"2014-08-04T13:54:55","guid":{"rendered":"http:\/\/www.eltrabajo.cl\/portal\/?p=49623"},"modified":"2014-08-04T09:54:55","modified_gmt":"2014-08-04T13:54:55","slug":"fuerzas-vivas-celebran-en-grande-nuestros-274-anos-como-ciudad","status":"publish","type":"post","link":"https:\/\/eltrabajo.cl\/portal\/fuerzas-vivas-celebran-en-grande-nuestros-274-anos-como-ciudad\/","title":{"rendered":"Fuerzas vivas celebran en grande nuestros 274 a\u00f1os como ciudad"},"content":{"rendered":"<figure id=\"attachment_49624\" aria-describedby=\"caption-attachment-49624\" style=\"width: 528px\" class=\"wp-caption alignnone\"><a href=\"https:\/\/i0.wp.com\/www.eltrabajo.cl\/portal\/wp-content\/uploads\/2014\/08\/Escuela-m-rodriguez.jpg\"><img data-recalc-dims=\"1\" loading=\"lazy\" decoding=\"async\" class=\"size-full wp-image-49624\" alt=\"ESCOLARES TAMBI\u00c9N.- La Escuela Manuel Rodr\u00edguez alegremente onde\u00f3 su estandarte por las calles de nuestra ciudad.\" src=\"https:\/\/i0.wp.com\/www.eltrabajo.cl\/portal\/wp-content\/uploads\/2014\/08\/Escuela-m-rodriguez.jpg?resize=528%2C360\" width=\"528\" height=\"360\" srcset=\"https:\/\/i0.wp.com\/eltrabajo.cl\/portal\/wp-content\/uploads\/2014\/08\/Escuela-m-rodriguez.jpg?w=528&amp;ssl=1 528w, https:\/\/i0.wp.com\/eltrabajo.cl\/portal\/wp-content\/uploads\/2014\/08\/Escuela-m-rodriguez.jpg?resize=200%2C136&amp;ssl=1 200w, https:\/\/i0.wp.com\/eltrabajo.cl\/portal\/wp-content\/uploads\/2014\/08\/Escuela-m-rodriguez.jpg?resize=300%2C204&amp;ssl=1 300w, https:\/\/i0.wp.com\/eltrabajo.cl\/portal\/wp-content\/uploads\/2014\/08\/Escuela-m-rodriguez.jpg?resize=150%2C102&amp;ssl=1 150w, https:\/\/i0.wp.com\/eltrabajo.cl\/portal\/wp-content\/uploads\/2014\/08\/Escuela-m-rodriguez.jpg?resize=400%2C272&amp;ssl=1 400w\" sizes=\"auto, (max-width: 528px) 100vw, 528px\" \/><\/a><figcaption id=\"caption-attachment-49624\" class=\"wp-caption-text\">ESCOLARES TAMBI\u00c9N.- La Escuela Manuel Rodr\u00edguez alegremente onde\u00f3 su estandarte por las calles de nuestra ciudad.<\/figcaption><\/figure>\n<p>Las instituciones y los establecimientos educacionales que son parte de la comuna, participaron en los desfiles que se realizaron este viernes 1, s\u00e1bado 2 y domingo 3 de agosto, con motivo de la celebraci\u00f3n de los 274 a\u00f1os de la fundaci\u00f3n de San Felipe.<\/p>\n<p>La celebraci\u00f3n de un nuevo aniversario comenzaron el viernes 1 de agosto en el sector de Curim\u00f3n, donde participaron los establecimientos educacionales y las instituciones que se ubican en el sector, para luego continuar la celebraci\u00f3n este s\u00e1bado 2 de agosto en la localidad de 21 de Mayo, donde nuevamente la comunidad quiso estar presente en la celebraci\u00f3n y en gran cantidad participaron en el desfile que tradicionalmente se realiza en el lugar.<\/p>\n<p>En tanto, el desfile central de aniversario se efectu\u00f3 este domingo 3 de agosto, en el sector c\u00e9ntrico de la comuna, donde estuvo presente el Alcalde Patricio Freire, el Diputado Marco Antonio N\u00fa\u00f1ez, el Gobernador Eduardo Le\u00f3n, alcaldes de las comunas del valle, adem\u00e1s de autoridades militares y dirigentes de la comuna.<\/p>\n<p>La actividad adem\u00e1s cont\u00f3 con la presencia de un importante marco de p\u00fablico, que se volc\u00f3 al centro de la comuna para presenciar el desfile que conmemoraba un a\u00f1o m\u00e1s de la fundaci\u00f3n de la \u00abTres veces heroica ciudad de San Felipe\u00bb. El Alcalde Freire destac\u00f3 la importancia de estas actividades, que dan inicio a la celebraci\u00f3n de un nuevo aniversario de la comuna.<\/p>\n<p>\u00abEstamos muy felices de la celebraci\u00f3n de los 274 a\u00f1os de vida de nuestra comuna y agradecemos a las comunas que se hicieron presente tambi\u00e9n en esta actividad. Especialmente de la presencia de una importante cantidad de vecinos que nos acompa\u00f1aron en esta celebraci\u00f3n. En el marco de este aniversario destacamos la realizaci\u00f3n de una importante cantidad de proyectos, que se han esperado por mucho tiempo por la comunidad y que ya comienzan a ser una realidad, estamos contentos porque nuestros proyectos de comuna y de futuro comenzar\u00e1n a ejecutarse\u00bb, dijo el jefe comunal.<\/p>\n<p>Y tal como el Alcalde Freire ha planteado desde el comienzo de su gesti\u00f3n, de ser una comuna de todos y todas, este a\u00f1o participaron por primera vez algunas instituciones en el desfile de aniversario, entre ellas el Liceo Amancay que lleg\u00f3 desde Los Andes a rendir un homenaje a San Felipe.<\/p>\n<div class=\"tiled-gallery type-rectangular tiled-gallery-unresized\" data-original-width=\"640\" data-carousel-extra='null' itemscope itemtype=\"http:\/\/schema.org\/ImageGallery\" > <div class=\"gallery-row\" style=\"width: 640px; height: 293px;\" data-original-width=\"640\" data-original-height=\"293\" > <div class=\"gallery-group images-1\" style=\"width: 427px; height: 293px;\" data-original-width=\"427\" data-original-height=\"293\" > <div class=\"tiled-gallery-item tiled-gallery-item-large\" itemprop=\"associatedMedia\" itemscope itemtype=\"http:\/\/schema.org\/ImageObject\"> <a href=\"https:\/\/eltrabajo.cl\/portal\/fuerzas-vivas-celebran-en-grande-nuestros-274-anos-como-ciudad\/sol1-2\/\" border=\"0\" itemprop=\"url\"> <meta itemprop=\"width\" content=\"423\"> <meta itemprop=\"height\" content=\"289\"> <img decoding=\"async\" class=\"\" data-attachment-id=\"49630\" data-orig-file=\"https:\/\/eltrabajo.cl\/portal\/wp-content\/uploads\/2014\/08\/Sol1.jpg\" data-orig-size=\"529,361\" data-comments-opened=\"1\" data-image-meta=\"{&quot;aperture&quot;:&quot;0&quot;,&quot;credit&quot;:&quot;&quot;,&quot;camera&quot;:&quot;&quot;,&quot;caption&quot;:&quot;&quot;,&quot;created_timestamp&quot;:&quot;0&quot;,&quot;copyright&quot;:&quot;&quot;,&quot;focal_length&quot;:&quot;0&quot;,&quot;iso&quot;:&quot;0&quot;,&quot;shutter_speed&quot;:&quot;0&quot;,&quot;title&quot;:&quot;&quot;}\" data-image-title=\"Sol1\" data-image-description=\"&lt;p&gt;RADIANTES.- Ellos son los m\u00e1s peque\u00f1itos del desfile, los ni\u00f1os del Jard\u00edn Infantil Sol Naciente de Villa 250 A\u00f1os, quienes no pod\u00edan faltar a esta fiesta de todos.&lt;\/p&gt; \" data-medium-file=\"https:\/\/i0.wp.com\/eltrabajo.cl\/portal\/wp-content\/uploads\/2014\/08\/Sol1.jpg?fit=300%2C204&#038;ssl=1\" data-large-file=\"https:\/\/i0.wp.com\/eltrabajo.cl\/portal\/wp-content\/uploads\/2014\/08\/Sol1.jpg?fit=529%2C361&#038;ssl=1\" src=\"https:\/\/i0.wp.com\/eltrabajo.cl\/portal\/wp-content\/uploads\/2014\/08\/Sol1.jpg?w=423&#038;h=289&#038;ssl=1\" srcset=\"https:\/\/i0.wp.com\/eltrabajo.cl\/portal\/wp-content\/uploads\/2014\/08\/Sol1.jpg?w=529&amp;ssl=1 529w, https:\/\/i0.wp.com\/eltrabajo.cl\/portal\/wp-content\/uploads\/2014\/08\/Sol1.jpg?resize=200%2C136&amp;ssl=1 200w, https:\/\/i0.wp.com\/eltrabajo.cl\/portal\/wp-content\/uploads\/2014\/08\/Sol1.jpg?resize=300%2C204&amp;ssl=1 300w, https:\/\/i0.wp.com\/eltrabajo.cl\/portal\/wp-content\/uploads\/2014\/08\/Sol1.jpg?resize=150%2C102&amp;ssl=1 150w, https:\/\/i0.wp.com\/eltrabajo.cl\/portal\/wp-content\/uploads\/2014\/08\/Sol1.jpg?resize=400%2C272&amp;ssl=1 400w\" width=\"423\" height=\"289\" loading=\"lazy\" data-original-width=\"423\" data-original-height=\"289\" itemprop=\"http:\/\/schema.org\/image\" title=\"Sol1\" alt=\"RADIANTES.- Ellos son los m\u00e1s peque\u00f1itos del desfile, los ni\u00f1os del Jard\u00edn Infantil Sol Naciente de Villa 250 A\u00f1os, quienes no pod\u00edan faltar a esta fiesta de todos.\" style=\"width: 423px; height: 289px;\" \/> <\/a> <div class=\"tiled-gallery-caption\" itemprop=\"caption description\"> RADIANTES.- Ellos son los m\u00e1s peque\u00f1itos del desfile, los ni\u00f1os del Jard\u00edn Infantil Sol Naciente de Villa 250 A\u00f1os, quienes no pod\u00edan faltar a esta fiesta de todos. <\/div> <\/div> <\/div> <!-- close group --> <div class=\"gallery-group images-2\" style=\"width: 213px; height: 293px;\" data-original-width=\"213\" data-original-height=\"293\" > <div class=\"tiled-gallery-item tiled-gallery-item-small\" itemprop=\"associatedMedia\" itemscope itemtype=\"http:\/\/schema.org\/ImageObject\"> <a href=\"https:\/\/eltrabajo.cl\/portal\/fuerzas-vivas-celebran-en-grande-nuestros-274-anos-como-ciudad\/huasos1-4\/\" border=\"0\" itemprop=\"url\"> <meta itemprop=\"width\" content=\"209\"> <meta itemprop=\"height\" content=\"143\"> <img decoding=\"async\" class=\"\" data-attachment-id=\"49628\" data-orig-file=\"https:\/\/eltrabajo.cl\/portal\/wp-content\/uploads\/2014\/08\/huasos1.jpg\" data-orig-size=\"529,361\" data-comments-opened=\"1\" data-image-meta=\"{&quot;aperture&quot;:&quot;0&quot;,&quot;credit&quot;:&quot;&quot;,&quot;camera&quot;:&quot;&quot;,&quot;caption&quot;:&quot;&quot;,&quot;created_timestamp&quot;:&quot;0&quot;,&quot;copyright&quot;:&quot;&quot;,&quot;focal_length&quot;:&quot;0&quot;,&quot;iso&quot;:&quot;0&quot;,&quot;shutter_speed&quot;:&quot;0&quot;,&quot;title&quot;:&quot;&quot;}\" data-image-title=\"huasos1\" data-image-description=\"&lt;p&gt;LA SANGRE DE LA FIESTA.- Estos peque\u00f1itos huasitos son la sangre de las fiestas, pues ponen todo su coraz\u00f3n para honrar nuestro baile nacional.&lt;\/p&gt; \" data-medium-file=\"https:\/\/i0.wp.com\/eltrabajo.cl\/portal\/wp-content\/uploads\/2014\/08\/huasos1.jpg?fit=300%2C204&#038;ssl=1\" data-large-file=\"https:\/\/i0.wp.com\/eltrabajo.cl\/portal\/wp-content\/uploads\/2014\/08\/huasos1.jpg?fit=529%2C361&#038;ssl=1\" src=\"https:\/\/i0.wp.com\/eltrabajo.cl\/portal\/wp-content\/uploads\/2014\/08\/huasos1.jpg?w=209&#038;h=143&#038;ssl=1\" srcset=\"https:\/\/i0.wp.com\/eltrabajo.cl\/portal\/wp-content\/uploads\/2014\/08\/huasos1.jpg?w=529&amp;ssl=1 529w, https:\/\/i0.wp.com\/eltrabajo.cl\/portal\/wp-content\/uploads\/2014\/08\/huasos1.jpg?resize=200%2C136&amp;ssl=1 200w, https:\/\/i0.wp.com\/eltrabajo.cl\/portal\/wp-content\/uploads\/2014\/08\/huasos1.jpg?resize=300%2C204&amp;ssl=1 300w, https:\/\/i0.wp.com\/eltrabajo.cl\/portal\/wp-content\/uploads\/2014\/08\/huasos1.jpg?resize=150%2C102&amp;ssl=1 150w, https:\/\/i0.wp.com\/eltrabajo.cl\/portal\/wp-content\/uploads\/2014\/08\/huasos1.jpg?resize=400%2C272&amp;ssl=1 400w\" width=\"209\" height=\"143\" loading=\"lazy\" data-original-width=\"209\" data-original-height=\"143\" itemprop=\"http:\/\/schema.org\/image\" title=\"huasos1\" alt=\"LA SANGRE DE LA FIESTA.- Estos peque\u00f1itos huasitos son la sangre de las fiestas, pues ponen todo su coraz\u00f3n para honrar nuestro baile nacional.\" style=\"width: 209px; height: 143px;\" \/> <\/a> <div class=\"tiled-gallery-caption\" itemprop=\"caption description\"> LA SANGRE DE LA FIESTA.- Estos peque\u00f1itos huasitos son la sangre de las fiestas, pues ponen todo su coraz\u00f3n para honrar nuestro baile nacional. <\/div> <\/div> <div class=\"tiled-gallery-item tiled-gallery-item-small\" itemprop=\"associatedMedia\" itemscope itemtype=\"http:\/\/schema.org\/ImageObject\"> <a href=\"https:\/\/eltrabajo.cl\/portal\/fuerzas-vivas-celebran-en-grande-nuestros-274-anos-como-ciudad\/scouts1\/\" border=\"0\" itemprop=\"url\"> <meta itemprop=\"width\" content=\"209\"> <meta itemprop=\"height\" content=\"142\"> <img decoding=\"async\" class=\"\" data-attachment-id=\"49629\" data-orig-file=\"https:\/\/eltrabajo.cl\/portal\/wp-content\/uploads\/2014\/08\/scouts1.jpg\" data-orig-size=\"529,361\" data-comments-opened=\"1\" data-image-meta=\"{&quot;aperture&quot;:&quot;0&quot;,&quot;credit&quot;:&quot;&quot;,&quot;camera&quot;:&quot;&quot;,&quot;caption&quot;:&quot;&quot;,&quot;created_timestamp&quot;:&quot;0&quot;,&quot;copyright&quot;:&quot;&quot;,&quot;focal_length&quot;:&quot;0&quot;,&quot;iso&quot;:&quot;0&quot;,&quot;shutter_speed&quot;:&quot;0&quot;,&quot;title&quot;:&quot;&quot;}\" data-image-title=\"scouts1\" data-image-description=\"&lt;p&gt;SOUTS PRESENTES.- Los Scouts de la provincia no pod\u00edan faltar, peques y grandes embellecieron las calles con su presencia.&lt;\/p&gt; \" data-medium-file=\"https:\/\/i0.wp.com\/eltrabajo.cl\/portal\/wp-content\/uploads\/2014\/08\/scouts1.jpg?fit=300%2C204&#038;ssl=1\" data-large-file=\"https:\/\/i0.wp.com\/eltrabajo.cl\/portal\/wp-content\/uploads\/2014\/08\/scouts1.jpg?fit=529%2C361&#038;ssl=1\" src=\"https:\/\/i0.wp.com\/eltrabajo.cl\/portal\/wp-content\/uploads\/2014\/08\/scouts1.jpg?w=209&#038;h=142&#038;ssl=1\" srcset=\"https:\/\/i0.wp.com\/eltrabajo.cl\/portal\/wp-content\/uploads\/2014\/08\/scouts1.jpg?w=529&amp;ssl=1 529w, https:\/\/i0.wp.com\/eltrabajo.cl\/portal\/wp-content\/uploads\/2014\/08\/scouts1.jpg?resize=200%2C136&amp;ssl=1 200w, https:\/\/i0.wp.com\/eltrabajo.cl\/portal\/wp-content\/uploads\/2014\/08\/scouts1.jpg?resize=300%2C204&amp;ssl=1 300w, https:\/\/i0.wp.com\/eltrabajo.cl\/portal\/wp-content\/uploads\/2014\/08\/scouts1.jpg?resize=150%2C102&amp;ssl=1 150w, https:\/\/i0.wp.com\/eltrabajo.cl\/portal\/wp-content\/uploads\/2014\/08\/scouts1.jpg?resize=400%2C272&amp;ssl=1 400w\" width=\"209\" height=\"142\" loading=\"lazy\" data-original-width=\"209\" data-original-height=\"142\" itemprop=\"http:\/\/schema.org\/image\" title=\"scouts1\" alt=\"SOUTS PRESENTES.- Los Scouts de la provincia no pod\u00edan faltar, peques y grandes embellecieron las calles con su presencia.\" style=\"width: 209px; height: 142px;\" \/> <\/a> <div class=\"tiled-gallery-caption\" itemprop=\"caption description\"> SOUTS PRESENTES.- Los Scouts de la provincia no pod\u00edan faltar, peques y grandes embellecieron las calles con su presencia. <\/div> <\/div> <\/div> <!-- close group --> <\/div> <!-- close row --> <div class=\"gallery-row\" style=\"width: 640px; height: 147px;\" data-original-width=\"640\" data-original-height=\"147\" > <div class=\"gallery-group images-1\" style=\"width: 214px; height: 147px;\" data-original-width=\"214\" data-original-height=\"147\" > <div class=\"tiled-gallery-item tiled-gallery-item-small\" itemprop=\"associatedMedia\" itemscope itemtype=\"http:\/\/schema.org\/ImageObject\"> <a href=\"https:\/\/eltrabajo.cl\/portal\/fuerzas-vivas-celebran-en-grande-nuestros-274-anos-como-ciudad\/desfile9\/\" border=\"0\" itemprop=\"url\"> <meta itemprop=\"width\" content=\"210\"> <meta itemprop=\"height\" content=\"143\"> <img decoding=\"async\" class=\"\" data-attachment-id=\"49627\" data-orig-file=\"https:\/\/eltrabajo.cl\/portal\/wp-content\/uploads\/2014\/08\/Desfile9.jpg\" data-orig-size=\"529,361\" data-comments-opened=\"1\" data-image-meta=\"{&quot;aperture&quot;:&quot;0&quot;,&quot;credit&quot;:&quot;&quot;,&quot;camera&quot;:&quot;&quot;,&quot;caption&quot;:&quot;&quot;,&quot;created_timestamp&quot;:&quot;0&quot;,&quot;copyright&quot;:&quot;&quot;,&quot;focal_length&quot;:&quot;0&quot;,&quot;iso&quot;:&quot;0&quot;,&quot;shutter_speed&quot;:&quot;0&quot;,&quot;title&quot;:&quot;&quot;}\" data-image-title=\"Desfile9\" data-image-description=\"&lt;p&gt;IMPONENTES.- El Regimiento Yungay tambi\u00e9n se hizo presente para engalanar nuestras calles durante la jornada.&lt;\/p&gt; \" data-medium-file=\"https:\/\/i0.wp.com\/eltrabajo.cl\/portal\/wp-content\/uploads\/2014\/08\/Desfile9.jpg?fit=300%2C204&#038;ssl=1\" data-large-file=\"https:\/\/i0.wp.com\/eltrabajo.cl\/portal\/wp-content\/uploads\/2014\/08\/Desfile9.jpg?fit=529%2C361&#038;ssl=1\" src=\"https:\/\/i0.wp.com\/eltrabajo.cl\/portal\/wp-content\/uploads\/2014\/08\/Desfile9.jpg?w=210&#038;h=143&#038;ssl=1\" srcset=\"https:\/\/i0.wp.com\/eltrabajo.cl\/portal\/wp-content\/uploads\/2014\/08\/Desfile9.jpg?w=529&amp;ssl=1 529w, https:\/\/i0.wp.com\/eltrabajo.cl\/portal\/wp-content\/uploads\/2014\/08\/Desfile9.jpg?resize=200%2C136&amp;ssl=1 200w, https:\/\/i0.wp.com\/eltrabajo.cl\/portal\/wp-content\/uploads\/2014\/08\/Desfile9.jpg?resize=300%2C204&amp;ssl=1 300w, https:\/\/i0.wp.com\/eltrabajo.cl\/portal\/wp-content\/uploads\/2014\/08\/Desfile9.jpg?resize=150%2C102&amp;ssl=1 150w, https:\/\/i0.wp.com\/eltrabajo.cl\/portal\/wp-content\/uploads\/2014\/08\/Desfile9.jpg?resize=400%2C272&amp;ssl=1 400w\" width=\"210\" height=\"143\" loading=\"lazy\" data-original-width=\"210\" data-original-height=\"143\" itemprop=\"http:\/\/schema.org\/image\" title=\"Desfile9\" alt=\"IMPONENTES.- El Regimiento Yungay tambi\u00e9n se hizo presente para engalanar nuestras calles durante la jornada.\" style=\"width: 210px; height: 143px;\" \/> <\/a> <div class=\"tiled-gallery-caption\" itemprop=\"caption description\"> IMPONENTES.- El Regimiento Yungay tambi\u00e9n se hizo presente para engalanar nuestras calles durante la jornada. <\/div> <\/div> <\/div> <!-- close group --> <div class=\"gallery-group images-1\" style=\"width: 213px; height: 147px;\" data-original-width=\"213\" data-original-height=\"147\" > <div class=\"tiled-gallery-item tiled-gallery-item-small\" itemprop=\"associatedMedia\" itemscope itemtype=\"http:\/\/schema.org\/ImageObject\"> <a href=\"https:\/\/eltrabajo.cl\/portal\/fuerzas-vivas-celebran-en-grande-nuestros-274-anos-como-ciudad\/bici1-3\/\" border=\"0\" itemprop=\"url\"> <meta itemprop=\"width\" content=\"209\"> <meta itemprop=\"height\" content=\"143\"> <img decoding=\"async\" class=\"\" data-attachment-id=\"49625\" data-orig-file=\"https:\/\/eltrabajo.cl\/portal\/wp-content\/uploads\/2014\/08\/Bici1.jpg\" data-orig-size=\"529,361\" data-comments-opened=\"1\" data-image-meta=\"{&quot;aperture&quot;:&quot;0&quot;,&quot;credit&quot;:&quot;&quot;,&quot;camera&quot;:&quot;&quot;,&quot;caption&quot;:&quot;&quot;,&quot;created_timestamp&quot;:&quot;0&quot;,&quot;copyright&quot;:&quot;&quot;,&quot;focal_length&quot;:&quot;0&quot;,&quot;iso&quot;:&quot;0&quot;,&quot;shutter_speed&quot;:&quot;0&quot;,&quot;title&quot;:&quot;&quot;}\" data-image-title=\"Bici1\" data-image-description=\"&lt;p&gt;BICICLETA BLANCA.- El grupo que promueve la instalaci\u00f3n de bicicletas blancas en lugares donde hubo accidentes contra ciclistas, tambi\u00e9n fueron parte de este desfile.&lt;\/p&gt; \" data-medium-file=\"https:\/\/i0.wp.com\/eltrabajo.cl\/portal\/wp-content\/uploads\/2014\/08\/Bici1.jpg?fit=300%2C204&#038;ssl=1\" data-large-file=\"https:\/\/i0.wp.com\/eltrabajo.cl\/portal\/wp-content\/uploads\/2014\/08\/Bici1.jpg?fit=529%2C361&#038;ssl=1\" src=\"https:\/\/i0.wp.com\/eltrabajo.cl\/portal\/wp-content\/uploads\/2014\/08\/Bici1.jpg?w=209&#038;h=143&#038;ssl=1\" srcset=\"https:\/\/i0.wp.com\/eltrabajo.cl\/portal\/wp-content\/uploads\/2014\/08\/Bici1.jpg?w=529&amp;ssl=1 529w, https:\/\/i0.wp.com\/eltrabajo.cl\/portal\/wp-content\/uploads\/2014\/08\/Bici1.jpg?resize=200%2C136&amp;ssl=1 200w, https:\/\/i0.wp.com\/eltrabajo.cl\/portal\/wp-content\/uploads\/2014\/08\/Bici1.jpg?resize=300%2C204&amp;ssl=1 300w, https:\/\/i0.wp.com\/eltrabajo.cl\/portal\/wp-content\/uploads\/2014\/08\/Bici1.jpg?resize=150%2C102&amp;ssl=1 150w, https:\/\/i0.wp.com\/eltrabajo.cl\/portal\/wp-content\/uploads\/2014\/08\/Bici1.jpg?resize=400%2C272&amp;ssl=1 400w\" width=\"209\" height=\"143\" loading=\"lazy\" data-original-width=\"209\" data-original-height=\"143\" itemprop=\"http:\/\/schema.org\/image\" title=\"Bici1\" alt=\"BICICLETA BLANCA.- El grupo que promueve la instalaci\u00f3n de bicicletas blancas en lugares donde hubo accidentes contra ciclistas, tambi\u00e9n fueron parte de este desfile.\" style=\"width: 209px; height: 143px;\" \/> <\/a> <div class=\"tiled-gallery-caption\" itemprop=\"caption description\"> BICICLETA BLANCA.- El grupo que promueve la instalaci\u00f3n de bicicletas blancas en lugares donde hubo accidentes contra ciclistas, tambi\u00e9n fueron parte de este desfile. <\/div> <\/div> <\/div> <!-- close group --> <div class=\"gallery-group images-1\" style=\"width: 213px; height: 147px;\" data-original-width=\"213\" data-original-height=\"147\" > <div class=\"tiled-gallery-item tiled-gallery-item-small\" itemprop=\"associatedMedia\" itemscope itemtype=\"http:\/\/schema.org\/ImageObject\"> <a href=\"https:\/\/eltrabajo.cl\/portal\/fuerzas-vivas-celebran-en-grande-nuestros-274-anos-como-ciudad\/desfile7\/\" border=\"0\" itemprop=\"url\"> <meta itemprop=\"width\" content=\"209\"> <meta itemprop=\"height\" content=\"143\"> <img decoding=\"async\" class=\"\" data-attachment-id=\"49626\" data-orig-file=\"https:\/\/eltrabajo.cl\/portal\/wp-content\/uploads\/2014\/08\/Desfile7.jpg\" data-orig-size=\"529,361\" data-comments-opened=\"1\" data-image-meta=\"{&quot;aperture&quot;:&quot;0&quot;,&quot;credit&quot;:&quot;&quot;,&quot;camera&quot;:&quot;&quot;,&quot;caption&quot;:&quot;&quot;,&quot;created_timestamp&quot;:&quot;0&quot;,&quot;copyright&quot;:&quot;&quot;,&quot;focal_length&quot;:&quot;0&quot;,&quot;iso&quot;:&quot;0&quot;,&quot;shutter_speed&quot;:&quot;0&quot;,&quot;title&quot;:&quot;&quot;}\" data-image-title=\"Desfile7\" data-image-description=\"&lt;p&gt;ALCALDE A TODO DAR.- A la celebraci\u00f3n de este domingo 3 de agosto se suman los desfiles del viernes 1 y 2 de agosto, en donde el Alcalde Patricio Freire tambi\u00e9n bail\u00f3 su pie de cueca.&lt;\/p&gt; \" data-medium-file=\"https:\/\/i0.wp.com\/eltrabajo.cl\/portal\/wp-content\/uploads\/2014\/08\/Desfile7.jpg?fit=300%2C204&#038;ssl=1\" data-large-file=\"https:\/\/i0.wp.com\/eltrabajo.cl\/portal\/wp-content\/uploads\/2014\/08\/Desfile7.jpg?fit=529%2C361&#038;ssl=1\" src=\"https:\/\/i0.wp.com\/eltrabajo.cl\/portal\/wp-content\/uploads\/2014\/08\/Desfile7.jpg?w=209&#038;h=143&#038;ssl=1\" srcset=\"https:\/\/i0.wp.com\/eltrabajo.cl\/portal\/wp-content\/uploads\/2014\/08\/Desfile7.jpg?w=529&amp;ssl=1 529w, https:\/\/i0.wp.com\/eltrabajo.cl\/portal\/wp-content\/uploads\/2014\/08\/Desfile7.jpg?resize=200%2C136&amp;ssl=1 200w, https:\/\/i0.wp.com\/eltrabajo.cl\/portal\/wp-content\/uploads\/2014\/08\/Desfile7.jpg?resize=300%2C204&amp;ssl=1 300w, https:\/\/i0.wp.com\/eltrabajo.cl\/portal\/wp-content\/uploads\/2014\/08\/Desfile7.jpg?resize=150%2C102&amp;ssl=1 150w, https:\/\/i0.wp.com\/eltrabajo.cl\/portal\/wp-content\/uploads\/2014\/08\/Desfile7.jpg?resize=400%2C272&amp;ssl=1 400w\" width=\"209\" height=\"143\" loading=\"lazy\" data-original-width=\"209\" data-original-height=\"143\" itemprop=\"http:\/\/schema.org\/image\" title=\"Desfile7\" alt=\"ALCALDE A TODO DAR.- A la celebraci\u00f3n de este domingo 3 de agosto se suman los desfiles del viernes 1 y 2 de agosto, en donde el Alcalde Patricio Freire tambi\u00e9n bail\u00f3 su pie de cueca.\" style=\"width: 209px; height: 143px;\" \/> <\/a> <div class=\"tiled-gallery-caption\" itemprop=\"caption description\"> ALCALDE A TODO DAR.- A la celebraci\u00f3n de este domingo 3 de agosto se suman los desfiles del viernes 1 y 2 de agosto, en donde el Alcalde Patricio Freire tambi\u00e9n bail\u00f3 su pie de cueca. <\/div> <\/div> <\/div> <!-- close group --> <\/div> <!-- close row --> <\/div>\n","protected":false},"excerpt":{"rendered":"<p>Las instituciones y los establecimientos educacionales que son parte de la comuna, participaron en los desfiles que se realizaron este viernes 1, s\u00e1bado 2 y domingo 3 de agosto, con motivo de&#8230;<\/p>\n","protected":false},"author":482,"featured_media":49624,"comment_status":"open","ping_status":"closed","sticky":false,"template":"","format":"standard","meta":{"advanced_seo_description":"","jetpack_seo_html_title":"","jetpack_seo_noindex":false,"_jetpack_memberships_contains_paid_content":false,"footnotes":""},"categories":[15],"tags":[],"class_list":["post-49623","post","type-post","status-publish","format-standard","has-post-thumbnail","hentry","category-comunidad"],"jetpack_featured_media_url":"https:\/\/i0.wp.com\/eltrabajo.cl\/portal\/wp-content\/uploads\/2014\/08\/Escuela-m-rodriguez.jpg?fit=528%2C360&ssl=1","jetpack_sharing_enabled":true,"jetpack_likes_enabled":true,"jetpack-related-posts":[],"_links":{"self":[{"href":"https:\/\/eltrabajo.cl\/portal\/wp-json\/wp\/v2\/posts\/49623","targetHints":{"allow":["GET"]}}],"collection":[{"href":"https:\/\/eltrabajo.cl\/portal\/wp-json\/wp\/v2\/posts"}],"about":[{"href":"https:\/\/eltrabajo.cl\/portal\/wp-json\/wp\/v2\/types\/post"}],"author":[{"embeddable":true,"href":"https:\/\/eltrabajo.cl\/portal\/wp-json\/wp\/v2\/users\/482"}],"replies":[{"embeddable":true,"href":"https:\/\/eltrabajo.cl\/portal\/wp-json\/wp\/v2\/comments?post=49623"}],"version-history":[{"count":0,"href":"https:\/\/eltrabajo.cl\/portal\/wp-json\/wp\/v2\/posts\/49623\/revisions"}],"wp:featuredmedia":[{"embeddable":true,"href":"https:\/\/eltrabajo.cl\/portal\/wp-json\/wp\/v2\/media\/49624"}],"wp:attachment":[{"href":"https:\/\/eltrabajo.cl\/portal\/wp-json\/wp\/v2\/media?parent=49623"}],"wp:term":[{"taxonomy":"category","embeddable":true,"href":"https:\/\/eltrabajo.cl\/portal\/wp-json\/wp\/v2\/categories?post=49623"},{"taxonomy":"post_tag","embeddable":true,"href":"https:\/\/eltrabajo.cl\/portal\/wp-json\/wp\/v2\/tags?post=49623"}],"curies":[{"name":"wp","href":"https:\/\/api.w.org\/{rel}","templated":true}]}}