{"id":49639,"date":"2014-08-04T10:01:52","date_gmt":"2014-08-04T14:01:52","guid":{"rendered":"http:\/\/www.eltrabajo.cl\/portal\/?p=49639"},"modified":"2014-08-04T10:01:52","modified_gmt":"2014-08-04T14:01:52","slug":"alcalde-freire-y-concejo-municipal-reconocen-a-sanfelipenos-destacados","status":"publish","type":"post","link":"https:\/\/eltrabajo.cl\/portal\/alcalde-freire-y-concejo-municipal-reconocen-a-sanfelipenos-destacados\/","title":{"rendered":"Alcalde Freire y concejo municipal reconocen a sanfelipe\u00f1os destacados"},"content":{"rendered":"<figure id=\"attachment_49641\" aria-describedby=\"caption-attachment-49641\" style=\"width: 528px\" class=\"wp-caption alignnone\"><a href=\"https:\/\/i0.wp.com\/www.eltrabajo.cl\/portal\/wp-content\/uploads\/2014\/08\/distinciones-1.jpg\"><img data-recalc-dims=\"1\" loading=\"lazy\" decoding=\"async\" class=\"size-full wp-image-49641\" alt=\"Fueron m\u00e1s de treinta las distinciones que entreg\u00f3 este a\u00f1o, con motivo del 274 aniversario fundacional de la ciudad.\" src=\"https:\/\/i0.wp.com\/www.eltrabajo.cl\/portal\/wp-content\/uploads\/2014\/08\/distinciones-1.jpg?resize=528%2C360\" width=\"528\" height=\"360\" srcset=\"https:\/\/i0.wp.com\/eltrabajo.cl\/portal\/wp-content\/uploads\/2014\/08\/distinciones-1.jpg?w=528&amp;ssl=1 528w, https:\/\/i0.wp.com\/eltrabajo.cl\/portal\/wp-content\/uploads\/2014\/08\/distinciones-1.jpg?resize=200%2C136&amp;ssl=1 200w, https:\/\/i0.wp.com\/eltrabajo.cl\/portal\/wp-content\/uploads\/2014\/08\/distinciones-1.jpg?resize=300%2C204&amp;ssl=1 300w, https:\/\/i0.wp.com\/eltrabajo.cl\/portal\/wp-content\/uploads\/2014\/08\/distinciones-1.jpg?resize=150%2C102&amp;ssl=1 150w, https:\/\/i0.wp.com\/eltrabajo.cl\/portal\/wp-content\/uploads\/2014\/08\/distinciones-1.jpg?resize=400%2C272&amp;ssl=1 400w\" sizes=\"auto, (max-width: 528px) 100vw, 528px\" \/><\/a><figcaption id=\"caption-attachment-49641\" class=\"wp-caption-text\">Fueron m\u00e1s de treinta las distinciones que entreg\u00f3 este a\u00f1o, con motivo del 274 aniversario fundacional de la ciudad.<\/figcaption><\/figure>\n<p>Como una manera de agradecer y valorar p\u00fablicamente la contribuci\u00f3n que realizan y que permite aportar al desarrollo integral de San Felipe, el Concejo Municipal liderado por el alcalde Patricio Freire hizo entrega de distinciones a una treintena de vecinos, empresas e instituciones que se han destacado en su respectivo quehacer en la ciudad.<\/p>\n<p>Esto, enmarcado en el 274\u00b0 Aniversario Fundacional de la tres veces heroica ciudad de San Felipe.<\/p>\n<figure id=\"attachment_49640\" aria-describedby=\"caption-attachment-49640\" style=\"width: 370px\" class=\"wp-caption alignright\"><a href=\"https:\/\/i0.wp.com\/www.eltrabajo.cl\/portal\/wp-content\/uploads\/2014\/08\/hijo-ilustre.jpg\"><img data-recalc-dims=\"1\" loading=\"lazy\" decoding=\"async\" class=\" wp-image-49640 \" alt=\"Alcalde Freire y concejo municipal reconocen a sanfelipe\u00f1os destacados\" src=\"https:\/\/i0.wp.com\/www.eltrabajo.cl\/portal\/wp-content\/uploads\/2014\/08\/hijo-ilustre.jpg?resize=370%2C227\" width=\"370\" height=\"227\" srcset=\"https:\/\/i0.wp.com\/eltrabajo.cl\/portal\/wp-content\/uploads\/2014\/08\/hijo-ilustre.jpg?w=529&amp;ssl=1 529w, https:\/\/i0.wp.com\/eltrabajo.cl\/portal\/wp-content\/uploads\/2014\/08\/hijo-ilustre.jpg?resize=200%2C122&amp;ssl=1 200w, https:\/\/i0.wp.com\/eltrabajo.cl\/portal\/wp-content\/uploads\/2014\/08\/hijo-ilustre.jpg?resize=300%2C184&amp;ssl=1 300w, https:\/\/i0.wp.com\/eltrabajo.cl\/portal\/wp-content\/uploads\/2014\/08\/hijo-ilustre.jpg?resize=150%2C92&amp;ssl=1 150w, https:\/\/i0.wp.com\/eltrabajo.cl\/portal\/wp-content\/uploads\/2014\/08\/hijo-ilustre.jpg?resize=400%2C245&amp;ssl=1 400w\" sizes=\"auto, (max-width: 370px) 100vw, 370px\" \/><\/a><figcaption id=\"caption-attachment-49640\" class=\"wp-caption-text\">Alcalde Freire y concejo municipal reconocen a sanfelipe\u00f1os destacados<\/figcaption><\/figure>\n<p>Mientras en las afueras del teatro municipal esperaban los integrantes de las Morenas de Aconcagua, para presentarse ante los asistentes como una manera de expresar su alegr\u00eda por recibir la distinci\u00f3n por su aporte cultural; al interior de la sala el alcalde expuso ante los asistentes los motivos que llevaron al Concejo Municipal a resolver la entrega de estas distinciones.<\/p>\n<p>El broche de oro de esta ceremonia, estuvo marcado por el nombramiento del m\u00e9dico y representante de la Colonia \u00c1rabe en la ciudad, Alejandro Lolas, como Hijo Ilustre de San Felipe. En la ocasi\u00f3n, Lolas expres\u00f3 su agradecimiento al Honorable Concejo Municipal, por otorgarle esta distinci\u00f3n, la que a su juicio, se extiende a toda su familia, sus padres y abuelos, estos \u00faltimos originarios palestinos que llegaron a Chile hace un siglo.<\/p>\n<p>\u201cEstoy muy agradecido del Concejo Municipal por esta distinci\u00f3n. No me la esperaba, pero esto me honra, a m\u00ed, a mi familia, mis abuelos llegaron a San Felipe hace m\u00e1s de 110 a\u00f1os, llegaron desde Palestina y se enamoraron de esta tierra. Hoy me he acordado de todos los que no est\u00e1n: de mi padre que era un sanfelipe\u00f1o de tomo y lomo, de mi t\u00edo V\u00edctor Lolas, que era m\u00e9dico de Uni\u00f3n San Felipe, de mi hermano Roberto, porque este reconocimiento honra no solo a mi persona, sino que a toda mi familia. Estoy muy agradecido y esto me obliga a ser un mejor sanfelipe\u00f1o\u201d, se\u00f1al\u00f3 Alejandro Lolas.<\/p>\n<p>En tanto, el alcalde Patricio Freire manifest\u00f3 que en el marco de su gesti\u00f3n ha sido una premisa el respaldar a los vecinos y vecinas que desde sus diferentes \u00e1mbitos de acci\u00f3n, contribuyen al desarrollo de San Felipe. Explic\u00f3 que la selecci\u00f3n de las personas y entidades que se reconocen se efect\u00faa de manera rigurosa, con la venia del concejo municipal.<\/p>\n<p>\u201cEstas distinciones recaen en ciudadanos e instituciones que se han destacado por su exitosa trayectoria, lo que engrandece a nuestra comuna. Las distinciones se definen de manera un\u00e1nime, esto significa que todas aquellas personas, empresas e instituciones que recibieron este reconocimiento, han sido seleccionadas y elegidas con el respaldo de todo el concejo municipal\u201d, manifest\u00f3 el alcalde.<\/p>\n<p>Fueron m\u00e1s de treinta las distinciones que entreg\u00f3 este a\u00f1o, con motivo del 274 aniversario fundacional de la ciudad, el concejo municipal, destacando el edil sanfelipe\u00f1o la relevancia de esta ceremonia, ya que en definitiva, son vecinos y vecinas como aquellos distinguidos, quienes aportan d\u00eda a d\u00eda al desarrollo de la ciudad de San Felipe.<\/p>\n<p>&nbsp;<\/p>\n","protected":false},"excerpt":{"rendered":"<p>Como una manera de agradecer y valorar p\u00fablicamente la contribuci\u00f3n que realizan y que permite aportar al desarrollo integral de San Felipe, el Concejo Municipal liderado por el alcalde Patricio Freire hizo&#8230;<\/p>\n","protected":false},"author":482,"featured_media":49641,"comment_status":"open","ping_status":"closed","sticky":false,"template":"","format":"standard","meta":{"advanced_seo_description":"","jetpack_seo_html_title":"","jetpack_seo_noindex":false,"_jetpack_memberships_contains_paid_content":false,"footnotes":""},"categories":[15],"tags":[],"class_list":["post-49639","post","type-post","status-publish","format-standard","has-post-thumbnail","hentry","category-comunidad"],"jetpack_featured_media_url":"https:\/\/i0.wp.com\/eltrabajo.cl\/portal\/wp-content\/uploads\/2014\/08\/distinciones-1.jpg?fit=528%2C360&ssl=1","jetpack_sharing_enabled":true,"jetpack_likes_enabled":true,"jetpack-related-posts":[],"_links":{"self":[{"href":"https:\/\/eltrabajo.cl\/portal\/wp-json\/wp\/v2\/posts\/49639","targetHints":{"allow":["GET"]}}],"collection":[{"href":"https:\/\/eltrabajo.cl\/portal\/wp-json\/wp\/v2\/posts"}],"about":[{"href":"https:\/\/eltrabajo.cl\/portal\/wp-json\/wp\/v2\/types\/post"}],"author":[{"embeddable":true,"href":"https:\/\/eltrabajo.cl\/portal\/wp-json\/wp\/v2\/users\/482"}],"replies":[{"embeddable":true,"href":"https:\/\/eltrabajo.cl\/portal\/wp-json\/wp\/v2\/comments?post=49639"}],"version-history":[{"count":0,"href":"https:\/\/eltrabajo.cl\/portal\/wp-json\/wp\/v2\/posts\/49639\/revisions"}],"wp:featuredmedia":[{"embeddable":true,"href":"https:\/\/eltrabajo.cl\/portal\/wp-json\/wp\/v2\/media\/49641"}],"wp:attachment":[{"href":"https:\/\/eltrabajo.cl\/portal\/wp-json\/wp\/v2\/media?parent=49639"}],"wp:term":[{"taxonomy":"category","embeddable":true,"href":"https:\/\/eltrabajo.cl\/portal\/wp-json\/wp\/v2\/categories?post=49639"},{"taxonomy":"post_tag","embeddable":true,"href":"https:\/\/eltrabajo.cl\/portal\/wp-json\/wp\/v2\/tags?post=49639"}],"curies":[{"name":"wp","href":"https:\/\/api.w.org\/{rel}","templated":true}]}}