{"id":49644,"date":"2014-08-04T10:05:05","date_gmt":"2014-08-04T14:05:05","guid":{"rendered":"http:\/\/www.eltrabajo.cl\/portal\/?p=49644"},"modified":"2014-08-04T10:05:05","modified_gmt":"2014-08-04T14:05:05","slug":"hasta-15-anos-de-carcel-arriesga-abuelo-por-muerte-de-menor-de-13-anos","status":"publish","type":"post","link":"https:\/\/eltrabajo.cl\/portal\/hasta-15-anos-de-carcel-arriesga-abuelo-por-muerte-de-menor-de-13-anos\/","title":{"rendered":"Hasta 15 a\u00f1os de c\u00e1rcel arriesga abuelo por muerte de menor de 13 a\u00f1os"},"content":{"rendered":"<figure id=\"attachment_49645\" aria-describedby=\"caption-attachment-49645\" style=\"width: 528px\" class=\"wp-caption alignnone\"><a href=\"https:\/\/i0.wp.com\/www.eltrabajo.cl\/portal\/wp-content\/uploads\/2014\/08\/Manuel-Oliva-Aguilar.jpg\"><img data-recalc-dims=\"1\" loading=\"lazy\" decoding=\"async\" class=\"size-full wp-image-49645\" alt=\"El imputado Manuel Oliva Aguilar es acusado de homicidio del menor de trece a\u00f1os, David Salinas Donatti, tras facilitar la inhalaci\u00f3n de gas licuado por el cual falleci\u00f3 el a\u00f1o 2010.\" src=\"https:\/\/i0.wp.com\/www.eltrabajo.cl\/portal\/wp-content\/uploads\/2014\/08\/Manuel-Oliva-Aguilar.jpg?resize=528%2C224\" width=\"528\" height=\"224\" srcset=\"https:\/\/i0.wp.com\/eltrabajo.cl\/portal\/wp-content\/uploads\/2014\/08\/Manuel-Oliva-Aguilar.jpg?w=528&amp;ssl=1 528w, https:\/\/i0.wp.com\/eltrabajo.cl\/portal\/wp-content\/uploads\/2014\/08\/Manuel-Oliva-Aguilar.jpg?resize=200%2C84&amp;ssl=1 200w, https:\/\/i0.wp.com\/eltrabajo.cl\/portal\/wp-content\/uploads\/2014\/08\/Manuel-Oliva-Aguilar.jpg?resize=300%2C127&amp;ssl=1 300w, https:\/\/i0.wp.com\/eltrabajo.cl\/portal\/wp-content\/uploads\/2014\/08\/Manuel-Oliva-Aguilar.jpg?resize=150%2C63&amp;ssl=1 150w, https:\/\/i0.wp.com\/eltrabajo.cl\/portal\/wp-content\/uploads\/2014\/08\/Manuel-Oliva-Aguilar.jpg?resize=400%2C169&amp;ssl=1 400w\" sizes=\"auto, (max-width: 528px) 100vw, 528px\" \/><\/a><figcaption id=\"caption-attachment-49645\" class=\"wp-caption-text\">El imputado Manuel Oliva Aguilar es acusado de homicidio del menor de trece a\u00f1os, David Salinas Donatti, tras facilitar la inhalaci\u00f3n de gas licuado por el cual falleci\u00f3 el a\u00f1o 2010.<\/figcaption><\/figure>\n<p>Desde el pasado jueves en la sala del Tribunal Oral en Lo Penal de San Felipe, se encuentra en pleno desarrollo el juicio en contra de Manuel Delf\u00edn Oliva Aguilar de 76 a\u00f1os de edad, acusado del homicidio del menor David Salinas Donatti, a quien se presume, facilit\u00f3 gas licuado y muri\u00f3 intoxicado.<\/p>\n<p>La fiscal\u00eda en el acto de apertura relat\u00f3 los hechos ocurridos el 10 de febrero del 2010, acusando a Oliva Aguilar de haber facilitado un cilindro de gas licuado a la v\u00edctima de trece a\u00f1os para que inhalara el compuesto al interior de su vivienda, en Rinconada de Silva de Putaendo.<\/p>\n<figure id=\"attachment_49646\" aria-describedby=\"caption-attachment-49646\" style=\"width: 222px\" class=\"wp-caption alignright\"><a href=\"https:\/\/i0.wp.com\/www.eltrabajo.cl\/portal\/wp-content\/uploads\/2014\/08\/Fiscal-Gallardo.jpg\"><img data-recalc-dims=\"1\" loading=\"lazy\" decoding=\"async\" class=\" wp-image-49646  \" alt=\"El Fiscal Andr\u00e9s Gallardo requiri\u00f3 en el acto de apertura una pena de 15 a\u00f1os de c\u00e1rcel por este delito, en contra del imputado de 76 a\u00f1os de edad.\" src=\"https:\/\/i0.wp.com\/www.eltrabajo.cl\/portal\/wp-content\/uploads\/2014\/08\/Fiscal-Gallardo.jpg?resize=222%2C295\" width=\"222\" height=\"295\" srcset=\"https:\/\/i0.wp.com\/eltrabajo.cl\/portal\/wp-content\/uploads\/2014\/08\/Fiscal-Gallardo.jpg?w=529&amp;ssl=1 529w, https:\/\/i0.wp.com\/eltrabajo.cl\/portal\/wp-content\/uploads\/2014\/08\/Fiscal-Gallardo.jpg?resize=113%2C150&amp;ssl=1 113w, https:\/\/i0.wp.com\/eltrabajo.cl\/portal\/wp-content\/uploads\/2014\/08\/Fiscal-Gallardo.jpg?resize=226%2C300&amp;ssl=1 226w, https:\/\/i0.wp.com\/eltrabajo.cl\/portal\/wp-content\/uploads\/2014\/08\/Fiscal-Gallardo.jpg?resize=400%2C530&amp;ssl=1 400w\" sizes=\"auto, (max-width: 222px) 100vw, 222px\" \/><\/a><figcaption id=\"caption-attachment-49646\" class=\"wp-caption-text\">El Fiscal Andr\u00e9s Gallardo requiri\u00f3 en el acto de apertura una pena de 15 a\u00f1os de c\u00e1rcel por este delito, en contra del imputado de 76 a\u00f1os de edad.<\/figcaption><\/figure>\n<p>El menor a los pocos minutos falleci\u00f3 tras la intoxicaci\u00f3n, por lo que el Ministerio P\u00fablico present\u00f3 los cargos por Homicidio simple en contra de Oliva Aguilar, por su responsabilidad en los hechos. Durante las audiencias, el Fiscal Andr\u00e9s Gallardo present\u00f3 ante la terna de jueces las pruebas que dicen relaci\u00f3n con los informes m\u00e9dicos forenses, mismos que realizaron la autopsia; pruebas de testigos presenciales; enfermeros del Samu que atendieron al menor; informes fotogr\u00e1ficos y toxicol\u00f3gicos, que diagnostica la causal de muerte de asfixia por inhalaci\u00f3n de gas licuado.<\/p>\n<p><strong>\u00abS\u00cd ES HOMICIDIO\u00bb<\/strong><\/p>\n<p>\u00abEsta acci\u00f3n motiva al imputado en facilitar el gas al menor, toda vez que abusaba sexualmente del hermano de la v\u00edctima y con claras intensiones de abusar de esta v\u00edctima. Nosotros pensamos que es homicidio, la Defensa piensa que no hay delito, ni siquiera es homicidio culposo, nosotros creemos que s\u00ed es delito, porque le facilit\u00f3 un cilindro de gas a un menor que lo inhalara delante de \u00e9l con un motivo preciso\u00bb, enfatiz\u00f3 el Fiscal Gallardo.<\/p>\n<p>El persecutor record\u00f3 que el imputado ya se encuentra cumpliendo una condena efectiva de siete a\u00f1os por el delito de Abuso sexual en contra de el hermano de la v\u00edctima de este delito, por lo cual se lleva a caso el juicio en la sala del Tribunal Oral en Lo Penal de San Felipe.<\/p>\n<p>\u00abEstamos pidiendo 15 a\u00f1os por Homicidio Simple y esperamos que acojan nuestra teor\u00eda del caso, porque estimamos que es s\u00f3lido, es dif\u00edcil de aprobar s\u00ed, pero la fiscal\u00eda est\u00e1 acusando porque tienes pruebas serias, y ante una situaci\u00f3n de este hecho hab\u00eda que hacer algo para eso est\u00e1 la fiscal\u00eda y lo vamos a defender en el juicio oral\u00bb, sentenci\u00f3 el jurista.<\/p>\n<p>Se espera que el juicio concluya ma\u00f1ana martes, cuando los jueces emitan un veredicto de culpabilidad o absoluci\u00f3n de Manuel Oliva Aguilar.<\/p>\n<p>Pablo Salinas Sald\u00edas<\/p>\n<p>&nbsp;<\/p>\n","protected":false},"excerpt":{"rendered":"<p>Desde el pasado jueves en la sala del Tribunal Oral en Lo Penal de San Felipe, se encuentra en pleno desarrollo el juicio en contra de Manuel Delf\u00edn Oliva Aguilar de 76&#8230;<\/p>\n","protected":false},"author":482,"featured_media":49645,"comment_status":"open","ping_status":"closed","sticky":false,"template":"","format":"standard","meta":{"advanced_seo_description":"","jetpack_seo_html_title":"","jetpack_seo_noindex":false,"_jetpack_memberships_contains_paid_content":false,"footnotes":""},"categories":[21],"tags":[],"class_list":["post-49644","post","type-post","status-publish","format-standard","has-post-thumbnail","hentry","category-policial"],"jetpack_featured_media_url":"https:\/\/i0.wp.com\/eltrabajo.cl\/portal\/wp-content\/uploads\/2014\/08\/Manuel-Oliva-Aguilar.jpg?fit=528%2C224&ssl=1","jetpack_sharing_enabled":true,"jetpack_likes_enabled":true,"jetpack-related-posts":[],"_links":{"self":[{"href":"https:\/\/eltrabajo.cl\/portal\/wp-json\/wp\/v2\/posts\/49644","targetHints":{"allow":["GET"]}}],"collection":[{"href":"https:\/\/eltrabajo.cl\/portal\/wp-json\/wp\/v2\/posts"}],"about":[{"href":"https:\/\/eltrabajo.cl\/portal\/wp-json\/wp\/v2\/types\/post"}],"author":[{"embeddable":true,"href":"https:\/\/eltrabajo.cl\/portal\/wp-json\/wp\/v2\/users\/482"}],"replies":[{"embeddable":true,"href":"https:\/\/eltrabajo.cl\/portal\/wp-json\/wp\/v2\/comments?post=49644"}],"version-history":[{"count":0,"href":"https:\/\/eltrabajo.cl\/portal\/wp-json\/wp\/v2\/posts\/49644\/revisions"}],"wp:featuredmedia":[{"embeddable":true,"href":"https:\/\/eltrabajo.cl\/portal\/wp-json\/wp\/v2\/media\/49645"}],"wp:attachment":[{"href":"https:\/\/eltrabajo.cl\/portal\/wp-json\/wp\/v2\/media?parent=49644"}],"wp:term":[{"taxonomy":"category","embeddable":true,"href":"https:\/\/eltrabajo.cl\/portal\/wp-json\/wp\/v2\/categories?post=49644"},{"taxonomy":"post_tag","embeddable":true,"href":"https:\/\/eltrabajo.cl\/portal\/wp-json\/wp\/v2\/tags?post=49644"}],"curies":[{"name":"wp","href":"https:\/\/api.w.org\/{rel}","templated":true}]}}