{"id":49650,"date":"2014-08-04T10:06:46","date_gmt":"2014-08-04T14:06:46","guid":{"rendered":"http:\/\/www.eltrabajo.cl\/portal\/?p=49650"},"modified":"2014-08-04T10:06:46","modified_gmt":"2014-08-04T14:06:46","slug":"aumentan-denuncias-falsas-de-robo-de-celulares-para-cobrar-los-seguros","status":"publish","type":"post","link":"https:\/\/eltrabajo.cl\/portal\/aumentan-denuncias-falsas-de-robo-de-celulares-para-cobrar-los-seguros\/","title":{"rendered":"Aumentan denuncias falsas de robo de celulares para cobrar los seguros"},"content":{"rendered":"<figure id=\"attachment_49651\" aria-describedby=\"caption-attachment-49651\" style=\"width: 222px\" class=\"wp-caption alignleft\"><a href=\"https:\/\/i0.wp.com\/www.eltrabajo.cl\/portal\/wp-content\/uploads\/2014\/08\/Capitan-Jara.jpg\"><img data-recalc-dims=\"1\" loading=\"lazy\" decoding=\"async\" class=\" wp-image-49651  \" alt=\"Subcomisario de los Servicios de Carabineros de Los Andes, Capit\u00e1n Fernando Jara.\" src=\"https:\/\/i0.wp.com\/www.eltrabajo.cl\/portal\/wp-content\/uploads\/2014\/08\/Capitan-Jara.jpg?resize=222%2C229\" width=\"222\" height=\"229\" srcset=\"https:\/\/i0.wp.com\/eltrabajo.cl\/portal\/wp-content\/uploads\/2014\/08\/Capitan-Jara.jpg?w=529&amp;ssl=1 529w, https:\/\/i0.wp.com\/eltrabajo.cl\/portal\/wp-content\/uploads\/2014\/08\/Capitan-Jara.jpg?resize=145%2C150&amp;ssl=1 145w, https:\/\/i0.wp.com\/eltrabajo.cl\/portal\/wp-content\/uploads\/2014\/08\/Capitan-Jara.jpg?resize=291%2C300&amp;ssl=1 291w, https:\/\/i0.wp.com\/eltrabajo.cl\/portal\/wp-content\/uploads\/2014\/08\/Capitan-Jara.jpg?resize=400%2C411&amp;ssl=1 400w\" sizes=\"auto, (max-width: 222px) 100vw, 222px\" \/><\/a><figcaption id=\"caption-attachment-49651\" class=\"wp-caption-text\">Subcomisario de los Servicios de Carabineros de Los Andes, Capit\u00e1n Fernando Jara.<\/figcaption><\/figure>\n<p><strong>LOS ANDES<\/strong>.- El Subcomisario de los Servicios de Carabineros de Los Andes, Capit\u00e1n Fernando Jara, confirm\u00f3 que ha existido un aumento de las denuncias por robos de celulares de \u00faltima generaci\u00f3n, los que generalmente cuentan con seguros y que son cobrados de forma maliciosa por sus due\u00f1os. El oficial manifest\u00f3 que tanto a nivel local como nacional, se han disparado este tipo denuncias y es por ello que Carabineros con el Ministerio P\u00fablico est\u00e1n realizando las investigaciones correspondientes de cada una de ellas, a fin de establecer si son o no verdaderas.<\/p>\n<figure id=\"attachment_49652\" aria-describedby=\"caption-attachment-49652\" style=\"width: 317px\" class=\"wp-caption alignright\"><a href=\"https:\/\/i0.wp.com\/www.eltrabajo.cl\/portal\/wp-content\/uploads\/2014\/08\/Celulares1.jpg\"><img data-recalc-dims=\"1\" loading=\"lazy\" decoding=\"async\" class=\" wp-image-49652 \" alt=\"El Capit\u00e1n Jara sostuvo que a trav\u00e9s de la investigaci\u00f3n se podr\u00e1 determinar si hubo o no un mal uso del seguro. (Archivo)\" src=\"https:\/\/i0.wp.com\/www.eltrabajo.cl\/portal\/wp-content\/uploads\/2014\/08\/Celulares1.jpg?resize=317%2C209\" width=\"317\" height=\"209\" srcset=\"https:\/\/i0.wp.com\/eltrabajo.cl\/portal\/wp-content\/uploads\/2014\/08\/Celulares1.jpg?w=529&amp;ssl=1 529w, https:\/\/i0.wp.com\/eltrabajo.cl\/portal\/wp-content\/uploads\/2014\/08\/Celulares1.jpg?resize=200%2C131&amp;ssl=1 200w, https:\/\/i0.wp.com\/eltrabajo.cl\/portal\/wp-content\/uploads\/2014\/08\/Celulares1.jpg?resize=300%2C197&amp;ssl=1 300w, https:\/\/i0.wp.com\/eltrabajo.cl\/portal\/wp-content\/uploads\/2014\/08\/Celulares1.jpg?resize=150%2C98&amp;ssl=1 150w, https:\/\/i0.wp.com\/eltrabajo.cl\/portal\/wp-content\/uploads\/2014\/08\/Celulares1.jpg?resize=400%2C263&amp;ssl=1 400w\" sizes=\"auto, (max-width: 317px) 100vw, 317px\" \/><\/a><figcaption id=\"caption-attachment-49652\" class=\"wp-caption-text\">El Capit\u00e1n Jara sostuvo que a trav\u00e9s de la investigaci\u00f3n se podr\u00e1 determinar si hubo o no un mal uso del seguro. (Archivo)<\/figcaption><\/figure>\n<p>El subcomisario advirti\u00f3 que si comprueba que estas son falsas y s\u00f3lo fueron hechas con la finalidad de cobrar el seguro, el propietario del aparato estar\u00eda incurriendo en un delito de Fraude o Estafa, \u201cpor lo cual la persona due\u00f1a del aparato podr\u00eda ser demandada por estos delitos\u201d.<\/p>\n<p>El Capit\u00e1n Jara sostuvo que a trav\u00e9s de la investigaci\u00f3n se podr\u00e1 determinar si hubo o no un mal uso del seguro, \u201cy por eso es el llamado a hacer un uso adecuado de este tipo de seguros y s\u00f3lo hacer la denuncia si efectivamente el aparato fue sustra\u00eddo, pues no es un tema menor hacer una denuncia que puede resultar falsa\u201d.<\/p>\n<p>&nbsp;<\/p>\n","protected":false},"excerpt":{"rendered":"<p>LOS ANDES.- El Subcomisario de los Servicios de Carabineros de Los Andes, Capit\u00e1n Fernando Jara, confirm\u00f3 que ha existido un aumento de las denuncias por robos de celulares de \u00faltima generaci\u00f3n, los&#8230;<\/p>\n","protected":false},"author":482,"featured_media":49651,"comment_status":"open","ping_status":"closed","sticky":false,"template":"","format":"standard","meta":{"advanced_seo_description":"","jetpack_seo_html_title":"","jetpack_seo_noindex":false,"_jetpack_memberships_contains_paid_content":false,"footnotes":""},"categories":[21],"tags":[],"class_list":["post-49650","post","type-post","status-publish","format-standard","has-post-thumbnail","hentry","category-policial"],"jetpack_featured_media_url":"https:\/\/i0.wp.com\/eltrabajo.cl\/portal\/wp-content\/uploads\/2014\/08\/Capitan-Jara.jpg?fit=529%2C544&ssl=1","jetpack_sharing_enabled":true,"jetpack_likes_enabled":true,"jetpack-related-posts":[],"_links":{"self":[{"href":"https:\/\/eltrabajo.cl\/portal\/wp-json\/wp\/v2\/posts\/49650","targetHints":{"allow":["GET"]}}],"collection":[{"href":"https:\/\/eltrabajo.cl\/portal\/wp-json\/wp\/v2\/posts"}],"about":[{"href":"https:\/\/eltrabajo.cl\/portal\/wp-json\/wp\/v2\/types\/post"}],"author":[{"embeddable":true,"href":"https:\/\/eltrabajo.cl\/portal\/wp-json\/wp\/v2\/users\/482"}],"replies":[{"embeddable":true,"href":"https:\/\/eltrabajo.cl\/portal\/wp-json\/wp\/v2\/comments?post=49650"}],"version-history":[{"count":0,"href":"https:\/\/eltrabajo.cl\/portal\/wp-json\/wp\/v2\/posts\/49650\/revisions"}],"wp:featuredmedia":[{"embeddable":true,"href":"https:\/\/eltrabajo.cl\/portal\/wp-json\/wp\/v2\/media\/49651"}],"wp:attachment":[{"href":"https:\/\/eltrabajo.cl\/portal\/wp-json\/wp\/v2\/media?parent=49650"}],"wp:term":[{"taxonomy":"category","embeddable":true,"href":"https:\/\/eltrabajo.cl\/portal\/wp-json\/wp\/v2\/categories?post=49650"},{"taxonomy":"post_tag","embeddable":true,"href":"https:\/\/eltrabajo.cl\/portal\/wp-json\/wp\/v2\/tags?post=49650"}],"curies":[{"name":"wp","href":"https:\/\/api.w.org\/{rel}","templated":true}]}}