{"id":49655,"date":"2014-08-04T10:08:13","date_gmt":"2014-08-04T14:08:13","guid":{"rendered":"http:\/\/www.eltrabajo.cl\/portal\/?p=49655"},"modified":"2014-08-04T10:08:13","modified_gmt":"2014-08-04T14:08:13","slug":"joyero-luis-salinas-presento-querella-contra-seguridad-verisure-s-a","status":"publish","type":"post","link":"https:\/\/eltrabajo.cl\/portal\/joyero-luis-salinas-presento-querella-contra-seguridad-verisure-s-a\/","title":{"rendered":"Joyero Luis Salinas present\u00f3 querella contra Seguridad Verisure S.A."},"content":{"rendered":"<figure id=\"attachment_49656\" aria-describedby=\"caption-attachment-49656\" style=\"width: 529px\" class=\"wp-caption alignnone\"><a href=\"https:\/\/i0.wp.com\/www.eltrabajo.cl\/portal\/wp-content\/uploads\/2014\/08\/Querella1.jpg\"><img data-recalc-dims=\"1\" loading=\"lazy\" decoding=\"async\" class=\"size-full wp-image-49656\" alt=\"En las dependencias del Juzgado de Polic\u00eda Local de San Felipe, junto a la Abogada Marcia D\u00edaz, se interpuso una querella contra la empresa Seguridad Verisure S.A.\" src=\"https:\/\/i0.wp.com\/www.eltrabajo.cl\/portal\/wp-content\/uploads\/2014\/08\/Querella1.jpg?resize=529%2C358\" width=\"529\" height=\"358\" srcset=\"https:\/\/i0.wp.com\/eltrabajo.cl\/portal\/wp-content\/uploads\/2014\/08\/Querella1.jpg?w=529&amp;ssl=1 529w, https:\/\/i0.wp.com\/eltrabajo.cl\/portal\/wp-content\/uploads\/2014\/08\/Querella1.jpg?resize=200%2C135&amp;ssl=1 200w, https:\/\/i0.wp.com\/eltrabajo.cl\/portal\/wp-content\/uploads\/2014\/08\/Querella1.jpg?resize=300%2C203&amp;ssl=1 300w, https:\/\/i0.wp.com\/eltrabajo.cl\/portal\/wp-content\/uploads\/2014\/08\/Querella1.jpg?resize=150%2C101&amp;ssl=1 150w, https:\/\/i0.wp.com\/eltrabajo.cl\/portal\/wp-content\/uploads\/2014\/08\/Querella1.jpg?resize=400%2C270&amp;ssl=1 400w\" sizes=\"auto, (max-width: 529px) 100vw, 529px\" \/><\/a><figcaption id=\"caption-attachment-49656\" class=\"wp-caption-text\">En las dependencias del Juzgado de Polic\u00eda Local de San Felipe, junto a la Abogada Marcia D\u00edaz, se interpuso una querella contra la empresa Seguridad Verisure S.A.<\/figcaption><\/figure>\n<p>Dando un respaldo a toda la situaci\u00f3n vivida por el joyero sanfelipe\u00f1o, Luis Salinas, el Gobernador Eduardo Le\u00f3n, lo acompa\u00f1o hasta las dependencias del Juzgado de Polic\u00eda Local de San Felipe, donde junto a la Abogada Marcia D\u00edaz, interpusieron una querella contra la empresa Seguridad Verisure S.A., por cumplir una labor deficiente en la prestaci\u00f3n de servicio de mantenci\u00f3n e instalaci\u00f3n en el sistema de seguridad de su local comercial, hecho ocurrido el 30 de marzo, para la profesional, este acto infraccional \u00abtiene por objeto seguir la responsabilidad, que se condene a las multas que establece la Ley del consumidor\u00bb.<\/p>\n<p>Luis Salinas manifest\u00f3 que \u00abestoy muy agradecido de la presencia del gobernador que siempre me ha acompa\u00f1ado en estas instancias y en esta situaci\u00f3n que me ha tocado vivir, conf\u00edo plenamente en la capacidad profesional de los abogados que llevaran esta causa y espero dios mediante esta llegue a buen puerto, la finalidad de esto es que no se vuelva a repetir este tipo de enga\u00f1o de empresas que ofrecen un servicio que en definitiva no es lo que entregan\u00bb.<\/p>\n<p>Le\u00f3n dijo que \u00abtal como lo hemos visto con las Polic\u00edas, la C\u00e1mara de Comercio y Acta, tratan de hacer un enfrentamiento integral, hay que cuidar todos los aspectos, Carabineros est\u00e1 en su rol, la municipalidad est\u00e1 mejorando las c\u00e1maras de tele vigilancia, y despu\u00e9s vimos la deficiencia en el auto cuidado en los sistemas de seguridad, yo agradezco a Don Luis, lo que est\u00e1 haciendo, porque \u00e9l est\u00e1 perseverando en esto para que no solo a \u00e9l sino que ha todos los comerciantes las medidas de seguridad les funcionen sobre todo las que son pagadas\u00bb, sentenci\u00f3 el Gobernador Eduardo Le\u00f3n.<\/p>\n","protected":false},"excerpt":{"rendered":"<p>Dando un respaldo a toda la situaci\u00f3n vivida por el joyero sanfelipe\u00f1o, Luis Salinas, el Gobernador Eduardo Le\u00f3n, lo acompa\u00f1o hasta las dependencias del Juzgado de Polic\u00eda Local de San Felipe, donde&#8230;<\/p>\n","protected":false},"author":482,"featured_media":49656,"comment_status":"open","ping_status":"closed","sticky":false,"template":"","format":"standard","meta":{"advanced_seo_description":"","jetpack_seo_html_title":"","jetpack_seo_noindex":false,"_jetpack_memberships_contains_paid_content":false,"footnotes":""},"categories":[21],"tags":[],"class_list":["post-49655","post","type-post","status-publish","format-standard","has-post-thumbnail","hentry","category-policial"],"jetpack_featured_media_url":"https:\/\/i0.wp.com\/eltrabajo.cl\/portal\/wp-content\/uploads\/2014\/08\/Querella1.jpg?fit=529%2C358&ssl=1","jetpack_sharing_enabled":true,"jetpack_likes_enabled":true,"jetpack-related-posts":[],"_links":{"self":[{"href":"https:\/\/eltrabajo.cl\/portal\/wp-json\/wp\/v2\/posts\/49655","targetHints":{"allow":["GET"]}}],"collection":[{"href":"https:\/\/eltrabajo.cl\/portal\/wp-json\/wp\/v2\/posts"}],"about":[{"href":"https:\/\/eltrabajo.cl\/portal\/wp-json\/wp\/v2\/types\/post"}],"author":[{"embeddable":true,"href":"https:\/\/eltrabajo.cl\/portal\/wp-json\/wp\/v2\/users\/482"}],"replies":[{"embeddable":true,"href":"https:\/\/eltrabajo.cl\/portal\/wp-json\/wp\/v2\/comments?post=49655"}],"version-history":[{"count":0,"href":"https:\/\/eltrabajo.cl\/portal\/wp-json\/wp\/v2\/posts\/49655\/revisions"}],"wp:featuredmedia":[{"embeddable":true,"href":"https:\/\/eltrabajo.cl\/portal\/wp-json\/wp\/v2\/media\/49656"}],"wp:attachment":[{"href":"https:\/\/eltrabajo.cl\/portal\/wp-json\/wp\/v2\/media?parent=49655"}],"wp:term":[{"taxonomy":"category","embeddable":true,"href":"https:\/\/eltrabajo.cl\/portal\/wp-json\/wp\/v2\/categories?post=49655"},{"taxonomy":"post_tag","embeddable":true,"href":"https:\/\/eltrabajo.cl\/portal\/wp-json\/wp\/v2\/tags?post=49655"}],"curies":[{"name":"wp","href":"https:\/\/api.w.org\/{rel}","templated":true}]}}