{"id":49659,"date":"2014-08-04T10:09:53","date_gmt":"2014-08-04T14:09:53","guid":{"rendered":"http:\/\/www.eltrabajo.cl\/portal\/?p=49659"},"modified":"2014-08-04T10:09:53","modified_gmt":"2014-08-04T14:09:53","slug":"robe-por-desesperacion-necesito-alimentar-a-mis-hijos","status":"publish","type":"post","link":"https:\/\/eltrabajo.cl\/portal\/robe-por-desesperacion-necesito-alimentar-a-mis-hijos\/","title":{"rendered":"\u00abRob\u00e9 por desesperaci\u00f3n, necesito alimentar a mis hijos\u00bb"},"content":{"rendered":"<figure id=\"attachment_49660\" aria-describedby=\"caption-attachment-49660\" style=\"width: 370px\" class=\"wp-caption alignleft\"><a href=\"https:\/\/i0.wp.com\/www.eltrabajo.cl\/portal\/wp-content\/uploads\/2014\/08\/Imputado1.jpg\"><img data-recalc-dims=\"1\" loading=\"lazy\" decoding=\"async\" class=\" wp-image-49660 \" alt=\"Tras las rejas.- El imputado fue capturado por Carabineros del Ret\u00e9n de Curim\u00f3n tras su participaci\u00f3n en el robo a una v\u00edctima que trabaja en la bencinera Copec del sector Tres Esquinas en Curim\u00f3n.\" src=\"https:\/\/i0.wp.com\/www.eltrabajo.cl\/portal\/wp-content\/uploads\/2014\/08\/Imputado1.jpg?resize=370%2C254\" width=\"370\" height=\"254\" srcset=\"https:\/\/i0.wp.com\/eltrabajo.cl\/portal\/wp-content\/uploads\/2014\/08\/Imputado1.jpg?w=528&amp;ssl=1 528w, https:\/\/i0.wp.com\/eltrabajo.cl\/portal\/wp-content\/uploads\/2014\/08\/Imputado1.jpg?resize=200%2C137&amp;ssl=1 200w, https:\/\/i0.wp.com\/eltrabajo.cl\/portal\/wp-content\/uploads\/2014\/08\/Imputado1.jpg?resize=300%2C206&amp;ssl=1 300w, https:\/\/i0.wp.com\/eltrabajo.cl\/portal\/wp-content\/uploads\/2014\/08\/Imputado1.jpg?resize=150%2C103&amp;ssl=1 150w, https:\/\/i0.wp.com\/eltrabajo.cl\/portal\/wp-content\/uploads\/2014\/08\/Imputado1.jpg?resize=400%2C275&amp;ssl=1 400w\" sizes=\"auto, (max-width: 370px) 100vw, 370px\" \/><\/a><figcaption id=\"caption-attachment-49660\" class=\"wp-caption-text\">Tras las rejas.- El imputado fue capturado por Carabineros del Ret\u00e9n de Curim\u00f3n tras su participaci\u00f3n en el robo a una v\u00edctima que trabaja en la bencinera Copec del sector Tres Esquinas en Curim\u00f3n.<\/figcaption><\/figure>\n<p>\u00abRob\u00e9 por desesperaci\u00f3n, me van a embargar la casa, estoy sin trabajo, pido disculpas, fue sin querer, no podr\u00e9 mantener a mis hijos\u00bb, con esas palabras Ignacio Alejandro J.V. de 29 a\u00f1os de edad, trat\u00f3 de justificar durante su formalizaci\u00f3n ante el Juez de Garant\u00eda, su participaci\u00f3n en el asalto a la bencinera Copec en el sector de Tres Esquinas de Curim\u00f3n.<\/p>\n<p><strong>\u00a0EL ATRACO<\/strong><\/p>\n<p>El atraco se produjo a eso de las 20:30 horas del pasado jueves, cuando un veh\u00edculo Chevrolet Sail se estacion\u00f3 en dicho servicentro, descendiendo dos sujetos, uno de ellos premunido de una escopeta, intimidando a uno de los bomberos quien se encontraba atendiendo, mientras que el imputado Ignacio J.V. comenz\u00f3 a registrar las vestimentas de la v\u00edctima para sustraerle $80.000 en efectivo y escapar movilizados en direcci\u00f3n al poniente.<\/p>\n<p>Afortunadamente personal de Carabineros del Ret\u00e9n de Curim\u00f3n se encontraba a 80 metros del lugar cuando fueron advertidos de lo ocurrido, por lo que se inici\u00f3 una persecuci\u00f3n para lograr detener al veh\u00edculo que se desplaz\u00f3 hasta el sector de Tierras Blancas. En ese lugar, los asaltantes descendieron del m\u00f3vil para escabullirse en un predio agr\u00edcola, logrando Carabineros capturar a uno de los sujetos, quien se cay\u00f3 dos veces en una zanja.<\/p>\n<p>Tras registrar al sospechoso, en uno de los bolsillos, \u00e9ste manten\u00eda la cantidad de $47.000.<\/p>\n<p>El detenido fue reconocido por la v\u00edctima y otros testigos, como uno de los autores del delito, mientras que del segundo antisocial no fue posible su captura.<\/p>\n<p>Pasado el mediod\u00eda del viernes el imputado fue formalizado por la Fiscal Daniela Quevedo Henr\u00edquez por el delito de Robo con intimidaci\u00f3n.<\/p>\n<p>Pese a que manten\u00eda irreprochable conducta anterior, la persecutora solicit\u00f3 ante el Juez Leopoldo Soto la cautelar de Prisi\u00f3n Preventiva, por representar un peligro para la sociedad y un peligro de fuga, toda vez que el delito tiene pena de crimen que parte de los cinco a\u00f1os y un d\u00eda.<\/p>\n<p>Si bien Ignacio Alejandro J.V. asumi\u00f3 su responsabilidad en los hechos, replic\u00f3 ante los intervinientes ser padre de tres hijos a los cuales deb\u00eda pagar la pensi\u00f3n alimenticia. Tras cinco a\u00f1os trabajando como operador de gr\u00faas horquilla, hace unas semanas qued\u00f3 cesante. Sin embargo, el Tribunal acogi\u00f3 la petici\u00f3n del Ministerio P\u00fablico y decret\u00f3 la cautelar de Prisi\u00f3n Preventiva por un plazo de 45 d\u00edas para la investigaci\u00f3n del caso.<\/p>\n<p>\u00abLa pena del delito de Robo con intimidaci\u00f3n parte de cinco a\u00f1os y un d\u00eda hasta 20 a\u00f1os, respecto del segundo sujeto de este asalto, ser\u00e1 parte de la investigaci\u00f3n, porque se tienen que hacer las diligencias pertinentes\u00bb, precis\u00f3 la Fiscal Quevedo.<\/p>\n<p>Pablo Salinas Sald\u00edas<\/p>\n","protected":false},"excerpt":{"rendered":"<p>\u00abRob\u00e9 por desesperaci\u00f3n, me van a embargar la casa, estoy sin trabajo, pido disculpas, fue sin querer, no podr\u00e9 mantener a mis hijos\u00bb, con esas palabras Ignacio Alejandro J.V. de 29 a\u00f1os&#8230;<\/p>\n","protected":false},"author":482,"featured_media":49660,"comment_status":"open","ping_status":"closed","sticky":false,"template":"","format":"standard","meta":{"advanced_seo_description":"","jetpack_seo_html_title":"","jetpack_seo_noindex":false,"_jetpack_memberships_contains_paid_content":false,"footnotes":""},"categories":[21],"tags":[],"class_list":["post-49659","post","type-post","status-publish","format-standard","has-post-thumbnail","hentry","category-policial"],"jetpack_featured_media_url":"https:\/\/i0.wp.com\/eltrabajo.cl\/portal\/wp-content\/uploads\/2014\/08\/Imputado1.jpg?fit=528%2C363&ssl=1","jetpack_sharing_enabled":true,"jetpack_likes_enabled":true,"jetpack-related-posts":[],"_links":{"self":[{"href":"https:\/\/eltrabajo.cl\/portal\/wp-json\/wp\/v2\/posts\/49659","targetHints":{"allow":["GET"]}}],"collection":[{"href":"https:\/\/eltrabajo.cl\/portal\/wp-json\/wp\/v2\/posts"}],"about":[{"href":"https:\/\/eltrabajo.cl\/portal\/wp-json\/wp\/v2\/types\/post"}],"author":[{"embeddable":true,"href":"https:\/\/eltrabajo.cl\/portal\/wp-json\/wp\/v2\/users\/482"}],"replies":[{"embeddable":true,"href":"https:\/\/eltrabajo.cl\/portal\/wp-json\/wp\/v2\/comments?post=49659"}],"version-history":[{"count":0,"href":"https:\/\/eltrabajo.cl\/portal\/wp-json\/wp\/v2\/posts\/49659\/revisions"}],"wp:featuredmedia":[{"embeddable":true,"href":"https:\/\/eltrabajo.cl\/portal\/wp-json\/wp\/v2\/media\/49660"}],"wp:attachment":[{"href":"https:\/\/eltrabajo.cl\/portal\/wp-json\/wp\/v2\/media?parent=49659"}],"wp:term":[{"taxonomy":"category","embeddable":true,"href":"https:\/\/eltrabajo.cl\/portal\/wp-json\/wp\/v2\/categories?post=49659"},{"taxonomy":"post_tag","embeddable":true,"href":"https:\/\/eltrabajo.cl\/portal\/wp-json\/wp\/v2\/tags?post=49659"}],"curies":[{"name":"wp","href":"https:\/\/api.w.org\/{rel}","templated":true}]}}