{"id":49670,"date":"2014-08-05T09:13:10","date_gmt":"2014-08-05T13:13:10","guid":{"rendered":"http:\/\/www.eltrabajo.cl\/portal\/?p=49670"},"modified":"2014-08-05T09:13:10","modified_gmt":"2014-08-05T13:13:10","slug":"programa-de-apoyo-a-la-dinamica-familiar-se-desarrolla-con-exito","status":"publish","type":"post","link":"https:\/\/eltrabajo.cl\/portal\/programa-de-apoyo-a-la-dinamica-familiar-se-desarrolla-con-exito\/","title":{"rendered":"Programa de Apoyo a la din\u00e1mica familiar se desarrolla con \u00e9xito"},"content":{"rendered":"<figure id=\"attachment_49671\" aria-describedby=\"caption-attachment-49671\" style=\"width: 529px\" class=\"wp-caption alignnone\"><a href=\"https:\/\/i0.wp.com\/www.eltrabajo.cl\/portal\/wp-content\/uploads\/2014\/08\/Mujeres1.jpg\"><img data-recalc-dims=\"1\" loading=\"lazy\" decoding=\"async\" class=\"size-full wp-image-49671\" alt=\"Apoyo a la Din\u00e1mica Familiar es un programa que se desarrolla en convenio entre el Ministerio de Desarrollo Social y la  Fundaci\u00f3n Prodemu San Felipe.\" src=\"https:\/\/i0.wp.com\/www.eltrabajo.cl\/portal\/wp-content\/uploads\/2014\/08\/Mujeres1.jpg?resize=529%2C352\" width=\"529\" height=\"352\" srcset=\"https:\/\/i0.wp.com\/eltrabajo.cl\/portal\/wp-content\/uploads\/2014\/08\/Mujeres1.jpg?w=529&amp;ssl=1 529w, https:\/\/i0.wp.com\/eltrabajo.cl\/portal\/wp-content\/uploads\/2014\/08\/Mujeres1.jpg?resize=200%2C133&amp;ssl=1 200w, https:\/\/i0.wp.com\/eltrabajo.cl\/portal\/wp-content\/uploads\/2014\/08\/Mujeres1.jpg?resize=300%2C199&amp;ssl=1 300w, https:\/\/i0.wp.com\/eltrabajo.cl\/portal\/wp-content\/uploads\/2014\/08\/Mujeres1.jpg?resize=150%2C99&amp;ssl=1 150w, https:\/\/i0.wp.com\/eltrabajo.cl\/portal\/wp-content\/uploads\/2014\/08\/Mujeres1.jpg?resize=400%2C266&amp;ssl=1 400w\" sizes=\"auto, (max-width: 529px) 100vw, 529px\" \/><\/a><figcaption id=\"caption-attachment-49671\" class=\"wp-caption-text\">Apoyo a la Din\u00e1mica Familiar es un programa que se desarrolla en convenio entre el Ministerio de Desarrollo Social y la Fundaci\u00f3n Prodemu San Felipe.<\/figcaption><\/figure>\n<p><strong>LLAY LLAY<\/strong>.- Una actividad para socializar con la comunidad, el programa de capacitaci\u00f3n que reciben usuarias de ADF, se realiz\u00f3 la ma\u00f1ana del viernes 1\u00ba de agosto en la Oficina del Deporte. La ceremonia se cont\u00f3 con la presencia del Alcalde Mario Marillanca; la Asistente Social Caroline Cartagena y las participantes de los talleres.<\/p>\n<p>El programa se desarrolla en la modalidad de un ciclo de catorce talleres dirigidos a mujeres que tienen bajo su cuidado la crianza de ni\u00f1os. Los temas en que capacitan a las 20 usuarias del programa son: crianza, roles parentales, violencia intrafamiliar y adolescencia.<\/p>\n<p>Sobre la respuesta por parte de las participantes al taller, Cartagena dijo que \u201cel grupo se ha consolidado bien. Esta es la segunda vez que estoy a cargo de la realizaci\u00f3n del Programa ADF en Llay Llay. El a\u00f1o pasado partimos con 20 usuarias y terminamos con la misma cantidad. Con asistencia y compromiso, total, este a\u00f1o tambi\u00e9n tenemos 20 usuarias, llevamos nueve talleres los cuales los terminamos el 8 de agosto\u201d.<\/p>\n<p>Apoyo a la din\u00e1mica familiar es un programa que se desarrolla en convenio entre el Ministerio de Desarrollo Social y la Fundaci\u00f3n Prodemu San Felipe y cuenta con la directa colaboraci\u00f3n de la Municipalidad deLlay Llay. La encargada tambi\u00e9n explic\u00f3 que \u201cla idea de los talleres ADF es que las usuarias desarrollen habilidades personales, sociales y parentales, es totalmente gratuito y el \u00fanico requisito es que las mujeres participantes deben pertenecer a Chile Solidario y\/o Ingreso \u00c9tico Familiar (IEF)\u201d.<\/p>\n<p>&nbsp;<\/p>\n","protected":false},"excerpt":{"rendered":"<p>LLAY LLAY.- Una actividad para socializar con la comunidad, el programa de capacitaci\u00f3n que reciben usuarias de ADF, se realiz\u00f3 la ma\u00f1ana del viernes 1\u00ba de agosto en la Oficina del Deporte&#8230;.<\/p>\n","protected":false},"author":482,"featured_media":49671,"comment_status":"open","ping_status":"closed","sticky":false,"template":"","format":"standard","meta":{"advanced_seo_description":"","jetpack_seo_html_title":"","jetpack_seo_noindex":false,"_jetpack_memberships_contains_paid_content":false,"footnotes":""},"categories":[15],"tags":[],"class_list":["post-49670","post","type-post","status-publish","format-standard","has-post-thumbnail","hentry","category-comunidad"],"jetpack_featured_media_url":"https:\/\/i0.wp.com\/eltrabajo.cl\/portal\/wp-content\/uploads\/2014\/08\/Mujeres1.jpg?fit=529%2C352&ssl=1","jetpack_sharing_enabled":true,"jetpack_likes_enabled":true,"jetpack-related-posts":[],"_links":{"self":[{"href":"https:\/\/eltrabajo.cl\/portal\/wp-json\/wp\/v2\/posts\/49670","targetHints":{"allow":["GET"]}}],"collection":[{"href":"https:\/\/eltrabajo.cl\/portal\/wp-json\/wp\/v2\/posts"}],"about":[{"href":"https:\/\/eltrabajo.cl\/portal\/wp-json\/wp\/v2\/types\/post"}],"author":[{"embeddable":true,"href":"https:\/\/eltrabajo.cl\/portal\/wp-json\/wp\/v2\/users\/482"}],"replies":[{"embeddable":true,"href":"https:\/\/eltrabajo.cl\/portal\/wp-json\/wp\/v2\/comments?post=49670"}],"version-history":[{"count":0,"href":"https:\/\/eltrabajo.cl\/portal\/wp-json\/wp\/v2\/posts\/49670\/revisions"}],"wp:featuredmedia":[{"embeddable":true,"href":"https:\/\/eltrabajo.cl\/portal\/wp-json\/wp\/v2\/media\/49671"}],"wp:attachment":[{"href":"https:\/\/eltrabajo.cl\/portal\/wp-json\/wp\/v2\/media?parent=49670"}],"wp:term":[{"taxonomy":"category","embeddable":true,"href":"https:\/\/eltrabajo.cl\/portal\/wp-json\/wp\/v2\/categories?post=49670"},{"taxonomy":"post_tag","embeddable":true,"href":"https:\/\/eltrabajo.cl\/portal\/wp-json\/wp\/v2\/tags?post=49670"}],"curies":[{"name":"wp","href":"https:\/\/api.w.org\/{rel}","templated":true}]}}