{"id":49682,"date":"2014-08-05T09:20:34","date_gmt":"2014-08-05T13:20:34","guid":{"rendered":"http:\/\/www.eltrabajo.cl\/portal\/?p=49682"},"modified":"2014-08-05T09:20:34","modified_gmt":"2014-08-05T13:20:34","slug":"denuncian-negligencia-extrema-en-jardin-infantil-de-las-coimas","status":"publish","type":"post","link":"https:\/\/eltrabajo.cl\/portal\/denuncian-negligencia-extrema-en-jardin-infantil-de-las-coimas\/","title":{"rendered":"Denuncian negligencia extrema en jard\u00edn infantil de Las Coimas"},"content":{"rendered":"<figure id=\"attachment_49683\" aria-describedby=\"caption-attachment-49683\" style=\"width: 317px\" class=\"wp-caption alignleft\"><a href=\"https:\/\/i0.wp.com\/www.eltrabajo.cl\/portal\/wp-content\/uploads\/2014\/08\/JAVIERA-SAA.jpg\"><img data-recalc-dims=\"1\" loading=\"lazy\" decoding=\"async\" class=\" wp-image-49683 \" alt=\"Javiera Francisca Sa\u00e1 Mondaca, apoderada y madre de la\" src=\"https:\/\/i0.wp.com\/www.eltrabajo.cl\/portal\/wp-content\/uploads\/2014\/08\/JAVIERA-SAA.jpg?resize=317%2C314\" width=\"317\" height=\"314\" srcset=\"https:\/\/i0.wp.com\/eltrabajo.cl\/portal\/wp-content\/uploads\/2014\/08\/JAVIERA-SAA.jpg?w=529&amp;ssl=1 529w, https:\/\/i0.wp.com\/eltrabajo.cl\/portal\/wp-content\/uploads\/2014\/08\/JAVIERA-SAA.jpg?resize=151%2C150&amp;ssl=1 151w, https:\/\/i0.wp.com\/eltrabajo.cl\/portal\/wp-content\/uploads\/2014\/08\/JAVIERA-SAA.jpg?resize=300%2C296&amp;ssl=1 300w, https:\/\/i0.wp.com\/eltrabajo.cl\/portal\/wp-content\/uploads\/2014\/08\/JAVIERA-SAA.jpg?resize=150%2C148&amp;ssl=1 150w, https:\/\/i0.wp.com\/eltrabajo.cl\/portal\/wp-content\/uploads\/2014\/08\/JAVIERA-SAA.jpg?resize=400%2C395&amp;ssl=1 400w\" sizes=\"auto, (max-width: 317px) 100vw, 317px\" \/><\/a><figcaption id=\"caption-attachment-49683\" class=\"wp-caption-text\">Javiera Francisca Sa\u00e1 Mondaca, apoderada y madre de la<\/figcaption><\/figure>\n<p><strong>PUTAENDO.<\/strong>&#8211; Una grave denuncia en contra del Jard\u00edn Infantil Huipi Peiki\u00f1n de Las Coimas, realiz\u00f3 una mujer que asegura que a su hija se la entregaron con arena en sus partes \u00edntimas, lo que le ocasion\u00f3 lesiones de consideraci\u00f3n. La se\u00f1ora Javiera Francisca Sa\u00e1 Mondaca se acerc\u00f3 hasta nuestro medio para denunciar p\u00fablicamente lo que considera una tremenda negligencia e irresponsabilidad por parte de las funcionarias del Jard\u00edn Infantil y Sala Cuna Huipi Peiki\u00f1n, mientras que sostuvo que el viernes pasado como de costumbre, acudi\u00f3 hasta el recinto y retir\u00f3 a su peque\u00f1a hija de dos a\u00f1os de edad y al llegar a su casa, pasados algunos minutos procedi\u00f3 a mudarla, percat\u00e1ndose con asombro que en las partes \u00edntimas de la peque\u00f1a hab\u00eda una importante cantidad de arena, que incluso irrit\u00f3 los genitales de su hija.<\/p>\n<p>Luego de asearla y a\u00fan choqueada, en compa\u00f1\u00eda de otro familiar trasladaron a su hija hasta el Hospital San Antonio de Putaendo, pues incluso llegaron a pensar que se pod\u00eda tratar de alg\u00fan caso de abuso sexual, debido a la irritaci\u00f3n que la peque\u00f1a presentaba en sus partes \u00edntimas.<\/p>\n<figure id=\"attachment_49684\" aria-describedby=\"caption-attachment-49684\" style=\"width: 370px\" class=\"wp-caption alignright\"><a href=\"https:\/\/i0.wp.com\/www.eltrabajo.cl\/portal\/wp-content\/uploads\/2014\/08\/Jardin1.jpg\"><img data-recalc-dims=\"1\" loading=\"lazy\" decoding=\"async\" class=\" wp-image-49684 \" alt=\"Una grave denuncia en contra del Jard\u00edn Infantil Huipi Peiki\u00f1n de Las Coimas, realiz\u00f3 una mujer que asegura que a su hija se la entregaron con arena en sus partes \u00edntimas.\" src=\"https:\/\/i0.wp.com\/www.eltrabajo.cl\/portal\/wp-content\/uploads\/2014\/08\/Jardin1.jpg?resize=370%2C241\" width=\"370\" height=\"241\" srcset=\"https:\/\/i0.wp.com\/eltrabajo.cl\/portal\/wp-content\/uploads\/2014\/08\/Jardin1.jpg?w=529&amp;ssl=1 529w, https:\/\/i0.wp.com\/eltrabajo.cl\/portal\/wp-content\/uploads\/2014\/08\/Jardin1.jpg?resize=200%2C130&amp;ssl=1 200w, https:\/\/i0.wp.com\/eltrabajo.cl\/portal\/wp-content\/uploads\/2014\/08\/Jardin1.jpg?resize=300%2C195&amp;ssl=1 300w, https:\/\/i0.wp.com\/eltrabajo.cl\/portal\/wp-content\/uploads\/2014\/08\/Jardin1.jpg?resize=150%2C97&amp;ssl=1 150w, https:\/\/i0.wp.com\/eltrabajo.cl\/portal\/wp-content\/uploads\/2014\/08\/Jardin1.jpg?resize=400%2C260&amp;ssl=1 400w\" sizes=\"auto, (max-width: 370px) 100vw, 370px\" \/><\/a><figcaption id=\"caption-attachment-49684\" class=\"wp-caption-text\">Una grave denuncia en contra del Jard\u00edn Infantil Huipi Peiki\u00f1n de Las Coimas, realiz\u00f3 una mujer que asegura que a su hija se la entregaron con arena en sus partes \u00edntimas.<\/figcaption><\/figure>\n<p><strong>SIN ABUSOS<\/strong><\/p>\n<p>Javiera Sa\u00e1 asegur\u00f3 que desde el Hospital San Antonio su hija fue enviada hasta el Hospital San Camilo de San Felipe, donde un pediatra descart\u00f3 lesiones atribuibles a un acto de connotaci\u00f3n sexual, pero a su vez confirm\u00f3 que la menor de edad presentaba lesiones ocasionadas por la fricci\u00f3n de la arena con sus partes \u00edntimas.<\/p>\n<p>\u00abEsto no tiene nombre, hace rato que en este jard\u00edn infantil pasan cosas negativas, desaparecieron los aros de mi hija y negaron alguna responsabilidad, pero curiosamente dos d\u00edas despu\u00e9s me devuelven los aros, todos los d\u00edas mi hija llega sucia tras asistir a la sala cuna y con restos de comida en su pecho, pero lo que ocurri\u00f3 ahora es inaceptable, seguramente la llevaron a jugar al patio donde hay arena y lo m\u00e1s probable es que le hayan cambiado el pa\u00f1al sin percatarse de c\u00f3mo hab\u00eda una importante cantidad de arena en las partes \u00edntimas de mi hija\u00bb, puntualiz\u00f3 Sa\u00e1.<\/p>\n<p>La denunciante exhibi\u00f3 el documento m\u00e9dico que acredita las lesiones de su hija y adem\u00e1s asegur\u00f3 que posee fotograf\u00edas que muestran la cantidad de arena que hab\u00eda en las partes \u00edntimas de la menor.<\/p>\n<p><strong>ALCALDE MOLESTO<\/strong><\/p>\n<p>Referente a este delicado tema y una vez que la denunciante convers\u00f3 personalmente y entreg\u00f3 los antecedentes al Alcalde Guillermo Reyes, nuestro medio consult\u00f3 al edil un pronunciamiento sobre esta situaci\u00f3n y de esta manera la primera autoridad comunal, visiblemente molesto sostuvo que luego de recabar los antecedentes necesarios, le parece una irresponsabilidad que no tiene nombre y un descuido sumamente grave.<\/p>\n<p>Reyes reconoci\u00f3 que efectivamente en ese jard\u00edn infantil y sala cuna han sucedido hechos graves, como por ejemplo el peque\u00f1o que permaneci\u00f3 al interior de un furg\u00f3n sin que alguien se percatara, aunque indic\u00f3 que en este hecho debido a su naturaleza y sobre todo por tratarse de una peque\u00f1ita, es una situaci\u00f3n grav\u00edsima, ante lo cual en forma inmediata ha ordenado una investigaci\u00f3n y durante las pr\u00f3ximas horas tomar\u00e1 las medidas que correspondan e incluso no descarta la desvinculaci\u00f3n de algunas funcionarias del Jard\u00edn Infantil Huipi Peiki\u00f1n.<\/p>\n<p>Finalmente el edil asegur\u00f3 que la municipalidad se comprometi\u00f3 con la madre de la peque\u00f1a afectada para enviar un furg\u00f3n y trasladarla hasta el jard\u00edn infantil y sala cuna, ubicado en Quebrada Herrera, con la finalidad de permitir que la peque\u00f1a contin\u00fae recibiendo las atenciones que corresponden en un jard\u00edn infantil.<\/p>\n<p>Patricio Gallardo M.<\/p>\n<p>&nbsp;<\/p>\n","protected":false},"excerpt":{"rendered":"<p>PUTAENDO.&#8211; Una grave denuncia en contra del Jard\u00edn Infantil Huipi Peiki\u00f1n de Las Coimas, realiz\u00f3 una mujer que asegura que a su hija se la entregaron con arena en sus partes \u00edntimas,&#8230;<\/p>\n","protected":false},"author":482,"featured_media":49683,"comment_status":"open","ping_status":"closed","sticky":false,"template":"","format":"standard","meta":{"advanced_seo_description":"","jetpack_seo_html_title":"","jetpack_seo_noindex":false,"_jetpack_memberships_contains_paid_content":false,"footnotes":""},"categories":[15],"tags":[],"class_list":["post-49682","post","type-post","status-publish","format-standard","has-post-thumbnail","hentry","category-comunidad"],"jetpack_featured_media_url":"https:\/\/i0.wp.com\/eltrabajo.cl\/portal\/wp-content\/uploads\/2014\/08\/JAVIERA-SAA.jpg?fit=529%2C523&ssl=1","jetpack_sharing_enabled":true,"jetpack_likes_enabled":true,"jetpack-related-posts":[],"_links":{"self":[{"href":"https:\/\/eltrabajo.cl\/portal\/wp-json\/wp\/v2\/posts\/49682","targetHints":{"allow":["GET"]}}],"collection":[{"href":"https:\/\/eltrabajo.cl\/portal\/wp-json\/wp\/v2\/posts"}],"about":[{"href":"https:\/\/eltrabajo.cl\/portal\/wp-json\/wp\/v2\/types\/post"}],"author":[{"embeddable":true,"href":"https:\/\/eltrabajo.cl\/portal\/wp-json\/wp\/v2\/users\/482"}],"replies":[{"embeddable":true,"href":"https:\/\/eltrabajo.cl\/portal\/wp-json\/wp\/v2\/comments?post=49682"}],"version-history":[{"count":0,"href":"https:\/\/eltrabajo.cl\/portal\/wp-json\/wp\/v2\/posts\/49682\/revisions"}],"wp:featuredmedia":[{"embeddable":true,"href":"https:\/\/eltrabajo.cl\/portal\/wp-json\/wp\/v2\/media\/49683"}],"wp:attachment":[{"href":"https:\/\/eltrabajo.cl\/portal\/wp-json\/wp\/v2\/media?parent=49682"}],"wp:term":[{"taxonomy":"category","embeddable":true,"href":"https:\/\/eltrabajo.cl\/portal\/wp-json\/wp\/v2\/categories?post=49682"},{"taxonomy":"post_tag","embeddable":true,"href":"https:\/\/eltrabajo.cl\/portal\/wp-json\/wp\/v2\/tags?post=49682"}],"curies":[{"name":"wp","href":"https:\/\/api.w.org\/{rel}","templated":true}]}}