{"id":49691,"date":"2014-08-05T09:23:53","date_gmt":"2014-08-05T13:23:53","guid":{"rendered":"http:\/\/www.eltrabajo.cl\/portal\/?p=49691"},"modified":"2014-08-05T09:23:53","modified_gmt":"2014-08-05T13:23:53","slug":"autoridades-reciben-con-regalos-a-los-tres-ninos-nacidos-este-3-de-agosto","status":"publish","type":"post","link":"https:\/\/eltrabajo.cl\/portal\/autoridades-reciben-con-regalos-a-los-tres-ninos-nacidos-este-3-de-agosto\/","title":{"rendered":"Autoridades reciben con regalos a los tres ni\u00f1os nacidos este 3 de agosto"},"content":{"rendered":"<figure id=\"attachment_49692\" aria-describedby=\"caption-attachment-49692\" style=\"width: 529px\" class=\"wp-caption alignnone\"><a href=\"https:\/\/i0.wp.com\/www.eltrabajo.cl\/portal\/wp-content\/uploads\/2014\/08\/FOTO-1-NICOL-Y-ESTEFANIA.jpg\"><img data-recalc-dims=\"1\" loading=\"lazy\" decoding=\"async\" class=\"size-full wp-image-49692\" alt=\"Nicol Soto, junto a su peque\u00f1a Estefan\u00eda Noem\u00ed, acompa\u00f1adas del alcalde y los concejales Jeanette Sotomayor, Basilio Muena y Juan Manuel Millanao.\" src=\"https:\/\/i0.wp.com\/www.eltrabajo.cl\/portal\/wp-content\/uploads\/2014\/08\/FOTO-1-NICOL-Y-ESTEFANIA.jpg?resize=529%2C358\" width=\"529\" height=\"358\" srcset=\"https:\/\/i0.wp.com\/eltrabajo.cl\/portal\/wp-content\/uploads\/2014\/08\/FOTO-1-NICOL-Y-ESTEFANIA.jpg?w=529&amp;ssl=1 529w, https:\/\/i0.wp.com\/eltrabajo.cl\/portal\/wp-content\/uploads\/2014\/08\/FOTO-1-NICOL-Y-ESTEFANIA.jpg?resize=200%2C135&amp;ssl=1 200w, https:\/\/i0.wp.com\/eltrabajo.cl\/portal\/wp-content\/uploads\/2014\/08\/FOTO-1-NICOL-Y-ESTEFANIA.jpg?resize=300%2C203&amp;ssl=1 300w, https:\/\/i0.wp.com\/eltrabajo.cl\/portal\/wp-content\/uploads\/2014\/08\/FOTO-1-NICOL-Y-ESTEFANIA.jpg?resize=150%2C101&amp;ssl=1 150w, https:\/\/i0.wp.com\/eltrabajo.cl\/portal\/wp-content\/uploads\/2014\/08\/FOTO-1-NICOL-Y-ESTEFANIA.jpg?resize=400%2C270&amp;ssl=1 400w\" sizes=\"auto, (max-width: 529px) 100vw, 529px\" \/><\/a><figcaption id=\"caption-attachment-49692\" class=\"wp-caption-text\">Nicol Soto, junto a su peque\u00f1a Estefan\u00eda Noem\u00ed, acompa\u00f1adas del alcalde y los concejales Jeanette Sotomayor, Basilio Muena y Juan Manuel Millanao.<\/figcaption><\/figure>\n<p>Hasta el Hospital San Camilo de San Felipe lleg\u00f3 este lunes el Alcalde Patricio Freire, para hacer entrega de ajuares a los tres peque\u00f1itos que nacieron en el centro asistencial el domingo 3 de agosto, coincidiendo sus nacimientos con la fecha de aniversario de la ciudad. El jefe comunal lleg\u00f3 acompa\u00f1ado de los concejales Jeanette Sotomayor, Basilio Muena y Juan Millanao, adem\u00e1s del Director de Desarrollo Comunitario Pablo Silva y el encargado del Programa Chile Crece Contigo, Claudio Chamorro.<\/p>\n<p><strong>RECI\u00c9N LLEGADOS<\/strong><\/p>\n<p>Estefan\u00eda Noem\u00ed, hija de Nicol Soto; Martina, hija de Eileine Cerda y Cristian Rodrigo, hijo de Lisette Pizarro, fueron los tres peque\u00f1itos que nacieron durante la jornada en que San Felipe celebr\u00f3 sus 274 a\u00f1os de vida, por lo que al arribo de las autoridades al Servicio de Gineco-Obstetricia, estos reci\u00e9n nacidos se encontraban junto a sus madres, quienes agradecieron al edil por este hermoso gesto para con ellas y sus hijos.<\/p>\n<p>Cristian Rodrigo Pacheco, fue el primero en nacer la jornada del 3 de agosto y su madre, Lisette Pizarro, dijo estar muy feliz, porque su hijo naci\u00f3 sano y tambi\u00e9n porque su alumbramiento se produjo en una fecha muy importante para la ciudad que la acogi\u00f3 hace cuatro a\u00f1os, cuando procedente de Per\u00fa, lleg\u00f3 a vivir a San Felipe.<\/p>\n<p>\u201cNo me imagin\u00e9 que iba a nacer este d\u00eda domingo, ni que iba a recibir regalos de parte del alcalde. Estoy muy feliz, yo soy de Per\u00fa y me vine a vivir con mi marido que es sanfelipe\u00f1o\u201d, coment\u00f3 la Lisette Pizarro. En tanto, el Alcalde Patricio Freire expres\u00f3 su alegr\u00eda por tener la oportunidad de compartir junto a estas mam\u00e1s, porque a su juicio son instancias que permiten reconocer a las mujeres de la comuna, quienes luchan d\u00eda a d\u00eda por la felicidad de sus hijos.<\/p>\n<p>La autoridad adem\u00e1s, dijo que es una bonita coincidencia que justo en el d\u00eda 3 de agosto, nacieran tres peque\u00f1itos que se convierten en nuevos vecinos sanfelipe\u00f1os.<\/p>\n<p>\u201cComo es tradicional, con motivo del aniversario de nuestra ciudad, al d\u00eda siguiente de las celebraciones oficiales visitamos la Maternidad del Hospital San Camilo para compartir con las mam\u00e1s y sus hijos, estos nuevos sanfelipe\u00f1os, dos ni\u00f1itas y un peque\u00f1\u00edn, que seguramente traer\u00e1n muchas alegr\u00edas m\u00e1s a nuestra querida comuna de San Felipe\u201d, sentenci\u00f3 el Alcalde Freire.<\/p>\n<div class=\"tiled-gallery type-rectangular tiled-gallery-unresized\" data-original-width=\"640\" data-carousel-extra='null' itemscope itemtype=\"http:\/\/schema.org\/ImageGallery\" > <div class=\"gallery-row\" style=\"width: 640px; height: 218px;\" data-original-width=\"640\" data-original-height=\"218\" > <div class=\"gallery-group images-1\" style=\"width: 320px; height: 218px;\" data-original-width=\"320\" data-original-height=\"218\" > <div class=\"tiled-gallery-item tiled-gallery-item-large\" itemprop=\"associatedMedia\" itemscope itemtype=\"http:\/\/schema.org\/ImageObject\"> <a href=\"https:\/\/eltrabajo.cl\/portal\/autoridades-reciben-con-regalos-a-los-tres-ninos-nacidos-este-3-de-agosto\/foto-2-lisette-y-cristian\/\" border=\"0\" itemprop=\"url\"> <meta itemprop=\"width\" content=\"316\"> <meta itemprop=\"height\" content=\"214\"> <img decoding=\"async\" class=\"\" data-attachment-id=\"49693\" data-orig-file=\"https:\/\/eltrabajo.cl\/portal\/wp-content\/uploads\/2014\/08\/FOTO-2-LISETTE-Y-CRISTIAN.jpg\" data-orig-size=\"529,358\" data-comments-opened=\"1\" data-image-meta=\"{&quot;aperture&quot;:&quot;4&quot;,&quot;credit&quot;:&quot;&quot;,&quot;camera&quot;:&quot;Canon EOS REBEL T3i&quot;,&quot;caption&quot;:&quot;&quot;,&quot;created_timestamp&quot;:&quot;1409743333&quot;,&quot;copyright&quot;:&quot;&quot;,&quot;focal_length&quot;:&quot;18&quot;,&quot;iso&quot;:&quot;400&quot;,&quot;shutter_speed&quot;:&quot;0.016666666666667&quot;,&quot;title&quot;:&quot;&quot;}\" data-image-title=\"FOTO 2 &amp;#8211; LISETTE Y CRISTIAN\" data-image-description=\"&lt;p&gt;Lisette Pizarro junto a su peque\u00f1o hijo Cristian Rodrigo Pacheco, acompa\u00f1adas de las autoridades comunales.&lt;\/p&gt; \" data-medium-file=\"https:\/\/i0.wp.com\/eltrabajo.cl\/portal\/wp-content\/uploads\/2014\/08\/FOTO-2-LISETTE-Y-CRISTIAN.jpg?fit=300%2C203&#038;ssl=1\" data-large-file=\"https:\/\/i0.wp.com\/eltrabajo.cl\/portal\/wp-content\/uploads\/2014\/08\/FOTO-2-LISETTE-Y-CRISTIAN.jpg?fit=529%2C358&#038;ssl=1\" src=\"https:\/\/i0.wp.com\/eltrabajo.cl\/portal\/wp-content\/uploads\/2014\/08\/FOTO-2-LISETTE-Y-CRISTIAN.jpg?w=316&#038;h=214&#038;ssl=1\" srcset=\"https:\/\/i0.wp.com\/eltrabajo.cl\/portal\/wp-content\/uploads\/2014\/08\/FOTO-2-LISETTE-Y-CRISTIAN.jpg?w=529&amp;ssl=1 529w, https:\/\/i0.wp.com\/eltrabajo.cl\/portal\/wp-content\/uploads\/2014\/08\/FOTO-2-LISETTE-Y-CRISTIAN.jpg?resize=200%2C135&amp;ssl=1 200w, https:\/\/i0.wp.com\/eltrabajo.cl\/portal\/wp-content\/uploads\/2014\/08\/FOTO-2-LISETTE-Y-CRISTIAN.jpg?resize=300%2C203&amp;ssl=1 300w, https:\/\/i0.wp.com\/eltrabajo.cl\/portal\/wp-content\/uploads\/2014\/08\/FOTO-2-LISETTE-Y-CRISTIAN.jpg?resize=150%2C101&amp;ssl=1 150w, https:\/\/i0.wp.com\/eltrabajo.cl\/portal\/wp-content\/uploads\/2014\/08\/FOTO-2-LISETTE-Y-CRISTIAN.jpg?resize=400%2C270&amp;ssl=1 400w\" width=\"316\" height=\"214\" loading=\"lazy\" data-original-width=\"316\" data-original-height=\"214\" itemprop=\"http:\/\/schema.org\/image\" title=\"FOTO 2 - LISETTE Y CRISTIAN\" alt=\"Lisette Pizarro junto a su peque\u00f1o hijo Cristian Rodrigo Pacheco, acompa\u00f1adas de las autoridades comunales.\" style=\"width: 316px; height: 214px;\" \/> <\/a> <div class=\"tiled-gallery-caption\" itemprop=\"caption description\"> Lisette Pizarro junto a su peque\u00f1o hijo Cristian Rodrigo Pacheco, acompa\u00f1adas de las autoridades comunales. <\/div> <\/div> <\/div> <!-- close group --> <div class=\"gallery-group images-1\" style=\"width: 320px; height: 218px;\" data-original-width=\"320\" data-original-height=\"218\" > <div class=\"tiled-gallery-item tiled-gallery-item-large\" itemprop=\"associatedMedia\" itemscope itemtype=\"http:\/\/schema.org\/ImageObject\"> <a href=\"https:\/\/eltrabajo.cl\/portal\/autoridades-reciben-con-regalos-a-los-tres-ninos-nacidos-este-3-de-agosto\/foto-3-eileine-y-martina\/\" border=\"0\" itemprop=\"url\"> <meta itemprop=\"width\" content=\"316\"> <meta itemprop=\"height\" content=\"214\"> <img decoding=\"async\" class=\"\" data-attachment-id=\"49694\" data-orig-file=\"https:\/\/eltrabajo.cl\/portal\/wp-content\/uploads\/2014\/08\/FOTO-3-EILEINE-Y-MARTINA.jpg\" data-orig-size=\"529,358\" data-comments-opened=\"1\" data-image-meta=\"{&quot;aperture&quot;:&quot;4&quot;,&quot;credit&quot;:&quot;&quot;,&quot;camera&quot;:&quot;Canon EOS REBEL T3i&quot;,&quot;caption&quot;:&quot;&quot;,&quot;created_timestamp&quot;:&quot;1409743439&quot;,&quot;copyright&quot;:&quot;&quot;,&quot;focal_length&quot;:&quot;18&quot;,&quot;iso&quot;:&quot;400&quot;,&quot;shutter_speed&quot;:&quot;0.016666666666667&quot;,&quot;title&quot;:&quot;&quot;}\" data-image-title=\"FOTO 3 &amp;#8211; EILEINE Y MARTINA\" data-image-description=\"&lt;p&gt;Eileine Cerda, junto a la peque\u00f1a Martina y las autoridades de la comuna.&lt;\/p&gt; \" data-medium-file=\"https:\/\/i0.wp.com\/eltrabajo.cl\/portal\/wp-content\/uploads\/2014\/08\/FOTO-3-EILEINE-Y-MARTINA.jpg?fit=300%2C203&#038;ssl=1\" data-large-file=\"https:\/\/i0.wp.com\/eltrabajo.cl\/portal\/wp-content\/uploads\/2014\/08\/FOTO-3-EILEINE-Y-MARTINA.jpg?fit=529%2C358&#038;ssl=1\" src=\"https:\/\/i0.wp.com\/eltrabajo.cl\/portal\/wp-content\/uploads\/2014\/08\/FOTO-3-EILEINE-Y-MARTINA.jpg?w=316&#038;h=214&#038;ssl=1\" srcset=\"https:\/\/i0.wp.com\/eltrabajo.cl\/portal\/wp-content\/uploads\/2014\/08\/FOTO-3-EILEINE-Y-MARTINA.jpg?w=529&amp;ssl=1 529w, https:\/\/i0.wp.com\/eltrabajo.cl\/portal\/wp-content\/uploads\/2014\/08\/FOTO-3-EILEINE-Y-MARTINA.jpg?resize=200%2C135&amp;ssl=1 200w, https:\/\/i0.wp.com\/eltrabajo.cl\/portal\/wp-content\/uploads\/2014\/08\/FOTO-3-EILEINE-Y-MARTINA.jpg?resize=300%2C203&amp;ssl=1 300w, https:\/\/i0.wp.com\/eltrabajo.cl\/portal\/wp-content\/uploads\/2014\/08\/FOTO-3-EILEINE-Y-MARTINA.jpg?resize=150%2C101&amp;ssl=1 150w, https:\/\/i0.wp.com\/eltrabajo.cl\/portal\/wp-content\/uploads\/2014\/08\/FOTO-3-EILEINE-Y-MARTINA.jpg?resize=400%2C270&amp;ssl=1 400w\" width=\"316\" height=\"214\" loading=\"lazy\" data-original-width=\"316\" data-original-height=\"214\" itemprop=\"http:\/\/schema.org\/image\" title=\"FOTO 3 - EILEINE Y MARTINA\" alt=\"Eileine Cerda, junto a la peque\u00f1a Martina y las autoridades de la comuna.\" style=\"width: 316px; height: 214px;\" \/> <\/a> <div class=\"tiled-gallery-caption\" itemprop=\"caption description\"> Eileine Cerda, junto a la peque\u00f1a Martina y las autoridades de la comuna. <\/div> <\/div> <\/div> <!-- close group --> <\/div> <!-- close row --> <\/div>\n","protected":false},"excerpt":{"rendered":"<p>Hasta el Hospital San Camilo de San Felipe lleg\u00f3 este lunes el Alcalde Patricio Freire, para hacer entrega de ajuares a los tres peque\u00f1itos que nacieron en el centro asistencial el domingo&#8230;<\/p>\n","protected":false},"author":482,"featured_media":49692,"comment_status":"open","ping_status":"closed","sticky":false,"template":"","format":"standard","meta":{"advanced_seo_description":"","jetpack_seo_html_title":"","jetpack_seo_noindex":false,"_jetpack_memberships_contains_paid_content":false,"footnotes":""},"categories":[15],"tags":[],"class_list":["post-49691","post","type-post","status-publish","format-standard","has-post-thumbnail","hentry","category-comunidad"],"jetpack_featured_media_url":"https:\/\/i0.wp.com\/eltrabajo.cl\/portal\/wp-content\/uploads\/2014\/08\/FOTO-1-NICOL-Y-ESTEFANIA.jpg?fit=529%2C358&ssl=1","jetpack_sharing_enabled":true,"jetpack_likes_enabled":true,"jetpack-related-posts":[],"_links":{"self":[{"href":"https:\/\/eltrabajo.cl\/portal\/wp-json\/wp\/v2\/posts\/49691","targetHints":{"allow":["GET"]}}],"collection":[{"href":"https:\/\/eltrabajo.cl\/portal\/wp-json\/wp\/v2\/posts"}],"about":[{"href":"https:\/\/eltrabajo.cl\/portal\/wp-json\/wp\/v2\/types\/post"}],"author":[{"embeddable":true,"href":"https:\/\/eltrabajo.cl\/portal\/wp-json\/wp\/v2\/users\/482"}],"replies":[{"embeddable":true,"href":"https:\/\/eltrabajo.cl\/portal\/wp-json\/wp\/v2\/comments?post=49691"}],"version-history":[{"count":0,"href":"https:\/\/eltrabajo.cl\/portal\/wp-json\/wp\/v2\/posts\/49691\/revisions"}],"wp:featuredmedia":[{"embeddable":true,"href":"https:\/\/eltrabajo.cl\/portal\/wp-json\/wp\/v2\/media\/49692"}],"wp:attachment":[{"href":"https:\/\/eltrabajo.cl\/portal\/wp-json\/wp\/v2\/media?parent=49691"}],"wp:term":[{"taxonomy":"category","embeddable":true,"href":"https:\/\/eltrabajo.cl\/portal\/wp-json\/wp\/v2\/categories?post=49691"},{"taxonomy":"post_tag","embeddable":true,"href":"https:\/\/eltrabajo.cl\/portal\/wp-json\/wp\/v2\/tags?post=49691"}],"curies":[{"name":"wp","href":"https:\/\/api.w.org\/{rel}","templated":true}]}}