{"id":49701,"date":"2014-08-05T09:27:23","date_gmt":"2014-08-05T13:27:23","guid":{"rendered":"http:\/\/www.eltrabajo.cl\/portal\/?p=49701"},"modified":"2014-08-05T09:27:23","modified_gmt":"2014-08-05T13:27:23","slug":"acusan-de-homicidio-frustrado-a-sujeto-que-fracturo-pie-a-menor-de-2-anos","status":"publish","type":"post","link":"https:\/\/eltrabajo.cl\/portal\/acusan-de-homicidio-frustrado-a-sujeto-que-fracturo-pie-a-menor-de-2-anos\/","title":{"rendered":"Acusan de Homicidio frustrado a sujeto que fractur\u00f3 pie a menor de 2 a\u00f1os"},"content":{"rendered":"<figure id=\"attachment_49702\" aria-describedby=\"caption-attachment-49702\" style=\"width: 222px\" class=\"wp-caption alignleft\"><a href=\"https:\/\/i0.wp.com\/www.eltrabajo.cl\/portal\/wp-content\/uploads\/2014\/08\/Fiscal-Basso.jpg\"><img data-recalc-dims=\"1\" loading=\"lazy\" decoding=\"async\" class=\" wp-image-49702  \" alt=\"El Fiscal Jefe Osvaldo Basso Cerda, elev\u00f3 la acusaci\u00f3n en contra del imputado calificando el delito de Homicidio simple frustrado que afect\u00f3 a un menor de dos a\u00f1os en la comuna de Llay Llay.\" src=\"https:\/\/i0.wp.com\/www.eltrabajo.cl\/portal\/wp-content\/uploads\/2014\/08\/Fiscal-Basso.jpg?resize=222%2C295\" width=\"222\" height=\"295\" srcset=\"https:\/\/i0.wp.com\/eltrabajo.cl\/portal\/wp-content\/uploads\/2014\/08\/Fiscal-Basso.jpg?w=529&amp;ssl=1 529w, https:\/\/i0.wp.com\/eltrabajo.cl\/portal\/wp-content\/uploads\/2014\/08\/Fiscal-Basso.jpg?resize=113%2C150&amp;ssl=1 113w, https:\/\/i0.wp.com\/eltrabajo.cl\/portal\/wp-content\/uploads\/2014\/08\/Fiscal-Basso.jpg?resize=226%2C300&amp;ssl=1 226w, https:\/\/i0.wp.com\/eltrabajo.cl\/portal\/wp-content\/uploads\/2014\/08\/Fiscal-Basso.jpg?resize=400%2C530&amp;ssl=1 400w\" sizes=\"auto, (max-width: 222px) 100vw, 222px\" \/><\/a><figcaption id=\"caption-attachment-49702\" class=\"wp-caption-text\">El Fiscal Jefe Osvaldo Basso Cerda, elev\u00f3 la acusaci\u00f3n en contra del imputado calificando el delito de Homicidio simple frustrado que afect\u00f3 a un menor de dos a\u00f1os en la comuna de Llay Llay.<\/figcaption><\/figure>\n<p>El Ministerio P\u00fablico de San Felipe elev\u00f3 formalmente ante el Juzgado de Garant\u00eda, la reformulaci\u00f3n de cargos, de Lesiones graves a Homicidio simple frustrado, en contra de un sujeto de 20 a\u00f1os que golpe\u00f3 y fractur\u00f3 la pierna a un peque\u00f1o de dos a\u00f1os, en venganza contra su ex-pareja. As\u00ed lo manifest\u00f3 el Fiscal Jefe, Osvaldo Basso Cerda a Diario El Trabajo, quien present\u00f3 el escrito a dicho tribunal a la espera de la preparaci\u00f3n de juicio oral, manteniendo los mismos hechos formalizados con la calificaci\u00f3n de este grave delito, que corresponder\u00eda a un Homicidio frustrado en perjuicio de un menor de edad.<\/p>\n<p><strong>LOS HECHOS<\/strong><\/p>\n<p>Los antecedentes de la acusaci\u00f3n corresponden a los sucesos ocurridos el pasado 03 de diciembre del 2013, sindicando al imputado como Patricio Alexis Q. T., de 20 a\u00f1os, quien d\u00edas antes hab\u00eda amenazado a su ex-pareja de agredir a cualquiera de sus familiares si ella terminaba la relaci\u00f3n que manten\u00edan.<\/p>\n<p>La investigaci\u00f3n indica que el sujeto aprovech\u00f3 que la madre del ni\u00f1o sali\u00f3 a comprar, para ingresar clandestinamente hasta su departamento en Villa El Sauce de Llay Llay, atacando desmedidamente al menor de dos a\u00f1os, quien es sobrino de la mujer amenazada.<\/p>\n<p>Este cruel acto provoc\u00f3 que el peque\u00f1o resultara con diversas lesiones en su cuerpo, producto de los violentos golpes, y su pierna izquierda fracturada, espec\u00edficamente el f\u00e9mur, de car\u00e1cter grave, lo que hizo por venganza ya que la mujer termin\u00f3 definitivamente la relaci\u00f3n sentimental.<\/p>\n<p>Patricio Alexis, tras permanecer pr\u00f3fugo de la justicia, fue detenido y formalizado en aquel entonces por el delito de Lesiones graves, recuperando su libertad a la espera de las investigaciones que despleg\u00f3 el Ministerio P\u00fablico por ocho meses.<\/p>\n<p>\u201cPor los mismos hechos que le fueron formalizados, el Ministerio P\u00fablico estima que corresponden en estricto rigor a un Homicidio simple frustrado. Nosotros sostenemos la teor\u00eda de que el imputado ingres\u00f3 hasta el interior del inmueble donde habitaba el menor, aprovech\u00e1ndose que se encontraba solo y procedi\u00f3 a agredirlo en diferentes partes del cuerpo, quedando poli-contuso al fracturar su pierna, lesiones calificadas por los servicios pertinentes como graves. A nosotros ese hecho nos parece de tal gravedad, en realidad el \u00e1nimo del imputado apunta a causar la muerte del ni\u00f1o\u201d, sentenci\u00f3 el Fiscal Osvaldo Basso.<\/p>\n<p>El persecutor agreg\u00f3 que dentro de los pr\u00f3ximos d\u00edas el Tribunal de Garant\u00eda agendar\u00e1 una Audiencia de Preparaci\u00f3n de juicio, para ser derivado al Tribunal Oral en Lo Penal. En cuanto a las penas que arriesga el imputado, Basso se\u00f1al\u00f3 que perseguir\u00e1 las m\u00e1ximas sanciones que alcanzan para el Homicidio simple frustrado en cinco a\u00f1os, a\u00f1adiendo Violaci\u00f3n de morada con 541 d\u00edas de presidio. El acusado deber\u00e1 presentarse a todos los actos del procedimiento sino se despachar\u00e1 una orden de detenci\u00f3n en su contra.<\/p>\n<p>Pablo Salinas Sald\u00edas<\/p>\n","protected":false},"excerpt":{"rendered":"<p>El Ministerio P\u00fablico de San Felipe elev\u00f3 formalmente ante el Juzgado de Garant\u00eda, la reformulaci\u00f3n de cargos, de Lesiones graves a Homicidio simple frustrado, en contra de un sujeto de 20 a\u00f1os&#8230;<\/p>\n","protected":false},"author":482,"featured_media":49702,"comment_status":"open","ping_status":"closed","sticky":false,"template":"","format":"standard","meta":{"advanced_seo_description":"","jetpack_seo_html_title":"","jetpack_seo_noindex":false,"_jetpack_memberships_contains_paid_content":false,"footnotes":""},"categories":[21],"tags":[],"class_list":["post-49701","post","type-post","status-publish","format-standard","has-post-thumbnail","hentry","category-policial"],"jetpack_featured_media_url":"https:\/\/i0.wp.com\/eltrabajo.cl\/portal\/wp-content\/uploads\/2014\/08\/Fiscal-Basso.jpg?fit=529%2C701&ssl=1","jetpack_sharing_enabled":true,"jetpack_likes_enabled":true,"jetpack-related-posts":[],"_links":{"self":[{"href":"https:\/\/eltrabajo.cl\/portal\/wp-json\/wp\/v2\/posts\/49701","targetHints":{"allow":["GET"]}}],"collection":[{"href":"https:\/\/eltrabajo.cl\/portal\/wp-json\/wp\/v2\/posts"}],"about":[{"href":"https:\/\/eltrabajo.cl\/portal\/wp-json\/wp\/v2\/types\/post"}],"author":[{"embeddable":true,"href":"https:\/\/eltrabajo.cl\/portal\/wp-json\/wp\/v2\/users\/482"}],"replies":[{"embeddable":true,"href":"https:\/\/eltrabajo.cl\/portal\/wp-json\/wp\/v2\/comments?post=49701"}],"version-history":[{"count":0,"href":"https:\/\/eltrabajo.cl\/portal\/wp-json\/wp\/v2\/posts\/49701\/revisions"}],"wp:featuredmedia":[{"embeddable":true,"href":"https:\/\/eltrabajo.cl\/portal\/wp-json\/wp\/v2\/media\/49702"}],"wp:attachment":[{"href":"https:\/\/eltrabajo.cl\/portal\/wp-json\/wp\/v2\/media?parent=49701"}],"wp:term":[{"taxonomy":"category","embeddable":true,"href":"https:\/\/eltrabajo.cl\/portal\/wp-json\/wp\/v2\/categories?post=49701"},{"taxonomy":"post_tag","embeddable":true,"href":"https:\/\/eltrabajo.cl\/portal\/wp-json\/wp\/v2\/tags?post=49701"}],"curies":[{"name":"wp","href":"https:\/\/api.w.org\/{rel}","templated":true}]}}