{"id":49712,"date":"2014-08-05T09:31:37","date_gmt":"2014-08-05T13:31:37","guid":{"rendered":"http:\/\/www.eltrabajo.cl\/portal\/?p=49712"},"modified":"2014-08-05T09:31:37","modified_gmt":"2014-08-05T13:31:37","slug":"giovanni-desperto-del-coma-y-se-recupera-favorablemente-del-trasplante-de-higado","status":"publish","type":"post","link":"https:\/\/eltrabajo.cl\/portal\/giovanni-desperto-del-coma-y-se-recupera-favorablemente-del-trasplante-de-higado\/","title":{"rendered":"Giovanni despert\u00f3 del coma y se recupera favorablemente del trasplante de h\u00edgado"},"content":{"rendered":"<figure id=\"attachment_49713\" aria-describedby=\"caption-attachment-49713\" style=\"width: 223px\" class=\"wp-caption alignleft\"><a href=\"https:\/\/i0.wp.com\/www.eltrabajo.cl\/portal\/wp-content\/uploads\/2014\/08\/Giovanni.jpg\"><img data-recalc-dims=\"1\" loading=\"lazy\" decoding=\"async\" class=\" wp-image-49713  \" alt=\"Giovanni Olmos est\u00e1 consciente y est\u00e1 despertando del coma inducido hace 15 d\u00edas, luego de ser trasplantado de h\u00edgado.\" src=\"https:\/\/i0.wp.com\/www.eltrabajo.cl\/portal\/wp-content\/uploads\/2014\/08\/Giovanni.jpg?resize=223%2C223\" width=\"223\" height=\"223\" srcset=\"https:\/\/i0.wp.com\/eltrabajo.cl\/portal\/wp-content\/uploads\/2014\/08\/Giovanni.jpg?w=530&amp;ssl=1 530w, https:\/\/i0.wp.com\/eltrabajo.cl\/portal\/wp-content\/uploads\/2014\/08\/Giovanni.jpg?resize=150%2C150&amp;ssl=1 150w, https:\/\/i0.wp.com\/eltrabajo.cl\/portal\/wp-content\/uploads\/2014\/08\/Giovanni.jpg?resize=300%2C300&amp;ssl=1 300w, https:\/\/i0.wp.com\/eltrabajo.cl\/portal\/wp-content\/uploads\/2014\/08\/Giovanni.jpg?resize=400%2C400&amp;ssl=1 400w\" sizes=\"auto, (max-width: 223px) 100vw, 223px\" \/><\/a><figcaption id=\"caption-attachment-49713\" class=\"wp-caption-text\">Giovanni Olmos est\u00e1 consciente y est\u00e1 despertando del coma inducido hace 15 d\u00edas, luego de ser trasplantado de h\u00edgado.<\/figcaption><\/figure>\n<p>Y el milagro se produjo\u2026 Giovanni Olmos despert\u00f3 del coma, luego de ya cumplirse casi una semana de haber sido trasplantado de h\u00edgado, evolucionando favorablemente. Aunque sigue entubado, \u00e9l est\u00e1 consciente y ya ha podido comunicarse mediante movimientos con manos pies y cabeza con su familia, que a\u00fan no pueden creer su pronta recuperaci\u00f3n.<\/p>\n<p><strong>\u00a0SE COMUNICA<\/strong><\/p>\n<p>Los diagn\u00f3sticos m\u00e9dicos advierten que su tratamiento ser\u00e1 lento y progresivo, Giovanni resisti\u00f3 la operaci\u00f3n y el \u00f3rgano est\u00e1 funcionando por s\u00ed s\u00f3lo, pese haber sufrido una hemorragia interna que pudo ser controlada por los facultativos tras seis horas que dur\u00f3 la intervenci\u00f3n el pasado martes 29 de julio en el Hospital Cl\u00ednico de la Universidad Cat\u00f3lica de Santiago.<\/p>\n<p><strong>\u00a0EL DONADOR<\/strong><\/p>\n<p>Todo gracias a un donante de 48 a\u00f1os de edad que perdi\u00f3 la vida tras permanecer internado en el Hospital El Pino de la comuna de San Bernardo, cuyos familiares accedieron a donar sus \u00f3rganos, beneficiando la urgencia de Giovanni Olmos, quien era Prioridad Nacional tras sufrir una fulminante hepatitis.<\/p>\n<p>Hoy sus familiares y amigos est\u00e1n ilusionados con la paulatina evoluci\u00f3n de salud que ha desarrollado este joven llaylla\u00edno de 27 a\u00f1os, luego que los m\u00e9dicos de cabecera establecieran 72 horas para monitorear el nuevo h\u00edgado, mismo que funciona hasta el momento satisfactoriamente en el cuerpo de Giovanni, calificando la intervenci\u00f3n como exitosa.<\/p>\n<p>\u201cYa abri\u00f3 sus ojitos, hace se\u00f1ales con sus cejas, mueve los pies, est\u00e1 despertando del coma, va a ser lenta su recuperaci\u00f3n pero con esa que est\u00e1 haciendo est\u00e1 s\u00faper bien. El h\u00edgado ya est\u00e1 trabajando solito, as\u00ed que no ha tenido ning\u00fan problema por lo que se ve lo est\u00e1 aceptando. Ha tenido una muy r\u00e1pida recuperaci\u00f3n est\u00e1 trabajando bien el h\u00edgado. \u00c9l escucha mueve la cabeza est\u00e1 consciente, reconoce por la voz lo que uno le pregunta y contesta con movimientos. Despert\u00f3, pero le falta todav\u00eda despu\u00e9s de estar en coma cerca de 15 d\u00edas\u201d, se\u00f1al\u00f3 Sandra Olmos hermana de Giovanni a Diario El Trabajo.<\/p>\n<p>Ahora est\u00e1n esperanzados y optimistas, todo el clan familiar viaja desde Llay Llay hasta la cl\u00ednica en Santiago para estar con Giovanni, quien est\u00e1 bajo estrictos controles con neur\u00f3logos y kinesi\u00f3logos, que se incluyen en el diario tratamiento que est\u00e1 recibiendo el paciente.<\/p>\n<p><strong>BINGO SOLIDARIO<\/strong><\/p>\n<p>En paralelo, los amigos de la familia han continuado desarrollando diversos beneficios para costear gastos con la realizaci\u00f3n de eventos en Catemu y en Llay Llay a cargo de la Club de Huasos Santa Teresa, donde pertenece Giovanni hace ya catorce a\u00f1os. Para el pr\u00f3ximo s\u00e1bado 16 de agosto se tiene contemplado la realizaci\u00f3n de un bingo en el sector de Montenegro, invitando a toda la comunidad a participar.<\/p>\n<p>Sandra Olmos concluy\u00f3 esta entrevista agradeciendo a todos quienes se unieron a las cadenas de oraci\u00f3n a favor de su hermano Giovanni, que produjo el milagro de vivir. Adelant\u00f3 que la familia quiere tener un acercamiento con los familiares del donante, para reconocer su decisi\u00f3n que revirti\u00f3 una tragedia por la necesidad del vital \u00f3rgano humano.<\/p>\n<p>\u201cM\u00e1s adelante, cuando mi hermano se encuentre mejor, queremos tener contacto con la familia del donante, estamos muy agradecidos, por eso queremos hacerles saber que Giovanni tiene un pedacito de su familiar\u201d.<\/p>\n<p>Pablo Salinas Sald\u00edas<\/p>\n<p>&nbsp;<\/p>\n","protected":false},"excerpt":{"rendered":"<p>Y el milagro se produjo\u2026 Giovanni Olmos despert\u00f3 del coma, luego de ya cumplirse casi una semana de haber sido trasplantado de h\u00edgado, evolucionando favorablemente. Aunque sigue entubado, \u00e9l est\u00e1 consciente y&#8230;<\/p>\n","protected":false},"author":482,"featured_media":49713,"comment_status":"open","ping_status":"closed","sticky":false,"template":"","format":"standard","meta":{"advanced_seo_description":"","jetpack_seo_html_title":"","jetpack_seo_noindex":false,"_jetpack_memberships_contains_paid_content":false,"footnotes":""},"categories":[15],"tags":[],"class_list":["post-49712","post","type-post","status-publish","format-standard","has-post-thumbnail","hentry","category-comunidad"],"jetpack_featured_media_url":"https:\/\/i0.wp.com\/eltrabajo.cl\/portal\/wp-content\/uploads\/2014\/08\/Giovanni.jpg?fit=530%2C530&ssl=1","jetpack_sharing_enabled":true,"jetpack_likes_enabled":true,"jetpack-related-posts":[],"_links":{"self":[{"href":"https:\/\/eltrabajo.cl\/portal\/wp-json\/wp\/v2\/posts\/49712","targetHints":{"allow":["GET"]}}],"collection":[{"href":"https:\/\/eltrabajo.cl\/portal\/wp-json\/wp\/v2\/posts"}],"about":[{"href":"https:\/\/eltrabajo.cl\/portal\/wp-json\/wp\/v2\/types\/post"}],"author":[{"embeddable":true,"href":"https:\/\/eltrabajo.cl\/portal\/wp-json\/wp\/v2\/users\/482"}],"replies":[{"embeddable":true,"href":"https:\/\/eltrabajo.cl\/portal\/wp-json\/wp\/v2\/comments?post=49712"}],"version-history":[{"count":0,"href":"https:\/\/eltrabajo.cl\/portal\/wp-json\/wp\/v2\/posts\/49712\/revisions"}],"wp:featuredmedia":[{"embeddable":true,"href":"https:\/\/eltrabajo.cl\/portal\/wp-json\/wp\/v2\/media\/49713"}],"wp:attachment":[{"href":"https:\/\/eltrabajo.cl\/portal\/wp-json\/wp\/v2\/media?parent=49712"}],"wp:term":[{"taxonomy":"category","embeddable":true,"href":"https:\/\/eltrabajo.cl\/portal\/wp-json\/wp\/v2\/categories?post=49712"},{"taxonomy":"post_tag","embeddable":true,"href":"https:\/\/eltrabajo.cl\/portal\/wp-json\/wp\/v2\/tags?post=49712"}],"curies":[{"name":"wp","href":"https:\/\/api.w.org\/{rel}","templated":true}]}}