{"id":49725,"date":"2014-08-06T09:07:06","date_gmt":"2014-08-06T13:07:06","guid":{"rendered":"http:\/\/www.eltrabajo.cl\/portal\/?p=49725"},"modified":"2014-08-06T09:07:06","modified_gmt":"2014-08-06T13:07:06","slug":"escolares-reciben-uniformes-y-utiles-de-estudio","status":"publish","type":"post","link":"https:\/\/eltrabajo.cl\/portal\/escolares-reciben-uniformes-y-utiles-de-estudio\/","title":{"rendered":"Escolares reciben uniformes y \u00fatiles de estudio"},"content":{"rendered":"<figure id=\"attachment_49726\" aria-describedby=\"caption-attachment-49726\" style=\"width: 529px\" class=\"wp-caption alignnone\"><a href=\"https:\/\/i0.wp.com\/www.eltrabajo.cl\/portal\/wp-content\/uploads\/2014\/08\/Escolares1.jpg\"><img data-recalc-dims=\"1\" loading=\"lazy\" decoding=\"async\" class=\"size-full wp-image-49726\" alt=\"Se trata de donaciones sobrantes que las empresas realizaron a los damnificados de Valpara\u00edso.\" src=\"https:\/\/i0.wp.com\/www.eltrabajo.cl\/portal\/wp-content\/uploads\/2014\/08\/Escolares1.jpg?resize=529%2C304\" width=\"529\" height=\"304\" srcset=\"https:\/\/i0.wp.com\/eltrabajo.cl\/portal\/wp-content\/uploads\/2014\/08\/Escolares1.jpg?w=529&amp;ssl=1 529w, https:\/\/i0.wp.com\/eltrabajo.cl\/portal\/wp-content\/uploads\/2014\/08\/Escolares1.jpg?resize=200%2C114&amp;ssl=1 200w, https:\/\/i0.wp.com\/eltrabajo.cl\/portal\/wp-content\/uploads\/2014\/08\/Escolares1.jpg?resize=300%2C172&amp;ssl=1 300w, https:\/\/i0.wp.com\/eltrabajo.cl\/portal\/wp-content\/uploads\/2014\/08\/Escolares1.jpg?resize=150%2C86&amp;ssl=1 150w, https:\/\/i0.wp.com\/eltrabajo.cl\/portal\/wp-content\/uploads\/2014\/08\/Escolares1.jpg?resize=400%2C229&amp;ssl=1 400w\" sizes=\"auto, (max-width: 529px) 100vw, 529px\" \/><\/a><figcaption id=\"caption-attachment-49726\" class=\"wp-caption-text\">Se trata de donaciones sobrantes que las empresas realizaron a los damnificados de Valpara\u00edso.<\/figcaption><\/figure>\n<p><strong>PANQUEHUE<\/strong>.- A trav\u00e9s de una ceremonia realizada en la sala cultural de la comuna, alumnos de escuelas y jardines infantiles recibieron de parte del municipio uniformes y \u00fatiles escolares. De acuerdo a lo informado por la Directora del Departamento de Administraci\u00f3n y Educaci\u00f3n Municipal (Daem), Julia Mar\u00edn, se trata de accesorios sobrantes de las donaciones que hicieron empresas para los damnificados de Valpara\u00edso.<\/p>\n<p>Explic\u00f3 que por disposici\u00f3n de la Direcci\u00f3n Provincial de Educaci\u00f3n, se destin\u00f3 una determinada cantidad de estos uniformes, consistentes en camisas, jumpers y delantales nuevos, para una determinada cantidad de alumnos de Panquehue. La selecci\u00f3n de los menores, los realiz\u00f3 cada director de escuela, pues son ellos los conocedores de las realidades socioecon\u00f3micas de cada familia.<\/p>\n<p>\u201cPara nosotros ha sido un gran desaf\u00edo hacer entrega de este vestuario escolar a esta altura del a\u00f1o, lo quisimos hacer de la maneras m\u00e1s r\u00e1pida, pues viene ropa de abrigo, sobre todo para los ni\u00f1os de los jardines infantiles. Es as\u00ed que a cada educadora de p\u00e1rvulos le hicimos entrega de polerones y pantalones de distintas tallas. Ahora nosotros como Daem, tenemos la fe que los pap\u00e1s san comprensivos, pues es una ayuda que nos lleg\u00f3 y no podemos decir que en mi escuela no se usa esto o lo otro, quisimos beneficiar a una gran cantidad de ni\u00f1os y sabemos que va hacer un gran aporte para su presentaci\u00f3n y presupuesto familiar\u201d, dijo Mar\u00edn.<\/p>\n<p>En tanto el Alcalde Luis Pradenas, indic\u00f3 que esta ayuda est\u00e1 dirigida a los alumnos m\u00e1s vulnerables, quienes son los que necesitan de manera primordial del apoyo de las autoridades. Junto con ello, el edil agradeci\u00f3 la disposici\u00f3n de la Direcci\u00f3n Provincial de Educaci\u00f3n, al considerar la comuna de Panquehue, en estos donativos.<\/p>\n<p>\u201cEs una ayuda que va en beneficio de los ni\u00f1os m\u00e1s vulnerables de la educaci\u00f3n p\u00fablica, donde nos tenemos que preocupar. Esta es la educaci\u00f3n que tenemos que potenciar, m\u00e1s aun en comunas como Panquehue, donde solamente tenemos colegios p\u00fablicos, por lo tanto, estoy feliz de poder hacer llegar esta ayuda a los alumnos por intermedio de los apoderados, siendo esta una selecci\u00f3n que hizo cada director de escuela\u201d.<\/p>\n<p>Durante la realizaci\u00f3n de la ceremonia, alumnos de la Escuela Ema Lobos realizaron una presentaci\u00f3n art\u00edstica. En la actividad de entrega de esta ayuda, estuvieron adem\u00e1s los concejales Elvira Ahumada, Patricio Morales y Gonzalo Vergara.<\/p>\n<p>&nbsp;<\/p>\n","protected":false},"excerpt":{"rendered":"<p>PANQUEHUE.- A trav\u00e9s de una ceremonia realizada en la sala cultural de la comuna, alumnos de escuelas y jardines infantiles recibieron de parte del municipio uniformes y \u00fatiles escolares. De acuerdo a&#8230;<\/p>\n","protected":false},"author":482,"featured_media":49726,"comment_status":"open","ping_status":"closed","sticky":false,"template":"","format":"standard","meta":{"advanced_seo_description":"","jetpack_seo_html_title":"","jetpack_seo_noindex":false,"_jetpack_memberships_contains_paid_content":false,"footnotes":""},"categories":[15],"tags":[],"class_list":["post-49725","post","type-post","status-publish","format-standard","has-post-thumbnail","hentry","category-comunidad"],"jetpack_featured_media_url":"https:\/\/i0.wp.com\/eltrabajo.cl\/portal\/wp-content\/uploads\/2014\/08\/Escolares1.jpg?fit=529%2C304&ssl=1","jetpack_sharing_enabled":true,"jetpack_likes_enabled":true,"jetpack-related-posts":[],"_links":{"self":[{"href":"https:\/\/eltrabajo.cl\/portal\/wp-json\/wp\/v2\/posts\/49725","targetHints":{"allow":["GET"]}}],"collection":[{"href":"https:\/\/eltrabajo.cl\/portal\/wp-json\/wp\/v2\/posts"}],"about":[{"href":"https:\/\/eltrabajo.cl\/portal\/wp-json\/wp\/v2\/types\/post"}],"author":[{"embeddable":true,"href":"https:\/\/eltrabajo.cl\/portal\/wp-json\/wp\/v2\/users\/482"}],"replies":[{"embeddable":true,"href":"https:\/\/eltrabajo.cl\/portal\/wp-json\/wp\/v2\/comments?post=49725"}],"version-history":[{"count":0,"href":"https:\/\/eltrabajo.cl\/portal\/wp-json\/wp\/v2\/posts\/49725\/revisions"}],"wp:featuredmedia":[{"embeddable":true,"href":"https:\/\/eltrabajo.cl\/portal\/wp-json\/wp\/v2\/media\/49726"}],"wp:attachment":[{"href":"https:\/\/eltrabajo.cl\/portal\/wp-json\/wp\/v2\/media?parent=49725"}],"wp:term":[{"taxonomy":"category","embeddable":true,"href":"https:\/\/eltrabajo.cl\/portal\/wp-json\/wp\/v2\/categories?post=49725"},{"taxonomy":"post_tag","embeddable":true,"href":"https:\/\/eltrabajo.cl\/portal\/wp-json\/wp\/v2\/tags?post=49725"}],"curies":[{"name":"wp","href":"https:\/\/api.w.org\/{rel}","templated":true}]}}