{"id":49728,"date":"2014-08-06T09:09:10","date_gmt":"2014-08-06T13:09:10","guid":{"rendered":"http:\/\/www.eltrabajo.cl\/portal\/?p=49728"},"modified":"2014-08-06T09:09:10","modified_gmt":"2014-08-06T13:09:10","slug":"fiesta-de-la-virgen-de-las-nieves-congrego-a-una-gran-cantidad-de-fieles","status":"publish","type":"post","link":"https:\/\/eltrabajo.cl\/portal\/fiesta-de-la-virgen-de-las-nieves-congrego-a-una-gran-cantidad-de-fieles\/","title":{"rendered":"Fiesta de la Virgen de las Nieves congreg\u00f3 a una gran cantidad de fieles"},"content":{"rendered":"<figure id=\"attachment_49729\" aria-describedby=\"caption-attachment-49729\" style=\"width: 529px\" class=\"wp-caption alignnone\"><a href=\"https:\/\/i0.wp.com\/www.eltrabajo.cl\/portal\/wp-content\/uploads\/2014\/08\/Virgen1.jpg\"><img data-recalc-dims=\"1\" loading=\"lazy\" decoding=\"async\" class=\"size-full wp-image-49729\" alt=\"Tras la Misa, la imagen de la Virgen de las Nieves, recorri\u00f3 diversos sectores de Pocuro, donde estuvo acompa\u00f1ada de bailes y cantos religiosos.\" src=\"https:\/\/i0.wp.com\/www.eltrabajo.cl\/portal\/wp-content\/uploads\/2014\/08\/Virgen1.jpg?resize=529%2C340\" width=\"529\" height=\"340\" srcset=\"https:\/\/i0.wp.com\/eltrabajo.cl\/portal\/wp-content\/uploads\/2014\/08\/Virgen1.jpg?w=529&amp;ssl=1 529w, https:\/\/i0.wp.com\/eltrabajo.cl\/portal\/wp-content\/uploads\/2014\/08\/Virgen1.jpg?resize=200%2C128&amp;ssl=1 200w, https:\/\/i0.wp.com\/eltrabajo.cl\/portal\/wp-content\/uploads\/2014\/08\/Virgen1.jpg?resize=300%2C192&amp;ssl=1 300w, https:\/\/i0.wp.com\/eltrabajo.cl\/portal\/wp-content\/uploads\/2014\/08\/Virgen1.jpg?resize=150%2C96&amp;ssl=1 150w, https:\/\/i0.wp.com\/eltrabajo.cl\/portal\/wp-content\/uploads\/2014\/08\/Virgen1.jpg?resize=400%2C257&amp;ssl=1 400w\" sizes=\"auto, (max-width: 529px) 100vw, 529px\" \/><\/a><figcaption id=\"caption-attachment-49729\" class=\"wp-caption-text\">Tras la Misa, la imagen de la Virgen de las Nieves, recorri\u00f3 diversos sectores de Pocuro, donde estuvo acompa\u00f1ada de bailes y cantos religiosos.<\/figcaption><\/figure>\n<p><strong>CALLE LARGA<\/strong>.- Gran cantidad de fieles, tanto de Calle Larga como tambi\u00e9n de diversos sectores del Valle de Aconcagua, participaron el domingo en la tradicional Fiesta de la Virgen de las nieves de Pocuro. Esta actividad, que fue organizada por la comunidad de la Capilla Virgen de las nieves de Pocuro y que cont\u00f3 con el apoyo de la Municipalidad de Calle Larga, se inici\u00f3 con una Misa que fue presidida por el Obispo Cristi\u00e1n Contreras, quien fue acompa\u00f1ado por los sacerdotes Roberto Gilboy Gerardo Papen.<\/p>\n<p>Tras la Misa, la imagen de la Virgen de las Nieves, recorri\u00f3 diversos sectores de Pocuro, donde estuvo acompa\u00f1ada de bailes y cantos religiosos encabezados por la agrupaci\u00f3n Ensamble Andino. Para Ximena Ortiz, Coordinadora de la Capilla Nuestra Se\u00f1ora de las Nieves de Pocuro, destac\u00f3 la gran cantidad de personas que participaron en esta celebraci\u00f3n religiosa.<\/p>\n<p>\u201cPara nosotros es una alegr\u00eda ver que la gente de la comuna y de otros sectores nos est\u00e1n acompa\u00f1ando con harta devoci\u00f3n y fe en el recorrido que hace nuestra virgen por Pocuro. Queremos rogar para que haya lluvias y para que bendiga a cada familia que hoy nos acompa\u00f1a. Estamos muy contentos y agradecidos de todos quienes nos han acompa\u00f1ado y apoyado en esta festividad\u201d, sostuvo Ortiz.<\/p>\n<p>Durante el recorrido, los fieles subieron junto a la imagen hasta la cruz de Cerro Patagual. En este lugar pidieron por el incremento de las lluvias en el Valle de Aconcagua y rogaron por cada una de sus intenciones personales. Olga Mura Le\u00f3n, es una de las vecinas que por a\u00f1os ha estado presente en esta tradicional actividad y quien destac\u00f3 la posibilidad de mantener estas tradiciones religiosas en la comuna.<\/p>\n<p>\u201cEsta actividad me ha parecido muy bonita. Tengo setenta a\u00f1os y desde que nac\u00ed esta fiesta ya se realizaba. La verdad estoy muy contenta con la gran cantidad de gente que vino ya que hace a\u00f1os atr\u00e1s esta actividad hab\u00eda quedado de lado, pero con el \u00faltimo tiempo volvi\u00f3 a tener la importancia que a\u00f1os atr\u00e1s tuvo\u201d, manifest\u00f3 Mura.<\/p>\n<p>Tambi\u00e9n Sandra Molina, vecina de Calle Larga, destac\u00f3 la realizaci\u00f3n de esta fiesta religiosa. \u201cCada d\u00eda esta fiesta est\u00e1 mejor. Vino mucha m\u00e1s gente que a\u00f1os anteriores, yo vengo para darle gracias a la virgen por mi nieto. Ojala que tambi\u00e9n haga llover porque necesitamos harto el agua para todas las actividades agr\u00edcolas. Ojal\u00e1 que los pr\u00f3ximos a\u00f1os siga viniendo m\u00e1s gente porque esta es una actividad tradicional\u201d, sostuvo Sandra Molina.<\/p>\n<p>Junto con disfrutar de la presentaci\u00f3n de bailes chinos, religioso y folcl\u00f3ricos, quienes asistieron a esta tradicional actividad pudieron visitar las dependencias del Centro Cultural Presidente Pedro Aguirre Cerda, lugar en el que se mont\u00f3 una exposici\u00f3n fotogr\u00e1fica que presenta un registro de la celebraci\u00f3n de la Fiesta de la Virgen de las nieves de Pocuro.<\/p>\n<div class=\"tiled-gallery type-rectangular tiled-gallery-unresized\" data-original-width=\"640\" data-carousel-extra='null' itemscope itemtype=\"http:\/\/schema.org\/ImageGallery\" > <div class=\"gallery-row\" style=\"width: 640px; height: 202px;\" data-original-width=\"640\" data-original-height=\"202\" > <div class=\"gallery-group images-1\" style=\"width: 272px; height: 202px;\" data-original-width=\"272\" data-original-height=\"202\" > <div class=\"tiled-gallery-item tiled-gallery-item-large\" itemprop=\"associatedMedia\" itemscope itemtype=\"http:\/\/schema.org\/ImageObject\"> <a href=\"https:\/\/eltrabajo.cl\/portal\/fiesta-de-la-virgen-de-las-nieves-congrego-a-una-gran-cantidad-de-fieles\/virgen2-3\/\" border=\"0\" itemprop=\"url\"> <meta itemprop=\"width\" content=\"268\"> <meta itemprop=\"height\" content=\"198\"> <img decoding=\"async\" class=\"\" data-attachment-id=\"49730\" data-orig-file=\"https:\/\/eltrabajo.cl\/portal\/wp-content\/uploads\/2014\/08\/Virgen2.jpg\" data-orig-size=\"529,391\" data-comments-opened=\"1\" data-image-meta=\"{&quot;aperture&quot;:&quot;0&quot;,&quot;credit&quot;:&quot;&quot;,&quot;camera&quot;:&quot;&quot;,&quot;caption&quot;:&quot;&quot;,&quot;created_timestamp&quot;:&quot;0&quot;,&quot;copyright&quot;:&quot;&quot;,&quot;focal_length&quot;:&quot;0&quot;,&quot;iso&quot;:&quot;0&quot;,&quot;shutter_speed&quot;:&quot;0&quot;,&quot;title&quot;:&quot;&quot;}\" data-image-title=\"Virgen2\" data-image-description=\"&lt;p&gt;Gran cantidad de fieles, tanto de Calle Larga como tambi\u00e9n de diversos sectores del Valle de Aconcagua, participaron el domingo en la tradicional Fiesta de la Virgen de las nieves de Pocuro.&lt;\/p&gt; \" data-medium-file=\"https:\/\/i0.wp.com\/eltrabajo.cl\/portal\/wp-content\/uploads\/2014\/08\/Virgen2.jpg?fit=300%2C221&#038;ssl=1\" data-large-file=\"https:\/\/i0.wp.com\/eltrabajo.cl\/portal\/wp-content\/uploads\/2014\/08\/Virgen2.jpg?fit=529%2C391&#038;ssl=1\" src=\"https:\/\/i0.wp.com\/eltrabajo.cl\/portal\/wp-content\/uploads\/2014\/08\/Virgen2.jpg?w=268&#038;h=198&#038;ssl=1\" srcset=\"https:\/\/i0.wp.com\/eltrabajo.cl\/portal\/wp-content\/uploads\/2014\/08\/Virgen2.jpg?w=529&amp;ssl=1 529w, https:\/\/i0.wp.com\/eltrabajo.cl\/portal\/wp-content\/uploads\/2014\/08\/Virgen2.jpg?resize=200%2C147&amp;ssl=1 200w, https:\/\/i0.wp.com\/eltrabajo.cl\/portal\/wp-content\/uploads\/2014\/08\/Virgen2.jpg?resize=300%2C221&amp;ssl=1 300w, https:\/\/i0.wp.com\/eltrabajo.cl\/portal\/wp-content\/uploads\/2014\/08\/Virgen2.jpg?resize=150%2C110&amp;ssl=1 150w, https:\/\/i0.wp.com\/eltrabajo.cl\/portal\/wp-content\/uploads\/2014\/08\/Virgen2.jpg?resize=400%2C295&amp;ssl=1 400w\" width=\"268\" height=\"198\" loading=\"lazy\" data-original-width=\"268\" data-original-height=\"198\" itemprop=\"http:\/\/schema.org\/image\" title=\"Virgen2\" alt=\"Gran cantidad de fieles, tanto de Calle Larga como tambi\u00e9n de diversos sectores del Valle de Aconcagua, participaron el domingo en la tradicional Fiesta de la Virgen de las nieves de Pocuro.\" style=\"width: 268px; height: 198px;\" \/> <\/a> <div class=\"tiled-gallery-caption\" itemprop=\"caption description\"> Gran cantidad de fieles, tanto de Calle Larga como tambi\u00e9n de diversos sectores del Valle de Aconcagua, participaron el domingo en la tradicional Fiesta de la Virgen de las nieves de Pocuro. <\/div> <\/div> <\/div> <!-- close group --> <div class=\"gallery-group images-1\" style=\"width: 368px; height: 202px;\" data-original-width=\"368\" data-original-height=\"202\" > <div class=\"tiled-gallery-item tiled-gallery-item-large\" itemprop=\"associatedMedia\" itemscope itemtype=\"http:\/\/schema.org\/ImageObject\"> <a href=\"https:\/\/eltrabajo.cl\/portal\/fiesta-de-la-virgen-de-las-nieves-congrego-a-una-gran-cantidad-de-fieles\/virgen3\/\" border=\"0\" itemprop=\"url\"> <meta itemprop=\"width\" content=\"364\"> <meta itemprop=\"height\" content=\"198\"> <img decoding=\"async\" class=\"\" data-attachment-id=\"49731\" data-orig-file=\"https:\/\/eltrabajo.cl\/portal\/wp-content\/uploads\/2014\/08\/Virgen3.jpg\" data-orig-size=\"528,287\" data-comments-opened=\"1\" data-image-meta=\"{&quot;aperture&quot;:&quot;0&quot;,&quot;credit&quot;:&quot;&quot;,&quot;camera&quot;:&quot;&quot;,&quot;caption&quot;:&quot;&quot;,&quot;created_timestamp&quot;:&quot;0&quot;,&quot;copyright&quot;:&quot;&quot;,&quot;focal_length&quot;:&quot;0&quot;,&quot;iso&quot;:&quot;0&quot;,&quot;shutter_speed&quot;:&quot;0&quot;,&quot;title&quot;:&quot;&quot;}\" data-image-title=\"Virgen3\" data-image-description=\"&lt;p&gt;Durante el recorrido, los fieles subieron junto a la imagen hasta la cruz de Cerro Patagual.&lt;\/p&gt; \" data-medium-file=\"https:\/\/i0.wp.com\/eltrabajo.cl\/portal\/wp-content\/uploads\/2014\/08\/Virgen3.jpg?fit=300%2C163&#038;ssl=1\" data-large-file=\"https:\/\/i0.wp.com\/eltrabajo.cl\/portal\/wp-content\/uploads\/2014\/08\/Virgen3.jpg?fit=528%2C287&#038;ssl=1\" src=\"https:\/\/i0.wp.com\/eltrabajo.cl\/portal\/wp-content\/uploads\/2014\/08\/Virgen3.jpg?w=364&#038;h=198&#038;ssl=1\" srcset=\"https:\/\/i0.wp.com\/eltrabajo.cl\/portal\/wp-content\/uploads\/2014\/08\/Virgen3.jpg?w=528&amp;ssl=1 528w, https:\/\/i0.wp.com\/eltrabajo.cl\/portal\/wp-content\/uploads\/2014\/08\/Virgen3.jpg?resize=200%2C108&amp;ssl=1 200w, https:\/\/i0.wp.com\/eltrabajo.cl\/portal\/wp-content\/uploads\/2014\/08\/Virgen3.jpg?resize=300%2C163&amp;ssl=1 300w, https:\/\/i0.wp.com\/eltrabajo.cl\/portal\/wp-content\/uploads\/2014\/08\/Virgen3.jpg?resize=150%2C81&amp;ssl=1 150w, https:\/\/i0.wp.com\/eltrabajo.cl\/portal\/wp-content\/uploads\/2014\/08\/Virgen3.jpg?resize=400%2C217&amp;ssl=1 400w\" width=\"364\" height=\"198\" loading=\"lazy\" data-original-width=\"364\" data-original-height=\"198\" itemprop=\"http:\/\/schema.org\/image\" title=\"Virgen3\" alt=\"Durante el recorrido, los fieles subieron junto a la imagen hasta la cruz de Cerro Patagual.\" style=\"width: 364px; height: 198px;\" \/> <\/a> <div class=\"tiled-gallery-caption\" itemprop=\"caption description\"> Durante el recorrido, los fieles subieron junto a la imagen hasta la cruz de Cerro Patagual. <\/div> <\/div> <\/div> <!-- close group --> <\/div> <!-- close row --> <\/div>\n","protected":false},"excerpt":{"rendered":"<p>CALLE LARGA.- Gran cantidad de fieles, tanto de Calle Larga como tambi\u00e9n de diversos sectores del Valle de Aconcagua, participaron el domingo en la tradicional Fiesta de la Virgen de las nieves&#8230;<\/p>\n","protected":false},"author":482,"featured_media":49729,"comment_status":"open","ping_status":"closed","sticky":false,"template":"","format":"standard","meta":{"advanced_seo_description":"","jetpack_seo_html_title":"","jetpack_seo_noindex":false,"_jetpack_memberships_contains_paid_content":false,"footnotes":""},"categories":[15],"tags":[],"class_list":["post-49728","post","type-post","status-publish","format-standard","has-post-thumbnail","hentry","category-comunidad"],"jetpack_featured_media_url":"https:\/\/i0.wp.com\/eltrabajo.cl\/portal\/wp-content\/uploads\/2014\/08\/Virgen1.jpg?fit=529%2C340&ssl=1","jetpack_sharing_enabled":true,"jetpack_likes_enabled":true,"jetpack-related-posts":[],"_links":{"self":[{"href":"https:\/\/eltrabajo.cl\/portal\/wp-json\/wp\/v2\/posts\/49728","targetHints":{"allow":["GET"]}}],"collection":[{"href":"https:\/\/eltrabajo.cl\/portal\/wp-json\/wp\/v2\/posts"}],"about":[{"href":"https:\/\/eltrabajo.cl\/portal\/wp-json\/wp\/v2\/types\/post"}],"author":[{"embeddable":true,"href":"https:\/\/eltrabajo.cl\/portal\/wp-json\/wp\/v2\/users\/482"}],"replies":[{"embeddable":true,"href":"https:\/\/eltrabajo.cl\/portal\/wp-json\/wp\/v2\/comments?post=49728"}],"version-history":[{"count":0,"href":"https:\/\/eltrabajo.cl\/portal\/wp-json\/wp\/v2\/posts\/49728\/revisions"}],"wp:featuredmedia":[{"embeddable":true,"href":"https:\/\/eltrabajo.cl\/portal\/wp-json\/wp\/v2\/media\/49729"}],"wp:attachment":[{"href":"https:\/\/eltrabajo.cl\/portal\/wp-json\/wp\/v2\/media?parent=49728"}],"wp:term":[{"taxonomy":"category","embeddable":true,"href":"https:\/\/eltrabajo.cl\/portal\/wp-json\/wp\/v2\/categories?post=49728"},{"taxonomy":"post_tag","embeddable":true,"href":"https:\/\/eltrabajo.cl\/portal\/wp-json\/wp\/v2\/tags?post=49728"}],"curies":[{"name":"wp","href":"https:\/\/api.w.org\/{rel}","templated":true}]}}