{"id":49746,"date":"2014-08-06T09:13:34","date_gmt":"2014-08-06T13:13:34","guid":{"rendered":"http:\/\/www.eltrabajo.cl\/portal\/?p=49746"},"modified":"2014-08-06T09:13:34","modified_gmt":"2014-08-06T13:13:34","slug":"inauguran-esculturas-restauradas-de-las-cuatro-estaciones","status":"publish","type":"post","link":"https:\/\/eltrabajo.cl\/portal\/inauguran-esculturas-restauradas-de-las-cuatro-estaciones\/","title":{"rendered":"Inauguran esculturas restauradas de las cuatro estaciones"},"content":{"rendered":"<figure id=\"attachment_49747\" aria-describedby=\"caption-attachment-49747\" style=\"width: 529px\" class=\"wp-caption alignnone\"><a href=\"https:\/\/i0.wp.com\/www.eltrabajo.cl\/portal\/wp-content\/uploads\/2014\/08\/FOTO1.jpg\"><img data-recalc-dims=\"1\" loading=\"lazy\" decoding=\"async\" class=\"size-full wp-image-49747\" alt=\"El equipo de trabajo junto al Alcalde Patricio Freire y los concejales Jeanette Sotomayor, Basilio Muena, Dante Rodr\u00edguez y Juan Millanao, adem\u00e1s del Secpla Claudio Paredes, el Administrador Municipal Patricio Gonz\u00e1lez, el Dideco Pablo Silva y el encargado de Cultura Ricardo Ruiz.  \" src=\"https:\/\/i0.wp.com\/www.eltrabajo.cl\/portal\/wp-content\/uploads\/2014\/08\/FOTO1.jpg?resize=529%2C317\" width=\"529\" height=\"317\" srcset=\"https:\/\/i0.wp.com\/eltrabajo.cl\/portal\/wp-content\/uploads\/2014\/08\/FOTO1.jpg?w=529&amp;ssl=1 529w, https:\/\/i0.wp.com\/eltrabajo.cl\/portal\/wp-content\/uploads\/2014\/08\/FOTO1.jpg?resize=200%2C119&amp;ssl=1 200w, https:\/\/i0.wp.com\/eltrabajo.cl\/portal\/wp-content\/uploads\/2014\/08\/FOTO1.jpg?resize=300%2C179&amp;ssl=1 300w, https:\/\/i0.wp.com\/eltrabajo.cl\/portal\/wp-content\/uploads\/2014\/08\/FOTO1.jpg?resize=150%2C89&amp;ssl=1 150w, https:\/\/i0.wp.com\/eltrabajo.cl\/portal\/wp-content\/uploads\/2014\/08\/FOTO1.jpg?resize=400%2C239&amp;ssl=1 400w\" sizes=\"auto, (max-width: 529px) 100vw, 529px\" \/><\/a><figcaption id=\"caption-attachment-49747\" class=\"wp-caption-text\">El equipo de trabajo junto al Alcalde Patricio Freire y los concejales Jeanette Sotomayor, Basilio Muena, Dante Rodr\u00edguez y Juan Millanao, adem\u00e1s del Secpla Claudio Paredes, el Administrador Municipal Patricio Gonz\u00e1lez, el Dideco Pablo Silva y el encargado de Cultura Ricardo Ruiz.<\/figcaption><\/figure>\n<p>Este martes, en el marco de las actividades de aniversario de San Felipe, el Alcalde Patricio Freire inaugur\u00f3 la primera etapa del proyecto de Conservaci\u00f3n de cuatro esculturas de la plaza de la comuna. La actividad, que cont\u00f3 con la presencia de los concejales Jeanette Sotomayor, Basilio Muena, Dante Rodr\u00edguez y Juan Millanao, contempl\u00f3 la inauguraci\u00f3n del proyecto que naci\u00f3 desde la Municipalidad de San Felipe, con el objetivo de recuperar la plaza de armas, como espacio patrimonial para la comunidad y que fue cofinanciado, en esta primera etapa, por el Fondo Nacional de Desarrollo Cultural y las Artes del Consejo de la Cultura y las Artes y ejecutada por Artfacto.<\/p>\n<figure id=\"attachment_49748\" aria-describedby=\"caption-attachment-49748\" style=\"width: 370px\" class=\"wp-caption alignright\"><a href=\"https:\/\/i0.wp.com\/www.eltrabajo.cl\/portal\/wp-content\/uploads\/2014\/08\/FOTO-2.jpg\"><img data-recalc-dims=\"1\" loading=\"lazy\" decoding=\"async\" class=\" wp-image-49748 \" alt=\"El Alcalde Freire luego de descubrir la escultura, misma que se mantuvo cuatro meses en restauraci\u00f3n.  \" src=\"https:\/\/i0.wp.com\/www.eltrabajo.cl\/portal\/wp-content\/uploads\/2014\/08\/FOTO-2.jpg?resize=370%2C272\" width=\"370\" height=\"272\" srcset=\"https:\/\/i0.wp.com\/eltrabajo.cl\/portal\/wp-content\/uploads\/2014\/08\/FOTO-2.jpg?w=528&amp;ssl=1 528w, https:\/\/i0.wp.com\/eltrabajo.cl\/portal\/wp-content\/uploads\/2014\/08\/FOTO-2.jpg?resize=200%2C147&amp;ssl=1 200w, https:\/\/i0.wp.com\/eltrabajo.cl\/portal\/wp-content\/uploads\/2014\/08\/FOTO-2.jpg?resize=300%2C221&amp;ssl=1 300w, https:\/\/i0.wp.com\/eltrabajo.cl\/portal\/wp-content\/uploads\/2014\/08\/FOTO-2.jpg?resize=150%2C110&amp;ssl=1 150w, https:\/\/i0.wp.com\/eltrabajo.cl\/portal\/wp-content\/uploads\/2014\/08\/FOTO-2.jpg?resize=400%2C294&amp;ssl=1 400w\" sizes=\"auto, (max-width: 370px) 100vw, 370px\" \/><\/a><figcaption id=\"caption-attachment-49748\" class=\"wp-caption-text\">El Alcalde Freire luego de descubrir la escultura, misma que se mantuvo cuatro meses en restauraci\u00f3n.<\/figcaption><\/figure>\n<p>\u201cPostulamos a un Fondart porque era muy importante rescatar nuestro patrimonio, como son las esculturas de la plaza de armas en una primera etapa de restauraci\u00f3n de este sector y por ello estamos muy contentos y felices de entregar hoy a la comunidad estas obras, que son de parte de nuestra historia\u201d, dijo el Alcalde Freire.<\/p>\n<p>El proyecto incluy\u00f3 la recuperaci\u00f3n de cuatro esculturas de figura humana femenina, llamadas las cuatro estaciones, m\u00e1s dos jarrones en metal que se encuentran en el centro de la plaza. Durante estos \u00faltimos cuatro meses, los profesionales de la empresa a cargo de la restauraci\u00f3n, Artfacto realizaron una limpieza mec\u00e1nica, h\u00fameda y qu\u00edmica, procesos que contemplaron la limpieza en seco, el lavado de las estatuas y la remoci\u00f3n de pintura y residuos de suciedad que ten\u00edan adheridas.<\/p>\n<p>\u201cEstas esculturas son cuatro mujeres sanfelipe\u00f1as, que est\u00e1n en cuatro esquinas y quedaron muy bien intervenidas, por todas las restauradoras. Aqu\u00ed se realiz\u00f3 una limpieza, tanto mec\u00e1nica como qu\u00edmica y h\u00fameda, m\u00e1s que nada eliminando grafitis y otros elementos adheridos, que son elementos biol\u00f3gicos y recuperando algunas partes faltantes como esquinas y cantos que ten\u00edan las bases\u201d, se\u00f1al\u00f3 Gloria Rom\u00e1n, directora de la empresa Artfacto.<\/p>\n<p>Rom\u00e1n explic\u00f3 que la esculturas en general se encontraban en buenas condiciones, aunque muy erosionadas por encontrarse a la intemperie. Junto con culminar los trabajos, las profesionales de la empresa hicieron entrega de un manual de mantenci\u00f3n al Alcalde Freire, que cuenta con un programa a implementar durante el a\u00f1o para tener un monitoreo sobre las esculturas.<\/p>\n<p>Asimismo desde este martes se est\u00e1n instalando 50 esca\u00f1os en distintos sectores de la plaza de armas y se comenzar\u00e1n a reparar las baldosas que se encuentran en mal estado, a lo que se suma el mejoramiento de la terraza, trabajos que se contempla entregar a la comunidad el pr\u00f3ximo 29 de agosto.<\/p>\n<p>Ante todos estos trabajos de recuperaci\u00f3n de la plaza, el jefe comunal realiz\u00f3 un llamado a los vecinos para que ayuden a cuidar tanto las esculturas como los esca\u00f1os y la terraza, una vez entregada, lo que nos permite contar con una comuna m\u00e1s hermosa.<\/p>\n","protected":false},"excerpt":{"rendered":"<p>Este martes, en el marco de las actividades de aniversario de San Felipe, el Alcalde Patricio Freire inaugur\u00f3 la primera etapa del proyecto de Conservaci\u00f3n de cuatro esculturas de la plaza de&#8230;<\/p>\n","protected":false},"author":482,"featured_media":49747,"comment_status":"open","ping_status":"closed","sticky":false,"template":"","format":"standard","meta":{"advanced_seo_description":"","jetpack_seo_html_title":"","jetpack_seo_noindex":false,"_jetpack_memberships_contains_paid_content":false,"footnotes":""},"categories":[15],"tags":[],"class_list":["post-49746","post","type-post","status-publish","format-standard","has-post-thumbnail","hentry","category-comunidad"],"jetpack_featured_media_url":"https:\/\/i0.wp.com\/eltrabajo.cl\/portal\/wp-content\/uploads\/2014\/08\/FOTO1.jpg?fit=529%2C317&ssl=1","jetpack_sharing_enabled":true,"jetpack_likes_enabled":true,"jetpack-related-posts":[],"_links":{"self":[{"href":"https:\/\/eltrabajo.cl\/portal\/wp-json\/wp\/v2\/posts\/49746","targetHints":{"allow":["GET"]}}],"collection":[{"href":"https:\/\/eltrabajo.cl\/portal\/wp-json\/wp\/v2\/posts"}],"about":[{"href":"https:\/\/eltrabajo.cl\/portal\/wp-json\/wp\/v2\/types\/post"}],"author":[{"embeddable":true,"href":"https:\/\/eltrabajo.cl\/portal\/wp-json\/wp\/v2\/users\/482"}],"replies":[{"embeddable":true,"href":"https:\/\/eltrabajo.cl\/portal\/wp-json\/wp\/v2\/comments?post=49746"}],"version-history":[{"count":0,"href":"https:\/\/eltrabajo.cl\/portal\/wp-json\/wp\/v2\/posts\/49746\/revisions"}],"wp:featuredmedia":[{"embeddable":true,"href":"https:\/\/eltrabajo.cl\/portal\/wp-json\/wp\/v2\/media\/49747"}],"wp:attachment":[{"href":"https:\/\/eltrabajo.cl\/portal\/wp-json\/wp\/v2\/media?parent=49746"}],"wp:term":[{"taxonomy":"category","embeddable":true,"href":"https:\/\/eltrabajo.cl\/portal\/wp-json\/wp\/v2\/categories?post=49746"},{"taxonomy":"post_tag","embeddable":true,"href":"https:\/\/eltrabajo.cl\/portal\/wp-json\/wp\/v2\/tags?post=49746"}],"curies":[{"name":"wp","href":"https:\/\/api.w.org\/{rel}","templated":true}]}}