{"id":49763,"date":"2014-08-06T09:20:01","date_gmt":"2014-08-06T13:20:01","guid":{"rendered":"http:\/\/www.eltrabajo.cl\/portal\/?p=49763"},"modified":"2014-08-06T09:20:01","modified_gmt":"2014-08-06T13:20:01","slug":"drogadictos-prenden-fuego-a-automovil-estacionado-en-un-antejardin","status":"publish","type":"post","link":"https:\/\/eltrabajo.cl\/portal\/drogadictos-prenden-fuego-a-automovil-estacionado-en-un-antejardin\/","title":{"rendered":"Drogadictos prenden fuego a autom\u00f3vil estacionado en un antejard\u00edn"},"content":{"rendered":"<figure id=\"attachment_49764\" aria-describedby=\"caption-attachment-49764\" style=\"width: 529px\" class=\"wp-caption alignnone\"><a href=\"https:\/\/i0.wp.com\/www.eltrabajo.cl\/portal\/wp-content\/uploads\/2014\/08\/Fuego1.jpg\"><img data-recalc-dims=\"1\" loading=\"lazy\" decoding=\"async\" class=\"size-full wp-image-49764\" alt=\"PROBLEMA DE SIEMPRE.- S\u00f3lo minutos para las 7:00 horas de este martes, presumiblemente drogadictos del sector prendieron fuego a un antiguo autom\u00f3vil guardado en el patio de una casa.\" src=\"https:\/\/i0.wp.com\/www.eltrabajo.cl\/portal\/wp-content\/uploads\/2014\/08\/Fuego1.jpg?resize=529%2C358\" width=\"529\" height=\"358\" srcset=\"https:\/\/i0.wp.com\/eltrabajo.cl\/portal\/wp-content\/uploads\/2014\/08\/Fuego1.jpg?w=529&amp;ssl=1 529w, https:\/\/i0.wp.com\/eltrabajo.cl\/portal\/wp-content\/uploads\/2014\/08\/Fuego1.jpg?resize=200%2C135&amp;ssl=1 200w, https:\/\/i0.wp.com\/eltrabajo.cl\/portal\/wp-content\/uploads\/2014\/08\/Fuego1.jpg?resize=300%2C203&amp;ssl=1 300w, https:\/\/i0.wp.com\/eltrabajo.cl\/portal\/wp-content\/uploads\/2014\/08\/Fuego1.jpg?resize=150%2C101&amp;ssl=1 150w, https:\/\/i0.wp.com\/eltrabajo.cl\/portal\/wp-content\/uploads\/2014\/08\/Fuego1.jpg?resize=400%2C270&amp;ssl=1 400w\" sizes=\"auto, (max-width: 529px) 100vw, 529px\" \/><\/a><figcaption id=\"caption-attachment-49764\" class=\"wp-caption-text\">PROBLEMA DE SIEMPRE.- S\u00f3lo minutos para las 7:00 horas de este martes, presumiblemente drogadictos del sector prendieron fuego a un antiguo autom\u00f3vil guardado en el patio de una casa.<\/figcaption><\/figure>\n<p><strong>LOS ANDES.<\/strong>&#8211; Momentos angustiantes vivieron los residentes de Pasaje Paicav\u00ed en Poblaci\u00f3n Alonso de Ercilla, luego que desconocidos le prendieran fuego a un autom\u00f3vil estacionado en el antejard\u00edn de una casa que se encuentra abandonada y que es usada como guarida de drogadictos. Faltando s\u00f3lo minutos para las 7:00 horas de este martes, presumiblemente drogadictos del sector prendieron fuego a un antiguo autom\u00f3vil guardado en el patio de la casa signada con el n\u00famero 1621 de ese pasaje.<\/p>\n<figure id=\"attachment_49765\" aria-describedby=\"caption-attachment-49765\" style=\"width: 370px\" class=\"wp-caption alignright\"><a href=\"https:\/\/i0.wp.com\/www.eltrabajo.cl\/portal\/wp-content\/uploads\/2014\/08\/Fuego2.jpg\"><img data-recalc-dims=\"1\" loading=\"lazy\" decoding=\"async\" class=\" wp-image-49765 \" alt=\"En marzo de este a\u00f1o, los drogadictos prendieron fuego a la casa donde estaba guardado el auto. (Archivo)\" src=\"https:\/\/i0.wp.com\/www.eltrabajo.cl\/portal\/wp-content\/uploads\/2014\/08\/Fuego2.jpg?resize=370%2C251\" width=\"370\" height=\"251\" srcset=\"https:\/\/i0.wp.com\/eltrabajo.cl\/portal\/wp-content\/uploads\/2014\/08\/Fuego2.jpg?w=529&amp;ssl=1 529w, https:\/\/i0.wp.com\/eltrabajo.cl\/portal\/wp-content\/uploads\/2014\/08\/Fuego2.jpg?resize=200%2C135&amp;ssl=1 200w, https:\/\/i0.wp.com\/eltrabajo.cl\/portal\/wp-content\/uploads\/2014\/08\/Fuego2.jpg?resize=300%2C203&amp;ssl=1 300w, https:\/\/i0.wp.com\/eltrabajo.cl\/portal\/wp-content\/uploads\/2014\/08\/Fuego2.jpg?resize=150%2C101&amp;ssl=1 150w, https:\/\/i0.wp.com\/eltrabajo.cl\/portal\/wp-content\/uploads\/2014\/08\/Fuego2.jpg?resize=400%2C270&amp;ssl=1 400w\" sizes=\"auto, (max-width: 370px) 100vw, 370px\" \/><\/a><figcaption id=\"caption-attachment-49765\" class=\"wp-caption-text\">En marzo de este a\u00f1o, los drogadictos prendieron fuego a la casa donde estaba guardado el auto. (Archivo)<\/figcaption><\/figure>\n<p>De inmediato comenzaron a brotar las llamas y un denso humo negro despert\u00f3 a los vecinos de las casas colindantes, quienes llamaron a Bomberos. A los pocos minutos lleg\u00f3 al lugar una unidad de agua de la Primera Compa\u00f1\u00eda y r\u00e1pidamente lograron apagar el fuego y evitar que este pudiera alcanzar las casas colindantes.<\/p>\n<p>En conversaci\u00f3n con nuestro medio, los vecinos se manifestaron indignados y cansados por este tipo de hechos vand\u00e1licos, mismos que atribuyen a la acci\u00f3n de drogadictos que pululan por el sector comprando marihuana y pasta base a las bandas que operar en ese populoso sector poblacional. Recordaron que en marzo de este a\u00f1o los drogadictos prendieron fuego a la casa donde estaba guardado el auto, resultando \u00e9sta y otro inmueble contiguo, de propiedad de un oficial de la Primera Compa\u00f1\u00eda de Bomberos de Los Andes, completamente destruidos.<\/p>\n<p>Por esta raz\u00f3n la gran mayor\u00eda de los honrados vecinos de esa poblaci\u00f3n est\u00e1n hastiados de la presencia de bandas de traficantes, que son las que fomentan este tipo de hechos. Cabe recordar que esa poblaci\u00f3n fue seleccionada para la ejecuci\u00f3n del Programa Quiero mi barrio, donde se invertir\u00e1n cerca de $700 millones en mejorar espacios p\u00fablicos, plazoletas e iluminaci\u00f3n, entre otros.<\/p>\n<p>&nbsp;<\/p>\n","protected":false},"excerpt":{"rendered":"<p>LOS ANDES.&#8211; Momentos angustiantes vivieron los residentes de Pasaje Paicav\u00ed en Poblaci\u00f3n Alonso de Ercilla, luego que desconocidos le prendieran fuego a un autom\u00f3vil estacionado en el antejard\u00edn de una casa que&#8230;<\/p>\n","protected":false},"author":482,"featured_media":49764,"comment_status":"open","ping_status":"closed","sticky":false,"template":"","format":"standard","meta":{"advanced_seo_description":"","jetpack_seo_html_title":"","jetpack_seo_noindex":false,"_jetpack_memberships_contains_paid_content":false,"footnotes":""},"categories":[21],"tags":[],"class_list":["post-49763","post","type-post","status-publish","format-standard","has-post-thumbnail","hentry","category-policial"],"jetpack_featured_media_url":"https:\/\/i0.wp.com\/eltrabajo.cl\/portal\/wp-content\/uploads\/2014\/08\/Fuego1.jpg?fit=529%2C358&ssl=1","jetpack_sharing_enabled":true,"jetpack_likes_enabled":true,"jetpack-related-posts":[],"_links":{"self":[{"href":"https:\/\/eltrabajo.cl\/portal\/wp-json\/wp\/v2\/posts\/49763","targetHints":{"allow":["GET"]}}],"collection":[{"href":"https:\/\/eltrabajo.cl\/portal\/wp-json\/wp\/v2\/posts"}],"about":[{"href":"https:\/\/eltrabajo.cl\/portal\/wp-json\/wp\/v2\/types\/post"}],"author":[{"embeddable":true,"href":"https:\/\/eltrabajo.cl\/portal\/wp-json\/wp\/v2\/users\/482"}],"replies":[{"embeddable":true,"href":"https:\/\/eltrabajo.cl\/portal\/wp-json\/wp\/v2\/comments?post=49763"}],"version-history":[{"count":0,"href":"https:\/\/eltrabajo.cl\/portal\/wp-json\/wp\/v2\/posts\/49763\/revisions"}],"wp:featuredmedia":[{"embeddable":true,"href":"https:\/\/eltrabajo.cl\/portal\/wp-json\/wp\/v2\/media\/49764"}],"wp:attachment":[{"href":"https:\/\/eltrabajo.cl\/portal\/wp-json\/wp\/v2\/media?parent=49763"}],"wp:term":[{"taxonomy":"category","embeddable":true,"href":"https:\/\/eltrabajo.cl\/portal\/wp-json\/wp\/v2\/categories?post=49763"},{"taxonomy":"post_tag","embeddable":true,"href":"https:\/\/eltrabajo.cl\/portal\/wp-json\/wp\/v2\/tags?post=49763"}],"curies":[{"name":"wp","href":"https:\/\/api.w.org\/{rel}","templated":true}]}}