{"id":49769,"date":"2014-08-06T09:34:33","date_gmt":"2014-08-06T13:34:33","guid":{"rendered":"http:\/\/www.eltrabajo.cl\/portal\/?p=49769"},"modified":"2014-08-06T09:34:33","modified_gmt":"2014-08-06T13:34:33","slug":"muere-comandante-de-bomberos-de-catemu-tras-chocar-contra-poste","status":"publish","type":"post","link":"https:\/\/eltrabajo.cl\/portal\/muere-comandante-de-bomberos-de-catemu-tras-chocar-contra-poste\/","title":{"rendered":"Muere Comandante de Bomberos de Catemu tras chocar contra poste"},"content":{"rendered":"<figure id=\"attachment_49770\" aria-describedby=\"caption-attachment-49770\" style=\"width: 318px\" class=\"wp-caption alignleft\"><a href=\"https:\/\/i0.wp.com\/www.eltrabajo.cl\/portal\/wp-content\/uploads\/2014\/08\/Abelardo-Suarez.jpg\"><img data-recalc-dims=\"1\" loading=\"lazy\" decoding=\"async\" class=\" wp-image-49770 \" alt=\"Jos\u00e9 Abelardo Su\u00e1rez Su\u00e1rez, de 55 a\u00f1os, Comandante De Bomberos en Catemu.\" src=\"https:\/\/i0.wp.com\/www.eltrabajo.cl\/portal\/wp-content\/uploads\/2014\/08\/Abelardo-Suarez.jpg?resize=318%2C318\" width=\"318\" height=\"318\" srcset=\"https:\/\/i0.wp.com\/eltrabajo.cl\/portal\/wp-content\/uploads\/2014\/08\/Abelardo-Suarez.jpg?w=530&amp;ssl=1 530w, https:\/\/i0.wp.com\/eltrabajo.cl\/portal\/wp-content\/uploads\/2014\/08\/Abelardo-Suarez.jpg?resize=150%2C150&amp;ssl=1 150w, https:\/\/i0.wp.com\/eltrabajo.cl\/portal\/wp-content\/uploads\/2014\/08\/Abelardo-Suarez.jpg?resize=300%2C300&amp;ssl=1 300w, https:\/\/i0.wp.com\/eltrabajo.cl\/portal\/wp-content\/uploads\/2014\/08\/Abelardo-Suarez.jpg?resize=400%2C400&amp;ssl=1 400w\" sizes=\"auto, (max-width: 318px) 100vw, 318px\" \/><\/a><figcaption id=\"caption-attachment-49770\" class=\"wp-caption-text\">Jos\u00e9 Abelardo Su\u00e1rez Su\u00e1rez, de 55 a\u00f1os, Comandante De Bomberos en Catemu.<\/figcaption><\/figure>\n<p>Pasadas las 19:00 horas de ayer martes falleci\u00f3 producto de un accidente de tr\u00e1nsito, el Segundo Comandante de Bomberos de Catemu, Jos\u00e9 Abelardo Su\u00e1rez Su\u00e1rez, de 55 a\u00f1os de edad, quien impact\u00f3 la camioneta de la instituci\u00f3n contra un poste del tendido el\u00e9ctrico.<\/p>\n<p>El fatal accidente se produjo alrededor de las 18:15 horas en Calle Cherc\u00e1n Tapia, cercana a Rotonda Monasterio en San Felipe, hasta donde debi\u00f3 concurrir la Unidad de Rescate de Bomberos de San Felipe para asistir a su compa\u00f1ero voluntario, quien se encontraba atrapado dentro de la camioneta inconsciente, desconoci\u00e9ndose hasta el momento las causales del hecho.<\/p>\n<p><strong>\u00a0LA EXTRACCI\u00d3N<\/strong><\/p>\n<p>\u201c\u00c9l choc\u00f3 contra un poste y una cerca. Por lo que se puede apreciar el veh\u00edculo ven\u00eda de norte a sur, cuando nosotros llegamos el comandante se encontraba atrapado, logramos abrir todos los fierros para poder sacarlo. Asimismo el personal del Samu realizaba mecanismos de estabilizaci\u00f3n, hicimos un trabajo muy r\u00e1pido con todo el personal, iba inconsciente de car\u00e1cter grave\u201d, inform\u00f3 a Diario El Trabajo el Tercer Comandante de Bomberos de San Felipe, Walter Staforelli.<\/p>\n<p>El paciente fue trasladado de urgencia hasta el Hospital San Camilo de San Felipe, donde a los pocos minutos se produjo su fatal deceso producto de las graves lesiones sufridas tras el violento impacto, mismas ratificadas por la Superintendencia de Bomberos, que comunic\u00f3 la p\u00e9rdida de uno de sus miembros de la instituci\u00f3n.<\/p>\n<p><strong>\u2018EL COMANDO\u2019<\/strong><\/p>\n<p>Seg\u00fan se pudo conocer, el Comandante Jos\u00e9 Su\u00e1rez estuvo en reuniones durante el d\u00eda en la Gobernaci\u00f3n de San Felipe, para luego visitar a sus compa\u00f1eros de la Primera Compa\u00f1\u00eda de Bomberos, quienes hoy lamentan la triste partida de su camarada, a quien llamaban cari\u00f1osamente como \u2018El Comando\u2019, tras su destacado paso como \u2018Caballero del Fuego\u2019 por m\u00e1s de 20 a\u00f1os.<\/p>\n<p>\u201cDespu\u00e9s de estar en la gobernaci\u00f3n, estuvo compartiendo con los voluntarios de bomberos de la Primera Compa\u00f1\u00eda de San Felipe incluso compartiendo un caf\u00e9. Somos una humilde familia, lamentamos su partida y al ser comandante ten\u00edamos mucho contacto con \u00e9l en distintas reuniones\u201d, reflexion\u00f3 Staforelli.<\/p>\n<p>Las primeras condolencias fueron registradas en la cuenta personal de Facebook de Jos\u00e9 Su\u00e1rez Su\u00e1rez, por quienes lo conocieron por su trayectoria bomberil en la comuna de Catemu, plasmando las muestras de dolor ante la irreparable p\u00e9rdida.<\/p>\n<p>\u00abMe quedo con sus palabras amigo m\u00edo, lucha por nuestra vocaci\u00f3n y demuestra con dignidad que somos excelentes profesionales, porque siempre demostr\u00f3 ser mejor. Doy gracias a Dios de darme la dicha de haberlo conocido y de compartir m\u00e1s de una vez de nuestros sue\u00f1os, por ser una excelente persona, este no es un adi\u00f3s sino un hasta pronto amigo m\u00edo. Me duele en el alma haberme enterado as\u00ed, saber que ya no lo podremos ver. Dios te cuide all\u00e1 arriba, tu rinc\u00f3n lo tienes ganado hace mucho tiempo, pronto nos veremos amigo Pepe\u2026\u201d, escribi\u00f3 Francisco Contreras en la red social.<\/p>\n<p>Pablo Salinas Sald\u00edas<\/p>\n<p><a href=\"https:\/\/i0.wp.com\/www.eltrabajo.cl\/portal\/wp-content\/uploads\/2014\/08\/choque-bombero-2comdte-catemu.jpg\"><img data-recalc-dims=\"1\" loading=\"lazy\" decoding=\"async\" class=\"size-full wp-image-49771\" alt=\"DOLOROSA PARTIDA.- Pasadas las 19:00 horas de ayer martes, falleci\u00f3 producto de un accidente de tr\u00e1nsito el Segundo Comandante de Bomberos de Catemu, Jos\u00e9 Abelardo Su\u00e1rez Su\u00e1rez, de 55 a\u00f1os, quien impact\u00f3 la camioneta de la instituci\u00f3n contra un poste del tendido el\u00e9ctrico. (Foto Alejandro Cort\u00e9s @kmalejandro).\" src=\"https:\/\/i0.wp.com\/www.eltrabajo.cl\/portal\/wp-content\/uploads\/2014\/08\/choque-bombero-2comdte-catemu.jpg?resize=528%2C303\" width=\"528\" height=\"303\" srcset=\"https:\/\/i0.wp.com\/eltrabajo.cl\/portal\/wp-content\/uploads\/2014\/08\/choque-bombero-2comdte-catemu.jpg?w=528&amp;ssl=1 528w, https:\/\/i0.wp.com\/eltrabajo.cl\/portal\/wp-content\/uploads\/2014\/08\/choque-bombero-2comdte-catemu.jpg?resize=200%2C114&amp;ssl=1 200w, https:\/\/i0.wp.com\/eltrabajo.cl\/portal\/wp-content\/uploads\/2014\/08\/choque-bombero-2comdte-catemu.jpg?resize=300%2C172&amp;ssl=1 300w, https:\/\/i0.wp.com\/eltrabajo.cl\/portal\/wp-content\/uploads\/2014\/08\/choque-bombero-2comdte-catemu.jpg?resize=150%2C86&amp;ssl=1 150w, https:\/\/i0.wp.com\/eltrabajo.cl\/portal\/wp-content\/uploads\/2014\/08\/choque-bombero-2comdte-catemu.jpg?resize=400%2C229&amp;ssl=1 400w\" sizes=\"auto, (max-width: 528px) 100vw, 528px\" \/><\/a><\/p>\n<dl class=\"wp-caption alignnone\" id=\"attachment_49771\" style=\"width: 538px;\">\n<dd class=\"wp-caption-dd\">DOLOROSA PARTIDA.- Pasadas las 19:00 horas de ayer martes, falleci\u00f3 producto de un accidente de tr\u00e1nsito el Segundo Comandante de Bomberos de Catemu, Jos\u00e9 Abelardo Su\u00e1rez Su\u00e1rez, de 55 a\u00f1os, quien impact\u00f3 la camioneta de la instituci\u00f3n contra un poste del tendido el\u00e9ctrico. (Foto Alejandro Cort\u00e9s @kmalejandro).<\/dd>\n<\/dl>\n","protected":false},"excerpt":{"rendered":"<p>Pasadas las 19:00 horas de ayer martes falleci\u00f3 producto de un accidente de tr\u00e1nsito, el Segundo Comandante de Bomberos de Catemu, Jos\u00e9 Abelardo Su\u00e1rez Su\u00e1rez, de 55 a\u00f1os de edad, quien impact\u00f3&#8230;<\/p>\n","protected":false},"author":482,"featured_media":49770,"comment_status":"open","ping_status":"closed","sticky":false,"template":"","format":"standard","meta":{"advanced_seo_description":"","jetpack_seo_html_title":"","jetpack_seo_noindex":false,"_jetpack_memberships_contains_paid_content":false,"footnotes":""},"categories":[21],"tags":[],"class_list":["post-49769","post","type-post","status-publish","format-standard","has-post-thumbnail","hentry","category-policial"],"jetpack_featured_media_url":"https:\/\/i0.wp.com\/eltrabajo.cl\/portal\/wp-content\/uploads\/2014\/08\/Abelardo-Suarez.jpg?fit=530%2C530&ssl=1","jetpack_sharing_enabled":true,"jetpack_likes_enabled":true,"jetpack-related-posts":[],"_links":{"self":[{"href":"https:\/\/eltrabajo.cl\/portal\/wp-json\/wp\/v2\/posts\/49769","targetHints":{"allow":["GET"]}}],"collection":[{"href":"https:\/\/eltrabajo.cl\/portal\/wp-json\/wp\/v2\/posts"}],"about":[{"href":"https:\/\/eltrabajo.cl\/portal\/wp-json\/wp\/v2\/types\/post"}],"author":[{"embeddable":true,"href":"https:\/\/eltrabajo.cl\/portal\/wp-json\/wp\/v2\/users\/482"}],"replies":[{"embeddable":true,"href":"https:\/\/eltrabajo.cl\/portal\/wp-json\/wp\/v2\/comments?post=49769"}],"version-history":[{"count":0,"href":"https:\/\/eltrabajo.cl\/portal\/wp-json\/wp\/v2\/posts\/49769\/revisions"}],"wp:featuredmedia":[{"embeddable":true,"href":"https:\/\/eltrabajo.cl\/portal\/wp-json\/wp\/v2\/media\/49770"}],"wp:attachment":[{"href":"https:\/\/eltrabajo.cl\/portal\/wp-json\/wp\/v2\/media?parent=49769"}],"wp:term":[{"taxonomy":"category","embeddable":true,"href":"https:\/\/eltrabajo.cl\/portal\/wp-json\/wp\/v2\/categories?post=49769"},{"taxonomy":"post_tag","embeddable":true,"href":"https:\/\/eltrabajo.cl\/portal\/wp-json\/wp\/v2\/tags?post=49769"}],"curies":[{"name":"wp","href":"https:\/\/api.w.org\/{rel}","templated":true}]}}